{"id":149594,"date":"2025-06-03T18:45:11","date_gmt":"2025-06-03T18:45:11","guid":{"rendered":"https:\/\/www.europesays.com\/fr\/149594\/"},"modified":"2025-06-03T18:45:11","modified_gmt":"2025-06-03T18:45:11","slug":"metropole-de-lyon-tentative-dagression-a-larme-blanche-dans-le-tramway-le-suspect-hospitalise","status":"publish","type":"post","link":"https:\/\/www.europesays.com\/fr\/149594\/","title":{"rendered":"M\u00e9tropole de Lyon. Tentative d\u2019agression \u00e0 l\u2019arme blanche dans le tramway\u00a0: le suspect hospitalis\u00e9"},"content":{"rendered":"<p>La garde \u00e0 vue de l\u2019homme de 49 ans, qui a menac\u00e9 plusieurs usagers dans un tramway avec une arme blanche, lundi matin, \u00e0 Bron (Est lyonnais), a \u00e9t\u00e9 lev\u00e9e mardi soir. Un psychiatre a jug\u00e9 son \u00e9tat de sant\u00e9 incompatible avec cette mesure privative de libert\u00e9. Il devait \u00eatre hospitalis\u00e9 dans la foul\u00e9e.<\/p>\n<p>Les faits s\u2019\u00e9taient produits peu avant 9 heures, lundi, \u00e0 hauteur de la station du T2 Boutasse\/Camille-Rousset. Le suspect avait \u00e9t\u00e9 ma\u00eetris\u00e9 par deux citoyens courageux avant l\u2019intervention de policiers de la brigade anticriminalit\u00e9. <a href=\"https:\/\/www.leprogres.fr\/faits-divers-justice\/2025\/06\/02\/t2-coupe-ce-lundi-matin-a-bron-un-homme-aurait-tente-de-poignarder-une-femme\" target=\"_blank\" rel=\"nofollow noopener\">Aucun bless\u00e9 n\u2019est \u00e0 d\u00e9plorer<\/a> mais plusieurs t\u00e9moins ont \u00e9t\u00e9 choqu\u00e9s.<\/p>\n<p>  \u00ab\u00a0Je vais vous tuer\u00a0\u00bb<\/p>\n<p>L\u2019homme d\u2019environ 1m80, au gabarit imposant, avait tenu des propos incoh\u00e9rents en rentrant dans la rame, en sueurs, se pensant d\u2019abord poursuivi avant de menacer de faire usage d\u2019un long couteau qu\u2019il avait sorti. Il aurait notamment chuchot\u00e9\u00a0: \u00ab\u00a0Je vais vous tuer.\u00a0\u00bb<\/p>\n<p>Deux femmes, une trentenaire et une quinquag\u00e9naire, \u00e0 proximit\u00e9 du suspect, s\u2019\u00e9taient senties particuli\u00e8rement menac\u00e9es. Interpell\u00e9 pour violence dans un acc\u00e8s \u00e0 un moyen de transport collectif, menace de mort et port d\u2019une arme blanche, le mis en cause pourrait \u00eatre en proie \u00e0 une psychose. Il suivait a priori un traitement et \u00e9tait sous curatelle. Il \u00e9tait inconnu des services de renseignement. <a href=\"https:\/\/www.leprogres.fr\/faits-divers-justice\/2025\/06\/03\/tentative-d-agression-a-l-arme-blanche-dans-le-tramway-le-suspect-place-en-garde-a-vue\" target=\"_blank\" rel=\"nofollow noopener\">L\u2019enqu\u00eate de la police<\/a> est boucl\u00e9e. Reste \u00e0 d\u00e9terminer si l\u2019individu est p\u00e9nalement responsable des infractions ou si son discernement \u00e9tait aboli lors de son passage \u00e0 l\u2019acte\u00a0?<\/p>\n","protected":false},"excerpt":{"rendered":"La garde \u00e0 vue de l\u2019homme de 49 ans, qui a menac\u00e9 plusieurs usagers dans un tramway avec&hellip;\n","protected":false},"author":2,"featured_media":149595,"comment_status":"","ping_status":"","sticky":false,"template":"","format":"standard","meta":{"footnotes":""},"categories":[1889],"tags":[1111,11,2430,9492,12890,271,272,3152,1777,674,274,1011,27,2428,12,25,2429],"class_list":{"0":"post-149594","1":"post","2":"type-post","3":"status-publish","4":"format-standard","5":"has-post-thumbnail","7":"category-lyon","8":"tag-actu","9":"tag-actualites","10":"tag-auvergne-rhone-alpes","11":"tag-bron","12":"tag-bron-ville","13":"tag-crime","14":"tag-delit-et-contravention","15":"tag-edition-est-lyonnais","16":"tag-eu","17":"tag-europe","18":"tag-faits-divers-justice","19":"tag-fr","20":"tag-france","21":"tag-lyon","22":"tag-news","23":"tag-republique-francaise","24":"tag-rhone"},"share_on_mastodon":{"url":"https:\/\/pubeurope.com\/@fr\/114620918879684718","error":""},"_links":{"self":[{"href":"https:\/\/www.europesays.com\/fr\/wp-json\/wp\/v2\/posts\/149594","targetHints":{"allow":["GET"]}}],"collection":[{"href":"https:\/\/www.europesays.com\/fr\/wp-json\/wp\/v2\/posts"}],"about":[{"href":"https:\/\/www.europesays.com\/fr\/wp-json\/wp\/v2\/types\/post"}],"author":[{"embeddable":true,"href":"https:\/\/www.europesays.com\/fr\/wp-json\/wp\/v2\/users\/2"}],"replies":[{"embeddable":true,"href":"https:\/\/www.europesays.com\/fr\/wp-json\/wp\/v2\/comments?post=149594"}],"version-history":[{"count":0,"href":"https:\/\/www.europesays.com\/fr\/wp-json\/wp\/v2\/posts\/149594\/revisions"}],"wp:featuredmedia":[{"embeddable":true,"href":"https:\/\/www.europesays.com\/fr\/wp-json\/wp\/v2\/media\/149595"}],"wp:attachment":[{"href":"https:\/\/www.europesays.com\/fr\/wp-json\/wp\/v2\/media?parent=149594"}],"wp:term":[{"taxonomy":"category","embeddable":true,"href":"https:\/\/www.europesays.com\/fr\/wp-json\/wp\/v2\/categories?post=149594"},{"taxonomy":"post_tag","embeddable":true,"href":"https:\/\/www.europesays.com\/fr\/wp-json\/wp\/v2\/tags?post=149594"}],"curies":[{"name":"wp","href":"https:\/\/api.w.org\/{rel}","templated":true}]}}