{"id":149598,"date":"2025-06-03T18:47:10","date_gmt":"2025-06-03T18:47:10","guid":{"rendered":"https:\/\/www.europesays.com\/fr\/149598\/"},"modified":"2025-06-03T18:47:10","modified_gmt":"2025-06-03T18:47:10","slug":"les-troubles-alimentaires-passes-a-la-loupe-en-ile-de-france","status":"publish","type":"post","link":"https:\/\/www.europesays.com\/fr\/149598\/","title":{"rendered":"Les troubles alimentaires pass\u00e9s \u00e0 la loupe en \u00cele-de-France"},"content":{"rendered":"\n<p style=\"margin-bottom: 0cm;\">Jusqu&rsquo;\u00e0 dimanche se tient dans la r\u00e9gion la semaine mondiale de sensibilisation aux troubles des conduites alimentaires. Le th\u00e8me retenu cette ann\u00e9e est : \u00ab Quand les TCA s\u2019immiscent dans la famille \u00bb. En effet, ces maladies impactent une personne et ses proches, particuli\u00e8rement lors de repas partag\u00e9s. On trouve parmi ces pathologies l&rsquo;anorexie mentale, ou encore la boulimie nerveuse. Sur le territoire, l&rsquo;Agence r\u00e9gionale de sant\u00e9 veut d\u00e9tecter les troubles plus vite, et y r\u00e9pondre plus efficacement. Retrouvez plus d&rsquo;infos sur <a href=\"https:\/\/www.iledefrance.ars.sante.fr\/semaine-mondiale-de-sensibilisation-aux-troubles-des-conduites-alimentaires-2-juin-2025\" target=\"_blank\" rel=\"noopener\">www.iledefrance.ars.sante.fr<\/a>.<\/p>\n<p lang=\"fr-FR\" style=\"margin-bottom: 0cm;\">\u00a0<\/p>\n<p lang=\"fr-FR\" style=\"margin-bottom: 0cm;\">Nicolas Chacun<\/p>\n<p>!function(f,b,e,v,n,t,s){if(f.fbq)return;n=f.fbq=function(){n.callMethod?<br \/>\nn.callMethod.apply(n,arguments):n.queue.push(arguments)};if(!f._fbq)f._fbq=n;<br \/>\nn.push=n;n.loaded=!0;n.version=&rsquo;2.0&prime;;n.queue=[];t=b.createElement(e);t.async=!0;<br \/>\nt.src=v;s=b.getElementsByTagName(e)[0];s.parentNode.insertBefore(t,s)}(window,<br \/>\ndocument,&rsquo;script&rsquo;,&rsquo;https:\/\/connect.facebook.net\/en_US\/fbevents.js&rsquo;);<br \/>\nfbq(&lsquo;init&rsquo;, &lsquo;278974969201861&rsquo;); \/\/ Insert your pixel ID here.<br \/>\nfbq(&lsquo;track&rsquo;, &lsquo;PageView&rsquo;);<\/p>\n","protected":false},"excerpt":{"rendered":"Jusqu&rsquo;\u00e0 dimanche se tient dans la r\u00e9gion la semaine mondiale de sensibilisation aux troubles des conduites alimentaires. Le&hellip;\n","protected":false},"author":2,"featured_media":149599,"comment_status":"","ping_status":"","sticky":false,"template":"","format":"standard","meta":{"footnotes":""},"categories":[1592],"tags":[1111,11,1933,1936,1777,1939,674,1011,27,662,1934,12,1940,626,1935,25,1937,1941,1938],"class_list":{"0":"post-149598","1":"post","2":"type-post","3":"status-publish","4":"format-standard","5":"has-post-thumbnail","7":"category-ile-de-france","8":"tag-actu","9":"tag-actualites","10":"tag-actualites-locales","11":"tag-essonne","12":"tag-eu","13":"tag-eure-et-loir","14":"tag-europe","15":"tag-fr","16":"tag-france","17":"tag-ile-de-france","18":"tag-infos-locales","19":"tag-news","20":"tag-oise","21":"tag-paris","22":"tag-pres-de-chez-vous","23":"tag-republique-francaise","24":"tag-seine-et-marne","25":"tag-somme","26":"tag-yvelines"},"share_on_mastodon":{"url":"https:\/\/pubeurope.com\/@fr\/114620926837544040","error":""},"_links":{"self":[{"href":"https:\/\/www.europesays.com\/fr\/wp-json\/wp\/v2\/posts\/149598","targetHints":{"allow":["GET"]}}],"collection":[{"href":"https:\/\/www.europesays.com\/fr\/wp-json\/wp\/v2\/posts"}],"about":[{"href":"https:\/\/www.europesays.com\/fr\/wp-json\/wp\/v2\/types\/post"}],"author":[{"embeddable":true,"href":"https:\/\/www.europesays.com\/fr\/wp-json\/wp\/v2\/users\/2"}],"replies":[{"embeddable":true,"href":"https:\/\/www.europesays.com\/fr\/wp-json\/wp\/v2\/comments?post=149598"}],"version-history":[{"count":0,"href":"https:\/\/www.europesays.com\/fr\/wp-json\/wp\/v2\/posts\/149598\/revisions"}],"wp:featuredmedia":[{"embeddable":true,"href":"https:\/\/www.europesays.com\/fr\/wp-json\/wp\/v2\/media\/149599"}],"wp:attachment":[{"href":"https:\/\/www.europesays.com\/fr\/wp-json\/wp\/v2\/media?parent=149598"}],"wp:term":[{"taxonomy":"category","embeddable":true,"href":"https:\/\/www.europesays.com\/fr\/wp-json\/wp\/v2\/categories?post=149598"},{"taxonomy":"post_tag","embeddable":true,"href":"https:\/\/www.europesays.com\/fr\/wp-json\/wp\/v2\/tags?post=149598"}],"curies":[{"name":"wp","href":"https:\/\/api.w.org\/{rel}","templated":true}]}}