{"id":149614,"date":"2025-06-03T18:55:13","date_gmt":"2025-06-03T18:55:13","guid":{"rendered":"https:\/\/www.europesays.com\/fr\/149614\/"},"modified":"2025-06-03T18:55:13","modified_gmt":"2025-06-03T18:55:13","slug":"la-suspension-des-demandes-de-visas-etudiants-un-repli-nationaliste-dun-autre-age","status":"publish","type":"post","link":"https:\/\/www.europesays.com\/fr\/149614\/","title":{"rendered":"La suspension des demandes de visas \u00e9tudiants, \u201cun repli nationaliste d\u2019un autre \u00e2ge\u201d"},"content":{"rendered":"\n<p>Il fut un temps, pas tr\u00e8s lointain, o\u00f9 la Grande Am\u00e9rique, flambeau de la libert\u00e9 et creuset des intelligences du monde, ouvrait grandement ses portes aux esprits les plus brillants de la plan\u00e8te. Mais depuis le retour de Donald Trump au pouvoir, c\u2019est un tamis qui est en passe d\u2019\u00eatre dress\u00e9 devant les portes des universit\u00e9s, non pas pour s\u00e9lectionner les \u00e9tudiants, notamment \u00e9trangers, sur la base du m\u00e9rite ou de l\u2019excellence acad\u00e9mique, mais plut\u00f4t sur leur all\u00e9geance suppos\u00e9e \u00e0 la ligne politique d\u2019un pr\u00e9sident qui pr\u00e9tend vouloir emp\u00eacher l\u2019entr\u00e9e d\u2019individus hostiles et potentiellement dangereux aux \u00c9tats-Unis.<\/p>\n<p><a href=\"https:\/\/www.courrierinternational.com\/article\/etats-unis-washington-suspend-les-demandes-de-visas-pour-les-etudiants-etrangers_231363\" target=\"_blank\" rel=\"noopener\">En ordonnant aux ambassades et aux consulats am\u00e9ricains de suspendre sans pr\u00e9avis la prise de rendez-vous pour les visas d\u2019\u00e9tudiants \u00e9trangers<\/a>, le temps d\u2019examiner \u00e0 la loupe les opinions exprim\u00e9es par ces derniers sur les r\u00e9seaux sociaux, l\u2019administration Trump trahit un repli nationaliste d\u2019un autre \u00e2ge, qui pourrait saborder l\u2019attractivit\u00e9 des universit\u00e9s am\u00e9ricaines qui doivent une part non n\u00e9gligeable de leur rayonnement \u00e0 la diversit\u00e9 de leurs \u00e9tudiants.<\/p>\n<p>Le pr\u00e9sident am\u00e9ricain sait sans doute que la criminalit\u00e9 ne se niche pas toujours dans les facult\u00e9s, et les \u00e9tudiants \u00e9trangers, et africains notamment, ne rejoignent pas les universit\u00e9s am\u00e9ricaines avec des armes, mais avec des r\u00eaves.<\/p>\n<p>En tout \u00e9tat de cause, cette d\u00e9cision sent le soufre de la discrimination, de l\u2019isolationnisme et de l\u2019autoritarisme, et l\u2019on se demande comment on en est arriv\u00e9 l\u00e0, dans ce pays qui se targue d\u2019\u00eatre le phare de la libert\u00e9 d\u2019expression et d\u2019opinion. C\u2019est bien de jouer les gardiens de la s\u00e9curit\u00e9 nationale et de la puret\u00e9 id\u00e9ologique, mais agiter la peur de l\u2019\u00e9tranger ou d\u00e9signer les jeunes d\u2019Afrique et d\u2019autres continents comme boucs \u00e9missaires, \u00e9quivaudrait, dans le cas d\u2019esp\u00e8ce, \u00e0 apporter un rem\u00e8de fictif \u00e0 un mal imaginaire.<\/p>\n<p>               Du \u201ctrumpisme\u201d \u00e0 l\u2019\u00e9tat pur       <\/p>\n<p>Si Donald Trump cherche v\u00e9ritablement \u00e0 conjurer le fl\u00e9au de la criminalit\u00e9 end\u00e9mique dans son pays, ce n\u2019est pas en fermant les vannes de l\u2019intelligence, sur fond de stigmatisation cibl\u00e9e, qu\u2019il y arrivera, mais plut\u00f4t en s\u2019attaquant aux vraies causes de l\u2019ins\u00e9curit\u00e9 que sont la prolif\u00e9ration des armes \u00e0 feu, les in\u00e9galit\u00e9s et les fractures sociales inacceptables dans un pays qui a donn\u00e9 Martin Luther King au monde et qui est consid\u00e9r\u00e9, \u00e0 tort ou \u00e0 raison, comme le sanctuaire des droits humains.<\/p>\n<p>\u00c0 vrai dire, cette mesure de filtrage algorithmique des \u00e9tudiants \u00e9trangers sur la base de leur activit\u00e9 num\u00e9rique n\u2019est ni plus ni moins qu\u2019un moyen pernicieux de ciblage et de traque contre ceux qui critiquent vertement la politique de Trump et de son alli\u00e9 isra\u00e9lien qui bombarde, \u00e0 l\u2019aveuglette, la bande de Gaza depuis bient\u00f4t deux ans, et contre ceux qui sont soup\u00e7onn\u00e9s d\u2019avoir des accointances avec l\u2019ennemi chinois.<\/p>\n<p>Le plus navrant dans l\u2019affaire, c\u2019est qu\u2019on pourrait emp\u00eacher un \u00e9tudiant africain d\u2019assouvir son r\u00eave de s\u2019inscrire dans l\u2019une de ces prestigieuses universit\u00e9s am\u00e9ricaines \u00e0 cause d\u2019un simple like ou d\u2019un tweet militant publi\u00e9 sur son compte Instagram ou TikTok, alors que, dans le m\u00eame temps, on fermera les yeux sur les appels \u00e0 la violence contre les Noirs \u00e9manant des supr\u00e9macistes blancs, diffus\u00e9s sur les m\u00eames plateformes.<\/p>\n<p>Comment peut-on qualifier ce deux poids, deux mesures, si ce n\u2019est du \u201ctrumpisme\u201d \u00e0 l\u2019\u00e9tat pur, comme dirait un \u00e9tudiant burkinab\u00e8 militant de la gauche\u00a0? Heureusement que de v\u00e9n\u00e9rables institutions comme l\u2019universit\u00e9 Harvard s\u2019en sont \u00e9mues, et ont point\u00e9 du doigt le d\u00e9cret aventuriste suscit\u00e9 par le secr\u00e9taire d\u2019\u00c9tat, Marco Rubio, qui, bien que temporaire, pourrait co\u00fbter \u00e0 l\u2019Am\u00e9rique des milliers d\u2019esprits vifs qui enrichissent depuis des g\u00e9n\u00e9rations le tissu acad\u00e9mique et \u00e9conomique du pays.<\/p>\n<p>Et comme derri\u00e8re cette punition collective en passe d\u2019\u00eatre inflig\u00e9e \u00e0 des cohortes d\u2019\u00e9tudiants au nom de leur nationalit\u00e9 ou de leurs opinions il y a la Chine, cette derni\u00e8re a tout de suite tourn\u00e9 la man\u0153uvre \u00e0 son avantage en appelant les cerveaux qui seront recal\u00e9s \u00e0 venir en colonnes couvr\u00e9es chez elle, o\u00f9 les portes des universit\u00e9s de Shanghai et de P\u00e9kin leur seront ouvertes. On esp\u00e8re que l\u2019administration am\u00e9ricaine ne va pas s\u2019autoflageller ou se tirer une balle dans le pied en se privant des talents du monde et qu\u2019elle mettra rapidement fin \u00e0 cette politique de l\u2019\u00e9motion et \u00e0 ce populisme de la peur, pour ne pas dire \u00e0 ce fantasme de s\u00e9curit\u00e9, en levant purement et simplement cette mesure inique et contreproductive.<\/p>\n","protected":false},"excerpt":{"rendered":"Il fut un temps, pas tr\u00e8s lointain, o\u00f9 la Grande Am\u00e9rique, flambeau de la libert\u00e9 et creuset des&hellip;\n","protected":false},"author":2,"featured_media":149615,"comment_status":"","ping_status":"","sticky":false,"template":"","format":"standard","meta":{"footnotes":""},"categories":[1589],"tags":[11,879,3822,75,73,1866,1892,27898,12,770,6277,1864,1865,6871,1863,308],"class_list":{"0":"post-149614","1":"post","2":"type-post","3":"status-publish","4":"format-standard","5":"has-post-thumbnail","7":"category-etats-unis","8":"tag-actualites","9":"tag-afrique","10":"tag-amu00e9riques","11":"tag-donald-trump","12":"tag-etats-unis","13":"tag-etats-unis-damerique","14":"tag-gu00e9opolitique","15":"tag-nationalisme","16":"tag-news","17":"tag-u00e9tats-unis","18":"tag-u00e9tudiants-internationaux","19":"tag-united-states","20":"tag-united-states-of-america","21":"tag-universitu00e9s","22":"tag-us","23":"tag-usa"},"share_on_mastodon":{"url":"https:\/\/pubeurope.com\/@fr\/114620958250141919","error":""},"_links":{"self":[{"href":"https:\/\/www.europesays.com\/fr\/wp-json\/wp\/v2\/posts\/149614","targetHints":{"allow":["GET"]}}],"collection":[{"href":"https:\/\/www.europesays.com\/fr\/wp-json\/wp\/v2\/posts"}],"about":[{"href":"https:\/\/www.europesays.com\/fr\/wp-json\/wp\/v2\/types\/post"}],"author":[{"embeddable":true,"href":"https:\/\/www.europesays.com\/fr\/wp-json\/wp\/v2\/users\/2"}],"replies":[{"embeddable":true,"href":"https:\/\/www.europesays.com\/fr\/wp-json\/wp\/v2\/comments?post=149614"}],"version-history":[{"count":0,"href":"https:\/\/www.europesays.com\/fr\/wp-json\/wp\/v2\/posts\/149614\/revisions"}],"wp:featuredmedia":[{"embeddable":true,"href":"https:\/\/www.europesays.com\/fr\/wp-json\/wp\/v2\/media\/149615"}],"wp:attachment":[{"href":"https:\/\/www.europesays.com\/fr\/wp-json\/wp\/v2\/media?parent=149614"}],"wp:term":[{"taxonomy":"category","embeddable":true,"href":"https:\/\/www.europesays.com\/fr\/wp-json\/wp\/v2\/categories?post=149614"},{"taxonomy":"post_tag","embeddable":true,"href":"https:\/\/www.europesays.com\/fr\/wp-json\/wp\/v2\/tags?post=149614"}],"curies":[{"name":"wp","href":"https:\/\/api.w.org\/{rel}","templated":true}]}}