{"id":149632,"date":"2025-06-03T19:05:13","date_gmt":"2025-06-03T19:05:13","guid":{"rendered":"https:\/\/www.europesays.com\/fr\/149632\/"},"modified":"2025-06-03T19:05:13","modified_gmt":"2025-06-03T19:05:13","slug":"moins-grave-que-prevu-pour-alldritt","status":"publish","type":"post","link":"https:\/\/www.europesays.com\/fr\/149632\/","title":{"rendered":"Moins grave que pr\u00e9vu pour Alldritt\u00a0?"},"content":{"rendered":"<p>Les supporters rochelais ont retenu leur souffle lorsque Gr\u00e9gory Alldritt, <strong>sortait grima\u00e7ant apr\u00e8s moins d\u2019un quart de jeu,<\/strong> lors de la victoire contre Perpignan. Le troisi\u00e8me ligne centre <strong>semblait souffrir de la cheville<\/strong> et forc\u00e9ment l\u2019inqui\u00e9tude a gagn\u00e9 les rangs maritimes. Cette blessure signifiait-elle une fin de saison pour le num\u00e9ro 8 casqu\u00e9 alors que les co\u00e9quipiers de Uini Atonio, au prix d\u2019une remont\u00e9e folle, sont en bonne voie pour disputer les phases finales\u00a0?<\/p>\n<p>R\u00e9mi Tal\u00e8s \u00e0 la sortie du match, ne cachait pas son inqui\u00e9tude.<\/p>\n<p>Alldritt forfait face \u00e0 Pau<\/p>\n<p><strong>Il se pourrait finalement que cela ne soit pas aussi grave que pr\u00e9vu<\/strong>. Selon les informations de L\u2019\u00c9quipe, l\u2019international fran\u00e7ais (28 ans, 56 s\u00e9lections) <strong>est d\u2019ores et d\u00e9j\u00e0 forfait pour le d\u00e9placement \u00e0 Pau samedi<\/strong>, en cl\u00f4ture de la phase r\u00e9guli\u00e8re (21h05). En revanche, <strong>il devrait \u00eatre de retour pour des \u00e9ventuelles phases finales<\/strong>.<\/p>\n<p>Plus de peur que de mal donc pour Alldritt et des Rochelais qui auront plus que jamais besoin de leur fer de lance.<\/p>\n<p>Biberonn\u00e9 au rugby, tomb\u00e9 malade de ce sport lors de la Coupe du Monde 2003, alors que je savais \u00e0 peine marcher, je suis le seul sudiste ayant reni\u00e9 le Stade Toulousain pour l\u2019autre Stade\u2026 Fran\u00e7ais. Condamn\u00e9 \u00e0 souffrir avec mon club de c\u0153ur, j\u2019esp\u00e8re vous transmettre mon amour pour la balle ovale \u00e0 travers XV Ovalie !<\/p>\n","protected":false},"excerpt":{"rendered":"Les supporters rochelais ont retenu leur souffle lorsque Gr\u00e9gory Alldritt, sortait grima\u00e7ant apr\u00e8s moins d\u2019un quart de jeu,&hellip;\n","protected":false},"author":2,"featured_media":149633,"comment_status":"","ping_status":"","sticky":false,"template":"","format":"standard","meta":{"footnotes":""},"categories":[1416],"tags":[1011,27,27899,479,1468,60,6365,478],"class_list":{"0":"post-149632","1":"post","2":"type-post","3":"status-publish","4":"format-standard","5":"has-post-thumbnail","7":"category-rugby","8":"tag-fr","9":"tag-france","10":"tag-gru00e9gory-alldritt","11":"tag-rugby","12":"tag-rugby-football","13":"tag-sports","14":"tag-stade-rochelais","15":"tag-top-14"},"share_on_mastodon":{"url":"https:\/\/pubeurope.com\/@fr\/114620997839707272","error":""},"_links":{"self":[{"href":"https:\/\/www.europesays.com\/fr\/wp-json\/wp\/v2\/posts\/149632","targetHints":{"allow":["GET"]}}],"collection":[{"href":"https:\/\/www.europesays.com\/fr\/wp-json\/wp\/v2\/posts"}],"about":[{"href":"https:\/\/www.europesays.com\/fr\/wp-json\/wp\/v2\/types\/post"}],"author":[{"embeddable":true,"href":"https:\/\/www.europesays.com\/fr\/wp-json\/wp\/v2\/users\/2"}],"replies":[{"embeddable":true,"href":"https:\/\/www.europesays.com\/fr\/wp-json\/wp\/v2\/comments?post=149632"}],"version-history":[{"count":0,"href":"https:\/\/www.europesays.com\/fr\/wp-json\/wp\/v2\/posts\/149632\/revisions"}],"wp:featuredmedia":[{"embeddable":true,"href":"https:\/\/www.europesays.com\/fr\/wp-json\/wp\/v2\/media\/149633"}],"wp:attachment":[{"href":"https:\/\/www.europesays.com\/fr\/wp-json\/wp\/v2\/media?parent=149632"}],"wp:term":[{"taxonomy":"category","embeddable":true,"href":"https:\/\/www.europesays.com\/fr\/wp-json\/wp\/v2\/categories?post=149632"},{"taxonomy":"post_tag","embeddable":true,"href":"https:\/\/www.europesays.com\/fr\/wp-json\/wp\/v2\/tags?post=149632"}],"curies":[{"name":"wp","href":"https:\/\/api.w.org\/{rel}","templated":true}]}}