{"id":149650,"date":"2025-06-03T19:15:12","date_gmt":"2025-06-03T19:15:12","guid":{"rendered":"https:\/\/www.europesays.com\/fr\/149650\/"},"modified":"2025-06-03T19:15:12","modified_gmt":"2025-06-03T19:15:12","slug":"avant-premiere-les-feux-de-lamour-du-5-juin-2025-episode-9235-tf1","status":"publish","type":"post","link":"https:\/\/www.europesays.com\/fr\/149650\/","title":{"rendered":"Avant-premi\u00e8re &#8211; Les feux de l&#039;amour du 5 juin 2025 &#8211; Episode 9235 &#8211; TF1+"},"content":{"rendered":"<ol>\n<li><a href=\"https:\/\/news.google.com\/rss\/articles\/CBMiwwFBVV95cUxNWWFLRi1rdGJ2cWI0ZnRGTy1JWnNVRC0yNTJXZEJPcng2OVYwNGJoVUgxNjMwSjlrSzdJaG9mZ3Q4LXBJaU9yaEZqZk5ZMW1YTzhRN2ZSUy00Q1Y2ajNTQWlhU2JXNnRrSlpFTEpBVVc4TU1uNFljYlNOM3FNWWFBREdmS1BlUEVmT0Fra0UtZjctdFJpbXg3aXJ6TXR3cGxqMDdiRGFTb2ZlVWJHWGk1R0pqNHh6bS0tWkd0UE9uaktLUGs?oc=5\" target=\"_blank\" rel=\"noopener\">Avant-premi\u00e8re &#8211; Les feux de l&rsquo;amour du 5 juin 2025 &#8211; Episode 9235<\/a>&nbsp;&nbsp;TF1+<\/li>\n<li><a href=\"https:\/\/news.google.com\/rss\/articles\/CBMikgFBVV95cUxQSWxVcDZqaDlERzFoR3FHQzVWd29XdDRQQTdhVElkdy05Yk9DY1VmcDMwcWtvbUdxejNKVDJrYnBKMWxWUDV1bll4dHQwYlczVkdSaW9xZzFTYjE4cGM2S0NSWjc1Z01kTGtOeU9WUVhXTW5wZ2RtU1l1aVdkdXdMaEhXNVgybFZtT2pKTzV2bDZ1QQ?oc=5\" target=\"_blank\" rel=\"noopener\">La Une HD &#8211; Les feux de l&rsquo;amour &#8211; E6840 \u00c9pisode 6840<\/a>&nbsp;&nbsp;Pickx.be<\/li>\n<li><a href=\"https:\/\/news.google.com\/rss\/articles\/CBMiugFBVV95cUxQQVk4N1RucDlmY05GUzM2a0hfcDBhZ24ydnFOdmpiUGx3T01fSzZfb2FxOWpZMFp3TTYtRl9zelRBejRoWGR4MnY1SHFPa3A1YkNBVVU0R2hnbDFjTldNUVpmUHVfUHBtSGJMNlp3Q2didUFaamMwV0hVZUZIbzlSNUlzOW1rTUJ1N1NaQnphRjZTdkdfWWJVbXdKMVF2LVVTUGhwVzRYM1pqc3RfSFBqaldrdkcwZXI5eGc?oc=5\" target=\"_blank\" rel=\"noopener\">Les Feux de l&rsquo;Amour: R\u00e9sum\u00e9 de l&rsquo;\u00e9pisode du 2 juin 2025 (Cbs) | R\u00e9sum\u00e9 et r\u00e9actions<\/a>&nbsp;&nbsp;soap-passion.com<\/li>\n<li><a href=\"https:\/\/news.google.com\/rss\/articles\/CBMivwFBVV95cUxQYkdBTXlRSmxJNVEtaVItTmNwb0pIdUZ0YmpsX2JERWVLaS1GOHNqeGdMMEcxUXphN0l0QWtNTVFMcUh6VEt3bVJ6b29GYl9fbnphSGdsM2xiZ1Z1M0FNa3pibUktYXpGcnV6Q0YwWHJIeGUzZ2c3U09idzlHbzMySTFMaVpzVDVmWTNTcjY4UlY1NDNnTXE4T3EtVkpOaXJjbzVxc2RwRDZoMU5wckdTVldPbmhVZkhBWHRXanlqYw?oc=5\" target=\"_blank\" rel=\"noopener\">Les Feux de l&rsquo;Amour: R\u00e9sum\u00e9 de l&rsquo;\u00e9pisode du 2 juin 2025 (Rtbf)<\/a>&nbsp;&nbsp;soap-passion.com<\/li>\n<li><a href=\"https:\/\/news.google.com\/rss\/articles\/CBMivAFBVV95cUxNUFoyMGlwcFZFVVFkb0kxZElIVGRGYTJ6Nk10T20yaEdkUVp5dGViNXplTHFMQ2NEbW10V09kekdTOHBUMjdGUFRlVS1KVTVCYXp3M1RNYzkwRGVNVmxSWEUwU3RBdVZjY3BONXE2eDkzSDRtRXhjOFpuUDFyX2RUUHVOYVM2ZXhqQS13UDJyaU1NUXk1eFVtNXFLaDc0MDFFSEVvZkxPSVAwTWIxRWhod1R1N0hSUk1PdnhJMg?oc=5\" target=\"_blank\" rel=\"noopener\">Les Feux de l&rsquo;Amour: R\u00e9sum\u00e9 de l&rsquo;\u00e9pisode du 2 juin 2025 (Tva) | R\u00e9sum\u00e9 et r\u00e9actions<\/a>&nbsp;&nbsp;soap-passion.com<\/li>\n<\/ol>\n","protected":false},"excerpt":{"rendered":"Avant-premi\u00e8re &#8211; Les feux de l&rsquo;amour du 5 juin 2025 &#8211; Episode 9235&nbsp;&nbsp;TF1+ La Une HD &#8211; Les&hellip;\n","protected":false},"author":2,"featured_media":149651,"comment_status":"","ping_status":"","sticky":false,"template":"","format":"standard","meta":{"footnotes":""},"categories":[1356],"tags":[58,59,1365,15848,1011,27,15850,15849,15852,252,1364,15853,15851],"class_list":{"0":"post-149650","1":"post","2":"type-post","3":"status-publish","4":"format-standard","5":"has-post-thumbnail","7":"category-television","8":"tag-divertissement","9":"tag-entertainment","10":"tag-episode","11":"tag-episode-les-feux-de-lamour","12":"tag-fr","13":"tag-france","14":"tag-les-feux-de-lamour","15":"tag-les-feux-de-lamour-episode","16":"tag-streaming-les-feux-de-lamour","17":"tag-television","18":"tag-tv","19":"tag-video-en-streaming-les-feux-de-lamour","20":"tag-video-les-feux-de-lamour"},"share_on_mastodon":{"url":"https:\/\/pubeurope.com\/@fr\/114621036895748319","error":""},"_links":{"self":[{"href":"https:\/\/www.europesays.com\/fr\/wp-json\/wp\/v2\/posts\/149650","targetHints":{"allow":["GET"]}}],"collection":[{"href":"https:\/\/www.europesays.com\/fr\/wp-json\/wp\/v2\/posts"}],"about":[{"href":"https:\/\/www.europesays.com\/fr\/wp-json\/wp\/v2\/types\/post"}],"author":[{"embeddable":true,"href":"https:\/\/www.europesays.com\/fr\/wp-json\/wp\/v2\/users\/2"}],"replies":[{"embeddable":true,"href":"https:\/\/www.europesays.com\/fr\/wp-json\/wp\/v2\/comments?post=149650"}],"version-history":[{"count":0,"href":"https:\/\/www.europesays.com\/fr\/wp-json\/wp\/v2\/posts\/149650\/revisions"}],"wp:featuredmedia":[{"embeddable":true,"href":"https:\/\/www.europesays.com\/fr\/wp-json\/wp\/v2\/media\/149651"}],"wp:attachment":[{"href":"https:\/\/www.europesays.com\/fr\/wp-json\/wp\/v2\/media?parent=149650"}],"wp:term":[{"taxonomy":"category","embeddable":true,"href":"https:\/\/www.europesays.com\/fr\/wp-json\/wp\/v2\/categories?post=149650"},{"taxonomy":"post_tag","embeddable":true,"href":"https:\/\/www.europesays.com\/fr\/wp-json\/wp\/v2\/tags?post=149650"}],"curies":[{"name":"wp","href":"https:\/\/api.w.org\/{rel}","templated":true}]}}