{"id":149659,"date":"2025-06-03T19:20:10","date_gmt":"2025-06-03T19:20:10","guid":{"rendered":"https:\/\/www.europesays.com\/fr\/149659\/"},"modified":"2025-06-03T19:20:10","modified_gmt":"2025-06-03T19:20:10","slug":"florent-pagny-et-carla-bruni-des-bruits-de-couloir-circulent-le-chanteur-intervient","status":"publish","type":"post","link":"https:\/\/www.europesays.com\/fr\/149659\/","title":{"rendered":"Florent Pagny et Carla Bruni : des bruits de couloir circulent, le chanteur intervient"},"content":{"rendered":"<p>Les fans de <a href=\"https:\/\/www.telestar.fr\/tele_realite\/the_voice\/the-voice-florent-pagny-mauvais-perdant-je-ne-loublie-pas-cette-defaite-qui-lui-reste-en-travers-1717320\" target=\"_blank\" rel=\"noopener\"><br \/>\nFlorent Pagny<\/a> sont impatients de pouvoir profiter de son<br \/>\n<strong>nouvel album<\/strong>, pr\u00e9vu pour septembre prochain. Ce<br \/>\nqui est certain, c\u2019est que le chanteur de 63 ans est tr\u00e8s discret<br \/>\nsur le sujet. Ce qui augmente encore le suspens autour de cette<br \/>\nlongue attente. Lors d\u2019une interview au magazine Nous<br \/>\nDeux, publi\u00e9e le lundi 2 juin dernier, Florent Pagny a confi\u00e9<br \/>\nque son <strong>18 e album<\/strong> serait enregistr\u00e9 en<br \/>\nstudio.<\/p>\n<p>Quant au titre : \u00ab\u00a0Il s\u2019appellera <strong>Grandeur<br \/>\nNature<\/strong>\u00ab\u00a0, r\u00e9v\u00e8le-t-il. Heureusement, les fans ont d\u00e9j\u00e0<br \/>\nquelque chose \u00e0 se mettre sous la dent avec le titre<br \/>\n<strong>T\u2019aimer encore<\/strong>. Une \u0153uvre que l\u2019artiste<br \/>\ndoit \u00e0 <strong>Vianney<\/strong> qui en est l\u2019auteur-compositeur.<br \/>\nSeulement, \u00e0 part ce chef-d\u2019\u0153uvre, il faudra bel et bien attendre<br \/>\nen septembre pour savoir ce que contient l\u2019album.<\/p>\n<p>Florent Pagny et Carla Bruni : pas de collaboration cette<br \/>\nfois-ci !<\/p>\n<p>De ce qu\u2019il a bien voulu en dire, <strong>Florent Pagny<\/strong><br \/>\naffirme que ce 18eme album sera \u00ab\u00a0plein de messages cools,<br \/>\nhumains\u00a0\u00bb. En plus d\u2019\u00e9voquer <strong>la nature<\/strong>, le<br \/>\nrythme gravitera beaucoup sur les \u00ab\u00a0<strong>chansons pop<br \/>\nrock<\/strong>\u00ab\u00a0. Malgr\u00e9 tout, le chanteur de N\u2019importe<br \/>\nquoi a tenu \u00e0 mettre les choses au clair concernant les<br \/>\nrumeurs d\u2019une possible collaboration entre lui et <strong>Carla<br \/>\nBruni<\/strong>.<\/p>\n<blockquote class=\"instagram-media\" style=\"background: #ffffff;border: 0;margin: 1px;width: 100%;padding: 0;max-width: 500px;\" data-instgrm-permalink=\"https:\/\/www.instagram.com\/p\/CH3d4EJK4mE\/?utm_source=ig_web_copy_link&amp;igsh=MzRlODBiNWFlZA==\" data-instgrm-version=\"14\"\/>\n<p>Derni\u00e8rement, des rumeurs affirmaient que la femme de Nicolas<br \/>\nSarkozy avait \u00e9crit une chanson intitul\u00e9e <strong>Lettre \u00e0 ma<br \/>\nmort<\/strong> au chanteur. Comme le titre, cette chanson<br \/>\nparlerait de <a href=\"https:\/\/www.closermag.fr\/people\/florent-pagny-le-chanteur-est-il-completement-gueri-de-son-cancer-du-poumon-3514144\" target=\"_blank\" rel=\"noopener\"><br \/>\nlutte contre le cancer du poumon<\/a>. \u00ab\u00a0Alors non, \u00e7a n\u2019a<br \/>\n<strong>pas \u00e9t\u00e9 plus loin qu\u2019une proposition<\/strong>\u00ab\u00a0, a<br \/>\nsoulign\u00e9 Florent Pagny \u00e0 nos confr\u00e8res. En plus, il semblerait<br \/>\nqu\u2019il n\u2019y aurait pas non plus de collaboration avec le groupe<br \/>\n<strong>Il Cello<\/strong> dans son album.<\/p>\n<p>Florent Pagny : un possible retour dans<br \/>\nThe Voice ?<\/p>\n<p>Apr\u00e8s plusieurs ann\u00e9es d\u2019absence, <strong>Florent Pagny<\/strong><br \/>\na retrouv\u00e9 son fauteuil dans <a href=\"https:\/\/www.closermag.fr\/people\/florent-pagny-je-ne-supporte-plus-il-a-hate-den-finir-avec-the-voice-pour-une-raison-capitale-3534798\" target=\"_blank\" rel=\"noopener\"><br \/>\nThe Voice 2025<\/a>. Un retour visiblement facile<br \/>\npuisqu&rsquo;<strong>Il Cello<\/strong>, faisant partie de son groupe, a<br \/>\nremport\u00e9 la 14eme saison du concours de chant. Est-ce que cela<br \/>\nmarque son retour dans The Voice ?<\/p>\n<blockquote class=\"instagram-media\" style=\"background: #ffffff;border: 0;margin: 1px;width: 100%;padding: 0;max-width: 500px;\" data-instgrm-permalink=\"https:\/\/www.instagram.com\/reel\/DJWzAhbMbOv\/?utm_source=ig_web_copy_link&amp;igsh=MzRlODBiNWFlZA==\" data-instgrm-version=\"14\"\/>\n<p>Dans les colonnes de <a href=\"https:\/\/www.telestar.fr\/people\/exclu-florent-pagny-present-pour-the-voice-2026-il-faudrait-un-gros-chamboulement-1722833\" target=\"_blank\" rel=\"noopener\"><br \/>\nT\u00e9l\u00e9 Star<\/a>, Florent Pagny avoue qu\u2019il ne serait pas<br \/>\ncontre l\u2019id\u00e9e. Seulement, son retour ne sera pas aussi simple.<br \/>\n\u00ab\u00a0\u00c7a pourrait \u00eatre possible, mais il faudrait<br \/>\n<strong>un gros chamboulement de planning<\/strong> et<br \/>\nce n\u2019est pas s\u00fbr que la cha\u00eene puisse\u00a0\u00bb, avait-il confi\u00e9.<br \/>\nD\u2019ailleurs, la star a avou\u00e9 \u00ab\u00a0en octobre et novembre prochains,<br \/>\nje ne serai pas l\u00e0\u00a0\u00bb.<\/p>\n<p><script async src=\"\/\/www.instagram.com\/embed.js\"><\/script><\/p>\n","protected":false},"excerpt":{"rendered":"Les fans de Florent Pagny sont impatients de pouvoir profiter de son nouvel album, pr\u00e9vu pour septembre prochain.&hellip;\n","protected":false},"author":2,"featured_media":149660,"comment_status":"","ping_status":"","sticky":false,"template":"","format":"standard","meta":{"footnotes":""},"categories":[8],"tags":[548,58,59,3109,1011,27],"class_list":{"0":"post-149659","1":"post","2":"type-post","3":"status-publish","4":"format-standard","5":"has-post-thumbnail","7":"category-divertissement","8":"tag-article-simple","9":"tag-divertissement","10":"tag-entertainment","11":"tag-florent-pagny","12":"tag-fr","13":"tag-france"},"share_on_mastodon":{"url":"https:\/\/pubeurope.com\/@fr\/114621056580372991","error":""},"_links":{"self":[{"href":"https:\/\/www.europesays.com\/fr\/wp-json\/wp\/v2\/posts\/149659","targetHints":{"allow":["GET"]}}],"collection":[{"href":"https:\/\/www.europesays.com\/fr\/wp-json\/wp\/v2\/posts"}],"about":[{"href":"https:\/\/www.europesays.com\/fr\/wp-json\/wp\/v2\/types\/post"}],"author":[{"embeddable":true,"href":"https:\/\/www.europesays.com\/fr\/wp-json\/wp\/v2\/users\/2"}],"replies":[{"embeddable":true,"href":"https:\/\/www.europesays.com\/fr\/wp-json\/wp\/v2\/comments?post=149659"}],"version-history":[{"count":0,"href":"https:\/\/www.europesays.com\/fr\/wp-json\/wp\/v2\/posts\/149659\/revisions"}],"wp:featuredmedia":[{"embeddable":true,"href":"https:\/\/www.europesays.com\/fr\/wp-json\/wp\/v2\/media\/149660"}],"wp:attachment":[{"href":"https:\/\/www.europesays.com\/fr\/wp-json\/wp\/v2\/media?parent=149659"}],"wp:term":[{"taxonomy":"category","embeddable":true,"href":"https:\/\/www.europesays.com\/fr\/wp-json\/wp\/v2\/categories?post=149659"},{"taxonomy":"post_tag","embeddable":true,"href":"https:\/\/www.europesays.com\/fr\/wp-json\/wp\/v2\/tags?post=149659"}],"curies":[{"name":"wp","href":"https:\/\/api.w.org\/{rel}","templated":true}]}}