{"id":149665,"date":"2025-06-03T19:23:13","date_gmt":"2025-06-03T19:23:13","guid":{"rendered":"https:\/\/www.europesays.com\/fr\/149665\/"},"modified":"2025-06-03T19:23:13","modified_gmt":"2025-06-03T19:23:13","slug":"dans-la-bande-de-gaza-la-distribution-humanitaire-vire-encore-au-bain-de-sang","status":"publish","type":"post","link":"https:\/\/www.europesays.com\/fr\/149665\/","title":{"rendered":"dans la bande de Gaza, la distribution humanitaire vire encore au bain de sang"},"content":{"rendered":"<p><strong>R\u00c9CIT<\/strong> &#8211; Une trentaine de morts, une centaine de bless\u00e9s ce matin \u00e0 proximit\u00e9 d\u2019un site de distribution encadr\u00e9 par l\u2019arm\u00e9e isra\u00e9lienne, qui a reconnu avoir tir\u00e9 sur \u00ab\u00a0des individus suspects\u00a0\u00bb\u2026<\/p>\n<p class=\"fig-paragraph\">Une fois de plus, la distribution a vir\u00e9 au bain de sang. Mardi matin, d\u2019apr\u00e8s la Croix-Rouge, 27\u00a0personnes ont \u00e9t\u00e9 tu\u00e9es, 184 ont \u00e9t\u00e9 bless\u00e9es alors qu\u2019elles s\u2019approchaient du rond-point d\u2019al-Alam, \u00e0 l\u2019ouest de la ville de\u00a0<a href=\"http:\/\/www.lefigaro.fr\/international\/gaza-israel-annonce-avoir-pris-le-controle-d-un-axe-cle-entre-les-villes-de-rafah-et-de-khan-younes-20250412\" target=\"_blank\" data-fig-type=\"NewsFlash\" rel=\"noopener nofollow\" data-gtm-custom-categorie=\"navigation\" data-gtm-custom-action=\"crossclick\" data-gtm-custom-label=\"Contextuel\" data-gtm-event=\"customEventSPE\" data-fig-domain=\"LEFIGARO\">Rafah<\/a>, dans le sud de la bande de\u00a0<a href=\"http:\/\/www.lefigaro.fr\/international\/gaza-au-moins-15-personnes-tuees-dans-le-sud-selon-la-defense-civile-20250603\" target=\"_blank\" data-fig-type=\"NewsFlash\" rel=\"noopener nofollow\" data-gtm-custom-categorie=\"navigation\" data-gtm-custom-action=\"crossclick\" data-gtm-custom-label=\"Contextuel\" data-gtm-event=\"customEventSPE\" data-fig-domain=\"LEFIGARO\">Gaza<\/a>. Elles se dirigeaient vers l\u2019un des quatre \u00ab\u00a0sites de distribution s\u00e9curis\u00e9s\u00a0\u00bb ouverts depuis une semaine par la Gaza Humanitarian Foundation, une ONG cr\u00e9\u00e9e de toutes pi\u00e8ces, avec le soutien des \u00c9tats-Unis et d\u2019<a href=\"http:\/\/www.lefigaro.fr\/international\/dossier\/attaque-du-hamas-contre-israel-le-point-sur-la-situation\" target=\"_blank\" data-fig-type=\"Topic\" rel=\"noopener nofollow\" data-gtm-custom-categorie=\"navigation\" data-gtm-custom-action=\"crossclick\" data-gtm-custom-label=\"Contextuel\" data-gtm-event=\"customEventSPE\" data-fig-domain=\"LEFIGARO\">Isra\u00ebl<\/a>. Cette fois, l\u2019arm\u00e9e isra\u00e9lienne a reconnu avoir tir\u00e9 sur la foule.<\/p>\n<p class=\"fig-paragraph\">Dans un communiqu\u00e9 publi\u00e9 mardi matin, elle explique que ses soldats ont \u00ab\u00a0identifi\u00e9 plusieurs suspects se dirigeant vers eux, en s\u2019\u00e9cartant des voies d\u2019acc\u00e8s d\u00e9sign\u00e9es\u00a0\u00bb pour atteindre le centre de distribution. \u00ab\u00a0Les troupes ont fait des tirs de sommation. Les suspects ne reculant pas, des tirs suppl\u00e9mentaires ont \u00e9t\u00e9 dirig\u00e9s vers quelques individus suspects.\u00a0\u00bb Les faits se sont d\u00e9roul\u00e9s, \u00e0 environ 500\u00a0m\u00e8tres du point de distribution\u2026<\/p>\n<p class=\"fig-premium-paywall__infos\">\n        Cet article est r\u00e9serv\u00e9 aux abonn\u00e9s.        Il vous reste 83% \u00e0 d\u00e9couvrir.\n    <\/p>\n<p>                <img  data- alt=\"Le Figaro\" class=\"fig-img--complete fig-img\"\/><\/p>\n<p class=\"fig-premium-paywall__title\">Vente Flash<\/p>\n<p class=\"fig-premium-paywall__subtitle\">4,99\u20ac par mois pendant 12 mois. Sans engagement.<\/p>\n<p class=\"fig-premium-paywall__connect\">\n                D\u00e9j\u00e0 abonn\u00e9\u00a0?                <a class=\"fig-premium-paywall__connect-link\" href=\"https:\/\/connect.lefigaro.fr\/login?client=horizon_web&amp;type=main&amp;redirect_uri=https%3A%2F%2Fwww.lefigaro.fr%2Finternational%2Fc-est-la-loi-de-la-jungle-dans-la-bande-de-gaza-la-distribution-humanitaire-vire-encore-au-bain-de-sang-20250603\" data-js-gtm=\"{&quot;customCategorie&quot;: &quot;conversion&quot;, &quot;customAction&quot;: &quot;before_Landing_Connexion_paywall_auto&quot;, &quot;customLabel&quot;: &quot;bGVmaWdhcm8uZnJfXzFmMDQwN2I5LTVjZGUtNjMxYS05YTM4LTQzMzZiNDM1N2NhNl9fQXJ0aWNsZQ==_\u00abC\u2019est la loi de la jungle\u00bb\u00a0: dans la bande de Gaza, la distribution humanitaire vire encore au bain de sang_447&quot;, &quot;customIDSPE&quot;: &quot;bGVmaWdhcm8uZnJfXzFmMDQwN2I5LTVjZGUtNjMxYS05YTM4LTQzMzZiNDM1N2NhNl9fQXJ0aWNsZQ==&quot;, &quot;event&quot;: &quot;customEventSPE&quot;}\" rel=\"nofollow noopener\" target=\"_blank\"><br \/>\n                    Connectez-vous<br \/>\n                <\/a>\n            <\/p>\n","protected":false},"excerpt":{"rendered":"R\u00c9CIT &#8211; Une trentaine de morts, une centaine de bless\u00e9s ce matin \u00e0 proximit\u00e9 d\u2019un site de distribution&hellip;\n","protected":false},"author":2,"featured_media":149666,"comment_status":"","ping_status":"","sticky":false,"template":"","format":"standard","meta":{"footnotes":""},"categories":[5],"tags":[259,11,260,1011,27,665,14,664,261,12,262,28],"class_list":{"0":"post-149665","1":"post","2":"type-post","3":"status-publish","4":"format-standard","5":"has-post-thumbnail","7":"category-international","8":"tag-actualite-internationale","9":"tag-actualites","10":"tag-affaires-etrangeres","11":"tag-fr","12":"tag-france","13":"tag-gaza","14":"tag-international","15":"tag-israel","16":"tag-ministere-des-affaires-etrangeres","17":"tag-news","18":"tag-politique-etrangere","19":"tag-world"},"share_on_mastodon":{"url":"https:\/\/pubeurope.com\/@fr\/114621068294740395","error":""},"_links":{"self":[{"href":"https:\/\/www.europesays.com\/fr\/wp-json\/wp\/v2\/posts\/149665","targetHints":{"allow":["GET"]}}],"collection":[{"href":"https:\/\/www.europesays.com\/fr\/wp-json\/wp\/v2\/posts"}],"about":[{"href":"https:\/\/www.europesays.com\/fr\/wp-json\/wp\/v2\/types\/post"}],"author":[{"embeddable":true,"href":"https:\/\/www.europesays.com\/fr\/wp-json\/wp\/v2\/users\/2"}],"replies":[{"embeddable":true,"href":"https:\/\/www.europesays.com\/fr\/wp-json\/wp\/v2\/comments?post=149665"}],"version-history":[{"count":0,"href":"https:\/\/www.europesays.com\/fr\/wp-json\/wp\/v2\/posts\/149665\/revisions"}],"wp:featuredmedia":[{"embeddable":true,"href":"https:\/\/www.europesays.com\/fr\/wp-json\/wp\/v2\/media\/149666"}],"wp:attachment":[{"href":"https:\/\/www.europesays.com\/fr\/wp-json\/wp\/v2\/media?parent=149665"}],"wp:term":[{"taxonomy":"category","embeddable":true,"href":"https:\/\/www.europesays.com\/fr\/wp-json\/wp\/v2\/categories?post=149665"},{"taxonomy":"post_tag","embeddable":true,"href":"https:\/\/www.europesays.com\/fr\/wp-json\/wp\/v2\/tags?post=149665"}],"curies":[{"name":"wp","href":"https:\/\/api.w.org\/{rel}","templated":true}]}}