{"id":149675,"date":"2025-06-03T19:29:13","date_gmt":"2025-06-03T19:29:13","guid":{"rendered":"https:\/\/www.europesays.com\/fr\/149675\/"},"modified":"2025-06-03T19:29:13","modified_gmt":"2025-06-03T19:29:13","slug":"une-fete-certes-mais-toujours-un-combat","status":"publish","type":"post","link":"https:\/\/www.europesays.com\/fr\/149675\/","title":{"rendered":"une f\u00eate, certes, mais toujours un combat"},"content":{"rendered":"<p>Alors bien s\u00fbr, il y a la f\u00eate. De la couleur, beaucoup. De la musique, de la danse, aussi. Et de la joie, dispens\u00e9e \u00e0 profusion. C\u2019est en ces images que la Gay Pride s\u2019est inscrite dans l\u2019imaginaire collectif. Et c\u2019est l\u2019image qu\u2019elle renouvellera samedi 7\u00a0juin dans les rues de Nancy.<\/p>\n<p>Mais la pride n\u2019est pas que lieu de \u00ab\u00a0carnaval\u00a0\u00bb gay, et les organisateurs ne manquent pas de le rappeler. Entre grande f\u00eate communautaire et lieu de revendication, l\u2019un ne doit pas prendre le pas sur l\u2019autre. Et iels y veillent. \u00ab\u00a0Le fait m\u00eame de faire la f\u00eate ensemble, sur la place publique, est en soi un acte militant\u00a0\u00bb, ne manque pas de souligner Marie-Eva Nisi, permanente de l\u2019association \u00c9quinoxe.<\/p>\n<p>L\u2019asso LGBT +\u00a0historique de la ville est \u00e0 la man\u0153uvre pour l\u2019organisation de cet \u00e9v\u00e9nement annuel, en coop\u00e9ration avec d\u2019autres associations et collectifs pr\u00e9sents sur le \u00ab\u00a0Village\u00a0\u00bb de la pride, ouvert d\u00e8s 14\u00a0h place de la Carri\u00e8re. Dont Quidam.es, Mokka, House of Sant Trinity, mais aussi SOS h\u00e9patites et Aides ou encore l\u2019association Dynamo.<\/p>\n<p>Stands, \u00e9changes et prises de parole au menu d\u00e8s 14\u00a0h, avant que ne d\u00e9marre le d\u00e9fil\u00e9 o\u00f9 seront lev\u00e9es haut les banderoles et scand\u00e9s fort les slogans. Th\u00e9matique\u00a0: \u00ab\u00a0Vos id\u00e9es r\u00e9gressent, nos combats continuent.\u00a0\u00bb<\/p>\n<p>  Ne pas baisser la garde<\/p>\n<p>\u00ab\u00a0Parce que depuis les ann\u00e9es 70 et les premi\u00e8res marches des fiert\u00e9s, on n\u2019a jamais cess\u00e9 le combat, assure Marie-Eva Nisi. Bien s\u00fbr, il y a eu des avanc\u00e9es, qui nous ont accord\u00e9 un peu de soulagement, comme l\u2019adoption du mariage pour tous, ou la loi contre les th\u00e9rapies de conversion. OK, la visibilit\u00e9 LGBT +\u00a0a progress\u00e9. Mais les manifestations de LGBT-phobie aussi\u00a0! Et le climat actuel est plus \u00e0 la r\u00e9gression qu\u2019au progr\u00e8s.\u00a0\u00bb<\/p>\n<p>Iel en veut pour preuve les mesures \u00ab\u00a0anti-trans\u00a0\u00bb en Grande-Bretagne, en Italie et aux \u00c9tats-Unis. \u00ab\u00a0Tout \u00e7a va de pair avec la mont\u00e9e des id\u00e9es d\u2019extr\u00eame droite. Or ces discours nous portent pr\u00e9judice. Et je parle de nos vies\u00a0! Il ne s\u2019agit pas de d\u00e9battre du g\u00e2teau \u00e0 acheter pour la f\u00eate d\u2019anniversaire\u00a0!\u00a0\u00bb Que ce soit en France en g\u00e9n\u00e9ral, ou m\u00eame \u00e0 Nancy \u00ab\u00a0o\u00f9, depuis deux ans, des groupuscules se montrent de plus en plus hostiles \u00e0 notre \u00e9gard. Alors non, on ne peut pas se permettre de baisser la garde\u00a0\u00bb.<\/p>\n<p>Et pour \u00e7a, s\u2019aligneront en t\u00eate de cort\u00e8ge les personnes en situation de handicap, les rangs militants, les trans, les queers racis\u00e9.e.s, les bi et pan, un char anim\u00e9 de la DJ Drag Nika\u00efa et m\u00eame un v\u00e9lo sono.<\/p>\n<p>D\u00e9part de la place Carri\u00e8re vers 15\u00a0h\u00a030 environ. Pour une boucle d\u2019une heure en centre-ville. L\u2019an pass\u00e9, pr\u00e8s de 4\u00a0000 personnes avaient rejoint le cort\u00e8ge. Dans une ambiance de f\u00eate qui n\u2019emp\u00eache pas de rester sur le qui-vive en effet\u00a0!<\/p>\n","protected":false},"excerpt":{"rendered":"Alors bien s\u00fbr, il y a la f\u00eate. De la couleur, beaucoup. De la musique, de la danse,&hellip;\n","protected":false},"author":2,"featured_media":149676,"comment_status":"","ping_status":"","sticky":false,"template":"","format":"standard","meta":{"footnotes":""},"categories":[9635],"tags":[1111,11,1704,1777,674,1011,27,775,1702,1703,12,25,104,1631],"class_list":{"0":"post-149675","1":"post","2":"type-post","3":"status-publish","4":"format-standard","5":"has-post-thumbnail","7":"category-nancy","8":"tag-actu","9":"tag-actualites","10":"tag-edition-nancy-et-agglomeration","11":"tag-eu","12":"tag-europe","13":"tag-fr","14":"tag-france","15":"tag-grand-est","16":"tag-nancy","17":"tag-nancy-ville-54b","18":"tag-news","19":"tag-republique-francaise","20":"tag-societe","21":"tag-vie-associative"},"share_on_mastodon":{"url":"https:\/\/pubeurope.com\/@fr\/114621091845766317","error":""},"_links":{"self":[{"href":"https:\/\/www.europesays.com\/fr\/wp-json\/wp\/v2\/posts\/149675","targetHints":{"allow":["GET"]}}],"collection":[{"href":"https:\/\/www.europesays.com\/fr\/wp-json\/wp\/v2\/posts"}],"about":[{"href":"https:\/\/www.europesays.com\/fr\/wp-json\/wp\/v2\/types\/post"}],"author":[{"embeddable":true,"href":"https:\/\/www.europesays.com\/fr\/wp-json\/wp\/v2\/users\/2"}],"replies":[{"embeddable":true,"href":"https:\/\/www.europesays.com\/fr\/wp-json\/wp\/v2\/comments?post=149675"}],"version-history":[{"count":0,"href":"https:\/\/www.europesays.com\/fr\/wp-json\/wp\/v2\/posts\/149675\/revisions"}],"wp:featuredmedia":[{"embeddable":true,"href":"https:\/\/www.europesays.com\/fr\/wp-json\/wp\/v2\/media\/149676"}],"wp:attachment":[{"href":"https:\/\/www.europesays.com\/fr\/wp-json\/wp\/v2\/media?parent=149675"}],"wp:term":[{"taxonomy":"category","embeddable":true,"href":"https:\/\/www.europesays.com\/fr\/wp-json\/wp\/v2\/categories?post=149675"},{"taxonomy":"post_tag","embeddable":true,"href":"https:\/\/www.europesays.com\/fr\/wp-json\/wp\/v2\/tags?post=149675"}],"curies":[{"name":"wp","href":"https:\/\/api.w.org\/{rel}","templated":true}]}}