{"id":149683,"date":"2025-06-03T19:35:13","date_gmt":"2025-06-03T19:35:13","guid":{"rendered":"https:\/\/www.europesays.com\/fr\/149683\/"},"modified":"2025-06-03T19:35:13","modified_gmt":"2025-06-03T19:35:13","slug":"loeuvre-rampe-de-skate-a-disparu-de-la-place-de-lhotel-de-ville-a-rouen-pour-une-raison-bien-normande","status":"publish","type":"post","link":"https:\/\/www.europesays.com\/fr\/149683\/","title":{"rendered":"L&rsquo;\u0153uvre-rampe de skate a disparu de la place de l&rsquo;H\u00f4tel de ville \u00e0 Rouen pour une raison bien normande"},"content":{"rendered":"<p>            Par<br \/>\n        <strong><br \/>\n            <a href=\"https:\/\/actu.fr\/auteur\/julien-bouteiller\" title=\"Consulter tous les articles de Julien Bouteiller\" target=\"_blank\" rel=\"noopener\">Julien Bouteiller<\/a><br \/>\n        <\/strong><\/p>\n<p>        Publi\u00e9 le<\/p>\n<p>            3 juin 2025 \u00e0 20h41        <\/p>\n<p>Elle ne plaisait pas \u00e0 tout le monde, mais ce n\u2019est pas pour \u00e7a qu\u2019elle a \u00e9t\u00e9 retir\u00e9e. Fin mai 2025, <a href=\"https:\/\/actu.fr\/normandie\/rouen_76540\/rouen-cette-oeuvre-d-art-au-pied-de-la-mairie-ne-plaira-pas-a-tout-le-monde_59700159.html\" target=\"_blank\" rel=\"noopener\">l\u2019\u0153uvre-rampe de skateboard<\/a> <strong>install\u00e9e devant la mairie de Rouen a disparu<\/strong>. Et il y a une bonne raison \u00e0 cela.<\/p>\n<p>Pourquoi la rampe de skate a disparu<\/p>\n<p class=\" wall-content\">Install\u00e9e en 2023, <strong>cette \u0153uvre du plasticien Rapha\u00ebl Zarka<\/strong>, appel\u00e9e Rampe cyclo\u00efde, n\u2019avait pas vocation \u00e0 \u00eatre p\u00e9renne. <strong>Une convention de trois ans<\/strong> avait \u00e9t\u00e9 sign\u00e9e \u00e0 l\u2019\u00e9poque.\u00a0<\/p>\n<p class=\" wall-content\">Mais finalement, elle est partie plus t\u00f4t que pr\u00e9vu. \u00ab\u00a0En accord avec le Centre National des Arts Plastiques et le concepteur de la rampe, nous la d\u00e9montons quelques mois avant<strong> car elle a trop pris de pluie<\/strong>, le bois gonfle et nous craignions qu\u2019elle ne soit plus fiable pour les skateurs\u00a0\u00bb, nous explique Marie-Andr\u00e9e Malleville, adjointe \u00e0 la culture \u00e0 la Ville de Rouen.<\/p>\n<p class=\" wall-content\">En effet, plusieurs habitu\u00e9s de la place de l\u2019H\u00f4tel de ville nous ont fait savoir que la rampe n\u2019\u00e9tait quasiment plus pratiqu\u00e9e. \u00ab\u00a0Il y avait de la moisissure dessus, ce n\u2019est pas franchement rassurant\u00a0\u00bb, nous indique l\u2019un d\u2019eux. \u00ab\u00a0Et franchement, m\u00eame avant, il n\u2019y avait pas grand\u2019 monde qui s\u2019en servait\u00a0\u00bb, assure un autre.<\/p>\n<p class=\" wall-content\">L\u2019installation de cette \u0153uvre <strong>avait co\u00fbt\u00e9 42 000 euros<\/strong>.\u00a0<\/p>\n<p class=\" wall-content\">Pour rappel, il faut aussi savoir <a href=\"https:\/\/actu.fr\/normandie\/rouen_76540\/la-place-de-l-hotel-de-ville-de-rouen-va-bientot-etre-reamenagee_60879210.html\" target=\"_blank\" rel=\"noopener\">qu\u2019un projet de r\u00e9am\u00e9nagement (avec v\u00e9g\u00e9talisation)<\/a> de la place de l\u2019H\u00f4tel de ville est dans les tuyaux. Faire place nette avant cela peut \u00eatre utile\u2026<\/p>\n<p>Suivez l\u2019actualit\u00e9 de Rouen <a href=\"https:\/\/www.whatsapp.com\/channel\/0029VaKfnf99hXF2ddApFB1D\" target=\"_blank\" rel=\"noopener\">sur notre cha\u00eene WhatsApp<\/a> et <a href=\"https:\/\/www.tiktok.com\/@76actu.fr?lang=fr\" target=\"_blank\" rel=\"noopener\">sur notre compte TikTok<\/a><\/p>\n<p class=\" wall-content\">Suivez toute l\u2019actualit\u00e9 de vos villes et m\u00e9dias favoris en vous inscrivant \u00e0 <a href=\"https:\/\/moncompte.actu.fr\" title=\"D\u00e9couvez Mon Actu\" rel=\"nofollow noopener\" data-trk=\"{&quot;cta&quot;:{&quot;action&quot;:&quot;https:\\\/\\\/moncompte.actu.fr&quot;,&quot;category&quot;:&quot;mon compte&quot;,&quot;from&quot;:&quot;article footer&quot;,&quot;name&quot;:&quot;Mon actu&quot;,&quot;type&quot;:&quot;cta&quot;}}\" target=\"_blank\">Mon Actu<\/a>.<\/p>\n<p>                    <script async src=\"\/\/www.tiktok.com\/embed.js\"><\/script><\/p>\n","protected":false},"excerpt":{"rendered":"Par Julien Bouteiller Publi\u00e9 le 3 juin 2025 \u00e0 20h41 Elle ne plaisait pas \u00e0 tout le monde,&hellip;\n","protected":false},"author":2,"featured_media":149684,"comment_status":"","ping_status":"","sticky":false,"template":"","format":"standard","meta":{"footnotes":""},"categories":[9587],"tags":[1111,11,1777,674,1011,27,1652,12,5161,4459,25,9590,7189],"class_list":{"0":"post-149683","1":"post","2":"type-post","3":"status-publish","4":"format-standard","5":"has-post-thumbnail","7":"category-rouen","8":"tag-actu","9":"tag-actualites","10":"tag-eu","11":"tag-europe","12":"tag-fr","13":"tag-france","14":"tag-loisirs-culture","15":"tag-news","16":"tag-normandie","17":"tag-pluie","18":"tag-republique-francaise","19":"tag-rouen","20":"tag-street-art"},"share_on_mastodon":{"url":"https:\/\/pubeurope.com\/@fr\/114621115602880557","error":""},"_links":{"self":[{"href":"https:\/\/www.europesays.com\/fr\/wp-json\/wp\/v2\/posts\/149683","targetHints":{"allow":["GET"]}}],"collection":[{"href":"https:\/\/www.europesays.com\/fr\/wp-json\/wp\/v2\/posts"}],"about":[{"href":"https:\/\/www.europesays.com\/fr\/wp-json\/wp\/v2\/types\/post"}],"author":[{"embeddable":true,"href":"https:\/\/www.europesays.com\/fr\/wp-json\/wp\/v2\/users\/2"}],"replies":[{"embeddable":true,"href":"https:\/\/www.europesays.com\/fr\/wp-json\/wp\/v2\/comments?post=149683"}],"version-history":[{"count":0,"href":"https:\/\/www.europesays.com\/fr\/wp-json\/wp\/v2\/posts\/149683\/revisions"}],"wp:featuredmedia":[{"embeddable":true,"href":"https:\/\/www.europesays.com\/fr\/wp-json\/wp\/v2\/media\/149684"}],"wp:attachment":[{"href":"https:\/\/www.europesays.com\/fr\/wp-json\/wp\/v2\/media?parent=149683"}],"wp:term":[{"taxonomy":"category","embeddable":true,"href":"https:\/\/www.europesays.com\/fr\/wp-json\/wp\/v2\/categories?post=149683"},{"taxonomy":"post_tag","embeddable":true,"href":"https:\/\/www.europesays.com\/fr\/wp-json\/wp\/v2\/tags?post=149683"}],"curies":[{"name":"wp","href":"https:\/\/api.w.org\/{rel}","templated":true}]}}