{"id":149700,"date":"2025-06-03T19:45:20","date_gmt":"2025-06-03T19:45:20","guid":{"rendered":"https:\/\/www.europesays.com\/fr\/149700\/"},"modified":"2025-06-03T19:45:20","modified_gmt":"2025-06-03T19:45:20","slug":"un-feu-sest-declare-dans-un-immeuble-du-centre-ville","status":"publish","type":"post","link":"https:\/\/www.europesays.com\/fr\/149700\/","title":{"rendered":"un feu s&rsquo;est d\u00e9clar\u00e9 dans un immeuble du centre-ville"},"content":{"rendered":"<p>            Par<br \/>\n        <strong><br \/>\n            <a href=\"https:\/\/actu.fr\/auteur\/laure-gentil\" title=\"Consulter tous les articles de Laure Gentil\" rel=\"nofollow noopener\" target=\"_blank\">Laure Gentil<\/a><br \/>\n        <\/strong><\/p>\n<p>        Publi\u00e9 le<\/p>\n<p>            3 juin 2025 \u00e0 19h36        <\/p>\n<p>Ce<strong> mardi 3\u00a0juin 2025<\/strong>, un feu s\u2019est d\u00e9clar\u00e9 dans les combles d\u2019un immeuble de deux \u00e9tages situ\u00e9 2, rue Cacault, \u00e0 <a href=\"https:\/\/actu.fr\/nantes\" rel=\"nofollow noopener\" target=\"_blank\">Nantes<\/a>.<\/p>\n<p class=\" wall-content\">Selon le Service d\u00e9partemental d\u2019incendie et de secours de Loire-Atlantique, les <strong>sapeurs-pompiers<\/strong> tentent d\u2019\u00e9teindre les flammes depuis 16h35.<\/p>\n<p>Une vingtaine de pompiers sur place<\/p>\n<p class=\" wall-content\">Toujours selon le SDIS 44, 19 pompiers sont en intervention. Ils utilisent<strong> deux lances \u00e0 incendie<\/strong> et une \u00e9chelle a\u00e9rienne. \u00ab\u2009Le <strong>foyer principal est \u00e9teint<\/strong>\u2009\u00bb, a assur\u00e9 le SDIS 44 dans son bulletin d\u2019information. \u00ab\u2009Des reconnaissances compl\u00e8tes de l\u2019immeuble sont en cours\u2009\u00bb.<\/p>\n<p class=\" wall-content\">Suivez toute l\u2019actualit\u00e9 de vos villes et m\u00e9dias favoris en vous inscrivant \u00e0 <a href=\"https:\/\/moncompte.actu.fr\" title=\"D\u00e9couvez Mon Actu\" rel=\"nofollow noopener\" data-trk=\"{&quot;cta&quot;:{&quot;action&quot;:&quot;https:\\\/\\\/moncompte.actu.fr&quot;,&quot;category&quot;:&quot;mon compte&quot;,&quot;from&quot;:&quot;article footer&quot;,&quot;name&quot;:&quot;Mon actu&quot;,&quot;type&quot;:&quot;cta&quot;}}\" target=\"_blank\">Mon Actu<\/a>.<\/p>\n","protected":false},"excerpt":{"rendered":"Par Laure Gentil Publi\u00e9 le 3 juin 2025 \u00e0 19h36 Ce mardi 3\u00a0juin 2025, un feu s\u2019est d\u00e9clar\u00e9&hellip;\n","protected":false},"author":2,"featured_media":124930,"comment_status":"","ping_status":"","sticky":false,"template":"","format":"standard","meta":{"footnotes":""},"categories":[2818],"tags":[1111,11,1777,674,118,1011,27,1310,766,12,2636,1311,25],"class_list":{"0":"post-149700","1":"post","2":"type-post","3":"status-publish","4":"format-standard","5":"has-post-thumbnail","7":"category-nantes","8":"tag-actu","9":"tag-actualites","10":"tag-eu","11":"tag-europe","12":"tag-faits-divers","13":"tag-fr","14":"tag-france","15":"tag-incendie","16":"tag-nantes","17":"tag-news","18":"tag-pays-de-la-loire","19":"tag-pompiers","20":"tag-republique-francaise"},"share_on_mastodon":{"url":"https:\/\/pubeurope.com\/@fr\/114621154873681463","error":""},"_links":{"self":[{"href":"https:\/\/www.europesays.com\/fr\/wp-json\/wp\/v2\/posts\/149700","targetHints":{"allow":["GET"]}}],"collection":[{"href":"https:\/\/www.europesays.com\/fr\/wp-json\/wp\/v2\/posts"}],"about":[{"href":"https:\/\/www.europesays.com\/fr\/wp-json\/wp\/v2\/types\/post"}],"author":[{"embeddable":true,"href":"https:\/\/www.europesays.com\/fr\/wp-json\/wp\/v2\/users\/2"}],"replies":[{"embeddable":true,"href":"https:\/\/www.europesays.com\/fr\/wp-json\/wp\/v2\/comments?post=149700"}],"version-history":[{"count":0,"href":"https:\/\/www.europesays.com\/fr\/wp-json\/wp\/v2\/posts\/149700\/revisions"}],"wp:featuredmedia":[{"embeddable":true,"href":"https:\/\/www.europesays.com\/fr\/wp-json\/wp\/v2\/media\/124930"}],"wp:attachment":[{"href":"https:\/\/www.europesays.com\/fr\/wp-json\/wp\/v2\/media?parent=149700"}],"wp:term":[{"taxonomy":"category","embeddable":true,"href":"https:\/\/www.europesays.com\/fr\/wp-json\/wp\/v2\/categories?post=149700"},{"taxonomy":"post_tag","embeddable":true,"href":"https:\/\/www.europesays.com\/fr\/wp-json\/wp\/v2\/tags?post=149700"}],"curies":[{"name":"wp","href":"https:\/\/api.w.org\/{rel}","templated":true}]}}