{"id":149713,"date":"2025-06-03T19:52:09","date_gmt":"2025-06-03T19:52:09","guid":{"rendered":"https:\/\/www.europesays.com\/fr\/149713\/"},"modified":"2025-06-03T19:52:09","modified_gmt":"2025-06-03T19:52:09","slug":"a-marseille-le-salon-vivent-les-vins-libres-va-celebrer-vingt-ans-de-vigne-frondeuse","status":"publish","type":"post","link":"https:\/\/www.europesays.com\/fr\/149713\/","title":{"rendered":"\u00c0 Marseille, le salon \u00ab\u00a0Vivent les vins libres\u00a0\u00bb va c\u00e9l\u00e9brer vingt ans de vigne frondeuse"},"content":{"rendered":"<p>\u00ab\u00a0Vivent les vins libres\u00a0\u00bb, c\u2019est une id\u00e9e qui s\u2019est concr\u00e9tis\u00e9e pour la premi\u00e8re fois \u00e0 Paris en\u00a02007. Quelques vignerons de la mouvance des <a href=\"https:\/\/www.laprovence.com\/article\/region\/51579574133511\/marseille-le-salon-slow-vino-met-en-lumiere-les-vins-naturels-et-aux-elevages-xxl\" target=\"_blank\" rel=\"nofollow noopener\">vins naturels<\/a> d\u00e9cidaient de s\u2019organiser eux-m\u00eames pour pr\u00e9senter leurs cuv\u00e9es aux cavistes, restaurateurs, sommeliers\u2026<\/p>\n<p>\u00ab\u00a0\u00c0 l\u2019\u00e9poque, on ne parlait pas encore beaucoup de vins nature, on n\u2019\u00e9tait pas beaucoup \u00e0 en faire, on vendait p\u00e9niblement \u00e0 deux cavistes parisiens et un caviste \u00e0 New York, bref, on \u00e9tait un peu pris pour des gueux par les professionnels du vin\u00a0\u00bb, se souvient le vigneron lig\u00e9rien Bertrand Jousset, du domaine Lise et Bertand Jousset \u00e0 Montlouis (Indre-et-Loire), historique du collectif.<\/p>\n<p>Les choses ont \u00e9videmment largement \u00e9volu\u00e9 depuis et le vin naturel est devenu un mouvement, certes toujours minoritaire dans le monde du vin, mais \u00e0 l\u2019influence bien install\u00e9e.<\/p>\n<p>On pourra en juger le lundi 16\u00a0juin \u00e0 Marseille, aux <a href=\"https:\/\/www.laprovence.com\/article\/region\/2818310639270614\/a-la-friche-belle-de-mai-un-diner-solidaire-au-profit-de-sos-mediterranee-le-16-mai\" target=\"_blank\" rel=\"nofollow noopener\">Grandes tables de la Friche La Belle-de-Mai<\/a> (3e) o\u00f9 \u00ab\u00a0Vivent les vins libres\u00a0\u00bb pose ses valises pour l\u2019\u00e9dition 2025 de son salon (r\u00e9serv\u00e9 aux professionnels du vin).<\/p>\n","protected":false},"excerpt":{"rendered":"\u00ab\u00a0Vivent les vins libres\u00a0\u00bb, c\u2019est une id\u00e9e qui s\u2019est concr\u00e9tis\u00e9e pour la premi\u00e8re fois \u00e0 Paris en\u00a02007. Quelques&hellip;\n","protected":false},"author":2,"featured_media":149714,"comment_status":"","ping_status":"","sticky":false,"template":"","format":"standard","meta":{"footnotes":""},"categories":[2814],"tags":[17,1111,11,4413,1777,674,1011,27,151,6087,884,12,882,16,25,6290,4186,9070],"class_list":{"0":"post-149713","1":"post","2":"type-post","3":"status-publish","4":"format-standard","5":"has-post-thumbnail","7":"category-marseille","8":"tag-17","9":"tag-actu","10":"tag-actualites","11":"tag-celebrer","12":"tag-eu","13":"tag-europe","14":"tag-fr","15":"tag-france","16":"tag-les","17":"tag-libres","18":"tag-marseille","19":"tag-news","20":"tag-provence-alpes-cote-dazur","21":"tag-region","22":"tag-republique-francaise","23":"tag-salon","24":"tag-vins","25":"tag-vivent"},"share_on_mastodon":{"url":"https:\/\/pubeurope.com\/@fr\/114621182327840848","error":""},"_links":{"self":[{"href":"https:\/\/www.europesays.com\/fr\/wp-json\/wp\/v2\/posts\/149713","targetHints":{"allow":["GET"]}}],"collection":[{"href":"https:\/\/www.europesays.com\/fr\/wp-json\/wp\/v2\/posts"}],"about":[{"href":"https:\/\/www.europesays.com\/fr\/wp-json\/wp\/v2\/types\/post"}],"author":[{"embeddable":true,"href":"https:\/\/www.europesays.com\/fr\/wp-json\/wp\/v2\/users\/2"}],"replies":[{"embeddable":true,"href":"https:\/\/www.europesays.com\/fr\/wp-json\/wp\/v2\/comments?post=149713"}],"version-history":[{"count":0,"href":"https:\/\/www.europesays.com\/fr\/wp-json\/wp\/v2\/posts\/149713\/revisions"}],"wp:featuredmedia":[{"embeddable":true,"href":"https:\/\/www.europesays.com\/fr\/wp-json\/wp\/v2\/media\/149714"}],"wp:attachment":[{"href":"https:\/\/www.europesays.com\/fr\/wp-json\/wp\/v2\/media?parent=149713"}],"wp:term":[{"taxonomy":"category","embeddable":true,"href":"https:\/\/www.europesays.com\/fr\/wp-json\/wp\/v2\/categories?post=149713"},{"taxonomy":"post_tag","embeddable":true,"href":"https:\/\/www.europesays.com\/fr\/wp-json\/wp\/v2\/tags?post=149713"}],"curies":[{"name":"wp","href":"https:\/\/api.w.org\/{rel}","templated":true}]}}