{"id":149715,"date":"2025-06-03T19:53:09","date_gmt":"2025-06-03T19:53:09","guid":{"rendered":"https:\/\/www.europesays.com\/fr\/149715\/"},"modified":"2025-06-03T19:53:09","modified_gmt":"2025-06-03T19:53:09","slug":"art-o-rama-60-galeries-attendues-fin-aout-a-marseille","status":"publish","type":"post","link":"https:\/\/www.europesays.com\/fr\/149715\/","title":{"rendered":"Art-o-rama, 60 galeries attendues fin ao\u00fbt \u00e0 Marseille"},"content":{"rendered":"<p>Il est l&rsquo;un des plus gros rassemblements d\u2019<a href=\"https:\/\/www.laprovence.com\/article\/sortie-loisirs\/3953092459291815\/a-marseille-la-foire-dart-contemporain-art-o-rama-fait-briller-la-jeune-scene-artistique\" target=\"_blank\" rel=\"nofollow noopener\">art contemporain \u00e0 Marseille. Art-o-rama<\/a> vient clore la saison \u00e0 La Friche la Belle-de-Mai (3e), chaque ann\u00e9e, depuis\u00a02007. Pour sa 19e \u00e9dition, une soixantaine de galeries, repr\u00e9sentant une quinzaine de pays, pr\u00e9senteront le travail de leurs artistes, accessible au grand public, en plus d\u2019une programmation culturelle. Toutes les formes d\u2019art sont mises \u00e0 l\u2019honneur, avec une majorit\u00e9 de peintures et de sculptures au sein du parcours qui se d\u00e9coupera en diff\u00e9rentes sections. Parmi elles, la section \u00ab\u00a0Galeries\u00a0\u00bb comportera 70 % de galeries \u00e9trang\u00e8res et 30 % de fran\u00e7aises. Dont trois marseillaises (Double V, Spaggia Libera et Sissi Club) tandis que la section \u00ab\u00a0Design\u00a0\u00bb mettra en valeur un contenu 100 % marseillais.<\/p>\n<p>Parmi les galeries internationales pr\u00e9sentes, on peut citer Good Weather (Chicago), Vacancy (Shangai), Bombon projects (Barcelone), Sophie Tappeiner (Vienne) ou encore Neven (Londres) et Dittrich &amp; Schlechtriem (Berlin). Aussi, la s\u00e9lection des Prix R\u00e9gion Sud permettra de d\u00e9dier un espace aux jeunes artistes. L\u2019id\u00e9e est de \u00ab\u00a0permettre aux jeunes de commencer \u00e0 se faire des contacts et \u00e0 d\u00e9velopper un r\u00e9seau\u00a0\u00bb, confie J\u00e9r\u00f4me Pantalacci, directeur d\u2019Art-o-rama. \u00ab\u00a0Nous avons aussi la volont\u00e9 d\u2019axer la foire sur l\u2019aspect commercial et de d\u00e9mocratiser l\u2019acc\u00e8s aux \u0153uvres d\u2019art\u00a0\u00bb, poursuit-il.<\/p>\n<p>L\u2019\u00e9dition 2025, en ce qu\u2019elle a de nouveau, vise \u00e0 \u00ab\u00a0recentrer les diff\u00e9rentes sections \u00e0 La Cartonnerie\u00a0\u00bb, ajoute J\u00e9r\u00f4me Pantalacci. Mais c\u2019est plut\u00f4t par le renouvellement des exposants et des expositions que le salon entend \u00e9voluer d\u2019une ann\u00e9e sur l\u2019autre. Le chiffre de sa fr\u00e9quentation avait atteint les quelque cinq mille visiteurs sur trois jours en 2024.<\/p>\n<p>\u00ab\u00a0Trouver l\u2019\u00e9quilibre entre la sc\u00e8ne locale et internationale\u00a0\u00bb<\/p>\n<p>Depuis la premi\u00e8re \u00e9dition, \u00ab\u00a0l\u2019art contemporain commence \u00e0 \u00eatre bien repr\u00e9sent\u00e9 \u00e0 Marseille\u00a0\u00bb, se r\u00e9jouit le directeur du salon. Il note un \u00ab\u00a0avant et un apr\u00e8s\u00a0\u00bb Capitale europ\u00e9enne de la culture en\u00a02013. \u00ab\u00a0Art-o-rama a contribu\u00e9 \u00e0 la visibilit\u00e9 de la cr\u00e9ation marseillaise et nationale en mati\u00e8re d\u2019art contemporain\u00a0\u00bb, affirme-t-il.<strong\/><\/p>\n<p>Cette ann\u00e9e, un hommage sera rendu au galeriste Roger Pailhas, comm\u00e9morant les 20 ans de sa disparition. Pionnier dans sa d\u00e9marche, il a cr\u00e9\u00e9 chez lui, en 1996, une foire d\u2019art contemporain atypique dans sa propre galerie \u00e0 Marseille, Art Dealers. L\u2019occasion pour Art-o-rama de lui d\u00e9dier un stand \u00e9ponyme, compos\u00e9 de huit galeries avec huit \u0153uvres, sur le mod\u00e8le qu\u2019il avait alors initi\u00e9 dans sa galerie du Vieux-Port.<\/p>\n<p>Perp\u00e9tuant ainsi la d\u00e9marche de Roger Pailhas, l\u2019objectif esp\u00e9r\u00e9 par J\u00e9r\u00f4me Pantalacci est de \u00ab\u00a0trouver l\u2019\u00e9quilibre entre la sc\u00e8ne locale et internationale pour promouvoir les artistes de la r\u00e9gion en gardant une ouverture sur l\u2019ext\u00e9rieur\u00a0\u00bb.<\/p>\n<p>Du 29 au 31\u00a0ao\u00fbt\u00a02025 \u00e0 La Friche la Belle-de-Mai (3e). art-o-rama.fr<\/p>\n","protected":false},"excerpt":{"rendered":"Il est l&rsquo;un des plus gros rassemblements d\u2019art contemporain \u00e0 Marseille. Art-o-rama vient clore la saison \u00e0 La&hellip;\n","protected":false},"author":2,"featured_media":149716,"comment_status":"","ping_status":"","sticky":false,"template":"","format":"standard","meta":{"footnotes":""},"categories":[2814],"tags":[17,1111,11,2863,27906,10180,251,1777,674,5729,1011,27,7455,884,12,882,25],"class_list":{"0":"post-149715","1":"post","2":"type-post","3":"status-publish","4":"format-standard","5":"has-post-thumbnail","7":"category-marseille","8":"tag-17","9":"tag-actu","10":"tag-actualites","11":"tag-aout","12":"tag-art-o-rama","13":"tag-attendues","14":"tag-culture","15":"tag-eu","16":"tag-europe","17":"tag-fin","18":"tag-fr","19":"tag-france","20":"tag-galeries","21":"tag-marseille","22":"tag-news","23":"tag-provence-alpes-cote-dazur","24":"tag-republique-francaise"},"share_on_mastodon":{"url":"https:\/\/pubeurope.com\/@fr\/114621186254825611","error":""},"_links":{"self":[{"href":"https:\/\/www.europesays.com\/fr\/wp-json\/wp\/v2\/posts\/149715","targetHints":{"allow":["GET"]}}],"collection":[{"href":"https:\/\/www.europesays.com\/fr\/wp-json\/wp\/v2\/posts"}],"about":[{"href":"https:\/\/www.europesays.com\/fr\/wp-json\/wp\/v2\/types\/post"}],"author":[{"embeddable":true,"href":"https:\/\/www.europesays.com\/fr\/wp-json\/wp\/v2\/users\/2"}],"replies":[{"embeddable":true,"href":"https:\/\/www.europesays.com\/fr\/wp-json\/wp\/v2\/comments?post=149715"}],"version-history":[{"count":0,"href":"https:\/\/www.europesays.com\/fr\/wp-json\/wp\/v2\/posts\/149715\/revisions"}],"wp:featuredmedia":[{"embeddable":true,"href":"https:\/\/www.europesays.com\/fr\/wp-json\/wp\/v2\/media\/149716"}],"wp:attachment":[{"href":"https:\/\/www.europesays.com\/fr\/wp-json\/wp\/v2\/media?parent=149715"}],"wp:term":[{"taxonomy":"category","embeddable":true,"href":"https:\/\/www.europesays.com\/fr\/wp-json\/wp\/v2\/categories?post=149715"},{"taxonomy":"post_tag","embeddable":true,"href":"https:\/\/www.europesays.com\/fr\/wp-json\/wp\/v2\/tags?post=149715"}],"curies":[{"name":"wp","href":"https:\/\/api.w.org\/{rel}","templated":true}]}}