{"id":149725,"date":"2025-06-03T19:58:12","date_gmt":"2025-06-03T19:58:12","guid":{"rendered":"https:\/\/www.europesays.com\/fr\/149725\/"},"modified":"2025-06-03T19:58:12","modified_gmt":"2025-06-03T19:58:12","slug":"ils-vivent-au-coeur-de-la-rue-de-la-soif-a-paris","status":"publish","type":"post","link":"https:\/\/www.europesays.com\/fr\/149725\/","title":{"rendered":"ils vivent au c\u0153ur de la rue de la soif \u00e0 Paris"},"content":{"rendered":"<p>            Par<br \/>\n        <strong><br \/>\n            <a href=\"https:\/\/actu.fr\/auteur\/augustin-delaporte\" title=\"Consulter tous les articles de Augustin Delaporte\" target=\"_blank\" rel=\"noopener\">Augustin Delaporte<\/a><br \/>\n        <\/strong><\/p>\n<p>        Publi\u00e9 le<\/p>\n<p>            3 juin 2025 \u00e0 19h06        <\/p>\n<p>\u00ab\u00a0Attends, je t\u2019ai pas racont\u00e9 ? Les pompiers sont arriv\u00e9s et les gars ont commenc\u00e9 \u00e0 <strong>leur tirer dessus avec des mortiers<\/strong>.\u00a0\u00bb Casquette \u00e0 l\u2019envers et t\u00e9l\u00e9phone en mode haut-parleur, un homme en t-shirt blanc d\u00e9vale la rue Princesse \u00e0 Paris (6e). Comme un lendemain de soir\u00e9e arros\u00e9e, il rassemble progressivement ses souvenirs. Trois jours auparavant, le Paris Saint-Germain <a href=\"https:\/\/actu.fr\/ile-de-france\/paris_75056\/le-plus-beau-jour-de-ma-vie-sur-les-champs-elysees-les-fans-du-psg-fetent-les-nouveaux-rois-de-l-europe_62713427.html\" target=\"_blank\" rel=\"noopener\">s\u2019est hiss\u00e9 sur le toit de l\u2019Europe du football<\/a>. En marge de cette <a href=\"https:\/\/actu.fr\/sports\/football\/psg-inter-en-ligue-des-champions-quel-club-a-remporte-le-plus-de-titres-le-palmares-complet-depuis-1956_62711663.html\" target=\"_blank\" rel=\"noopener\"><strong>victoire historique<\/strong><\/a>, les sc\u00e8nes de liesse populaire ont \u00e9t\u00e9 <a href=\"https:\/\/actu.fr\/ile-de-france\/paris_75056\/violences-apres-la-victoire-du-psg-devant-le-tribunal-de-paris-la-honte-et-le-regret-des-supporters_62716789.html\" target=\"_blank\" rel=\"noopener\">\u00e9maill\u00e9es d\u2019incidents<\/a> et de nombreuses interpellations. Dans la capitale, la <a href=\"https:\/\/actu.fr\/ile-de-france\/paris_75056\/coupe-du-monde-de-rugby-rue-princesse-quartier-de-la-soif-et-eden-des-supporters-a-paris_60046875.html\" target=\"_blank\" rel=\"noopener\">c\u00e9l\u00e8bre rue de la Soif<\/a> n\u2019a \u00e9videmment pas fait exception.<\/p>\n<p>\u00ab\u00a0\u00c7a puait le cram\u00e9\u00a0\u00bb<\/p>\n<p class=\" wall-content\">\u00ab\u00a0On a accueilli le monde dans de tr\u00e8s bonnes conditions cet \u00e9t\u00e9 avec <a href=\"https:\/\/actu.fr\/tag\/jo-paris-2024\" target=\"_blank\" rel=\"noopener\">les Jeux<\/a>, mais l\u00e0\u2026\u00a0\u00bb En sortant de la bouche de m\u00e9tro <strong>Saint-Germain-des-Pr\u00e9s<\/strong>, un couple d\u00e9plore les heurts des derniers jours. Laissant le bas de la <a href=\"https:\/\/actu.fr\/ile-de-france\/paris_75056\/crise-du-commerce-a-paris-comment-la-rue-de-rennes-tente-de-se-renouveler_60044684.html\" target=\"_blank\" rel=\"noopener\">rue de Rennes<\/a> et son point de vue privil\u00e9gi\u00e9 sur la <a href=\"https:\/\/actu.fr\/ile-de-france\/paris_75056\/le-lieu-est-mort-a-paris-sous-la-tour-montparnasse-un-centre-commercial-au-bord-du-gouffre_62513492.html\" target=\"_blank\" rel=\"noopener\">tour Montparnasse<\/a> dans leur dos, ils progressent lentement jusqu\u2019\u00e0 l\u2019entr\u00e9e de la rue Princesse.\u00a0<\/p>\n<p>    <img   decoding=\"async\" loading=\"lazy\" src=\"https:\/\/www.europesays.com\/fr\/wp-content\/uploads\/2025\/06\/img-3241-960x640.jpg\" alt=\"Sur un quai du m\u00e9tro Saint-Germain-des-Pr\u00e9s, mardi 3 juin 2025.\" width=\"960\" height=\"640\"\/><br \/>\n    Sur un quai du m\u00e9tro Saint-Germain-des-Pr\u00e9s, mardi 3 juin 2025. (\u00a9AD \/ actu Paris)<\/p>\n<p class=\" wall-content\">Dans <strong>l\u2019art\u00e8re\u00a0propre comme un sou neuf<\/strong>, un chien noir faisant sa balade matinale croise leur route. Son ma\u00eetre s\u2019arr\u00eate, puis fait remarquer le sol all\u00e9grement mouill\u00e9 et immacul\u00e9. \u00ab\u00a0Il n\u2019a pas plu aujourd\u2019hui\u00a0\u00bb, note-t-il dans un sourire. Gr\u00e2ce au travail des services de propret\u00e9, le contraste avec les images de la nuit du 31 mai au 1er juin 2025 est effarant.\u00a0<\/p>\n<p class=\" wall-content\">Ce soir-l\u00e0, la f\u00eate a d\u00e9g\u00e9n\u00e9r\u00e9 aux alentours de 22 heures, alors que sur le terrain de Munich Achraf Hakimi et D\u00e9sir\u00e9 Dou\u00e9 avaient mis Paris sur les bons rails. \u00ab\u00a0<strong>Un feu d\u2019artifice a fini dans un appartement<\/strong>, qui a pris feu\u00a0\u00bb, retrace un jeune de 20 ans pr\u00e9sent au moment des faits. Celui-ci pointe du doigt la porte du num\u00e9ro 5 : \u00ab\u00a0Pour \u00e9viter les camions de pompiers, les gens se sont tass\u00e9s l\u00e0. Ils \u00e9taient tellement nombreux, que la porte a c\u00e9d\u00e9. <strong>Une femme est tomb\u00e9e dans les pommes<\/strong>\u00a0\u00bb, poursuit-il.\u00a0<\/p>\n<p class=\" wall-content\">\n<p class=\" wall-content\">Il s\u2019est ensuite r\u00e9fugi\u00e9 au \u00ab\u00a0Coffee Parisien\u00a0\u00bb durant pr\u00e8s d\u2019une heure et demie et n\u2019a <strong>pas pu remonter chez lui avant trois heures<\/strong> du matin. \u00ab\u00a0\u00c7a puait le cram\u00e9\u2026 Tu ne pouvais plus traverser la rue et des jeunes ont tir\u00e9 des mortiers sur les infirmiers. Il a fallu que les CRS interviennent (\u2026) Les gens marchaient sur le boulevard Saint-Germain et faisaient <strong>un convoi vers le Trocad\u00e9ro<\/strong>, c\u2019\u00e9tait quelque chose\u00a0\u00bb, ajoute le vingtenaire.\u00a0 \u00a0<\/p>\n<p>\u00ab\u00a0La plupart du temps, c\u2019est bon enfant !\u00a0\u00bb\u00a0<\/p>\n<p class=\" wall-content\">Install\u00e9 rue Princesse depuis 2019, un habitant avait vu les choses venir : \u00ab\u00a0On se doutait que \u00e7a se passerait comme \u00e7a, donc <strong>on a pr\u00e9f\u00e9r\u00e9 s\u2019absenter avec ma femme et mon b\u00e9b\u00e9<\/strong>\u00a0\u00bb. Sa fen\u00eatre donne sur l\u2019appartement touch\u00e9 par les flammes. \u00ab\u00a0C\u2019est encore sinistr\u00e9\u00a0\u00bb, atteste-t-il.\u00a0<\/p>\n<p>    <img   decoding=\"async\" loading=\"lazy\" src=\"https:\/\/www.europesays.com\/fr\/wp-content\/uploads\/2025\/06\/77063055316-d10307b1-1ebd-497e-9538-d12e34a1a8fc-960x640.jpg\" alt=\"Trois jours apr\u00e8s l'incendie d'appartement du samedi 31 mai 2025, des stigmates \u00e9taient encore visibles.\" width=\"960\" height=\"640\"\/><br \/>\n    Trois jours apr\u00e8s l\u2019incendie d\u2019appartement du samedi 31 mai 2025, des stigmates \u00e9taient encore visibles. (\u00a9Photo transmise \u00e0 actu Paris)<\/p>\n<p class=\" wall-content\">Tout en jugeant que l<strong>a soir\u00e9e du 31 n\u2019\u00e9tait en r\u00e9alit\u00e9 qu\u2019un \u00e9v\u00e9nement isol\u00e9<\/strong>, pas vraiment repr\u00e9sentatif de la vie dans cette voie festive de Paris. \u00ab\u00a0Quand j\u2019ai emm\u00e9nag\u00e9 ici, je suis venu en connaissance de cause. Cette rue est c\u00e9l\u00e8bre. Sa r\u00e9putation irradie jusqu\u2019\u00e0 Toulouse, puisque c\u2019est la <a href=\"https:\/\/actu.fr\/ile-de-france\/paris_75056\/finale-stade-toulousain-la-rochelle-les-supporters-de-toulouse-envahissent-la-rue-princesse_59745318.html\" target=\"_blank\" rel=\"noopener\">fanzone de la capitale des supporters du Stade Toulousain<\/a>. Mais la plupart du temps, c\u2019est bon enfant ! C\u2019est majoritairement des trentenaires ou des quadras, ils nous font des sourires quand on passe\u2026\u00a0\u00bb\u00a0<\/p>\n<p class=\" wall-content\">Un riverain abonde. \u00ab\u00a0Il y avait de l\u2019excitation pour la <a href=\"https:\/\/actu.fr\/tag\/ligue-des-champions\" target=\"_blank\" rel=\"noopener\">Ligue des champions<\/a> et il y a eu des d\u00e9bordements, mais <strong>comme dans tout Paris finalement<\/strong>.\u00a0\u00bb Apr\u00e8s un court moment de r\u00e9flexion, il compl\u00e8te : \u00ab\u00a0M\u00eame si c\u2019est vrai que, depuis quelques ann\u00e9es, des jeunes de quartier ont pris l\u2019habitude de venir et s\u00e8ment parfois la pagaille. Les bars sont un peu d\u00e9munis\u00a0\u00bb.\u00a0<\/p>\n<p>Le jour et la nuit<\/p>\n<p class=\" wall-content\">Sans que la vie des gens n\u2019en devienne un chemin de croix, loin de l\u00e0. \u00ab\u00a0Il y a des familles que \u00e7a freine\u00a0\u00bb, fait savoir un agent immobilier qui travaille dans le secteur. Tout en pr\u00e9cisant : \u00ab\u00a0Mais l\u2019endroit retrouve <strong>un esprit de village au matin<\/strong>. C\u2019est assez calme et, paradoxalement, c\u2019est l\u2019une des rues les plus propres de Paris\u00a0\u00bb.\u00a0<\/p>\n<p class=\" wall-content\">Sur le pas de sa porte, un habitant de la rue argue : \u00ab\u00a0On est clairement d\u00e9pendant de la voirie, si elle ne passe pas \u00e0 cause d\u2019une gr\u00e8ve ou lors d\u2019un jour f\u00e9ri\u00e9, <strong>\u00e7a ressemble \u00e0 une zone de guerre<\/strong>. Mais sinon\u2026 Quand je rentre vers 23 heures il y a du verre partout et, le matin, c\u2019est comme aujourd\u2019hui : totalement nettoy\u00e9. Quant au bruit, mes fen\u00eatres sont tr\u00e8s bien insonoris\u00e9es et je n\u2019entends rien\u00a0\u00bb.\u00a0<\/p>\n<p>    <img   decoding=\"async\" loading=\"lazy\" src=\"https:\/\/www.europesays.com\/fr\/wp-content\/uploads\/2025\/06\/img-3236-960x640.jpg\" alt=\"L'ambiance redevenue paisible rue Princesse. \" width=\"960\" height=\"640\"\/><br \/>\n    L\u2019ambiance redevenue paisible au matin, rue Princesse. (\u00a9AD \/ actu Paris)<\/p>\n<p class=\" wall-content\">Une voisine passe en quatri\u00e8me vitesse. \u00ab\u00a0C\u2019est d\u00e9j\u00e0 arriv\u00e9 qu\u2019il y ait des comas \u00e9thyliques dans la cour, mais de mani\u00e8re g\u00e9n\u00e9rale \u00e7a se passe tr\u00e8s bien\u00a0\u00bb, commente-elle en \u00f4tant rapidement un \u00e9couteur de son oreille.<\/p>\n<p class=\" wall-content\">Un jeune du coin sourit. \u00ab\u00a0En cas de souci, on est par\u00e9, <strong>les pompiers se rendent souvent au \u00ab Petit Saint-Germain \u00bb<\/strong>. Plus s\u00e9rieusement, la population est super cool ici.\u00a0\u00bb Certains ont m\u00eame des tips pour avoir leur place dans les bars les jours de match : \u00ab\u00a0On s\u2019entend bien avec quelques-uns, ils nous laissent entrer par derri\u00e8re\u00a0\u00bb, confie l\u2019un d\u2019eux.\u00a0<\/p>\n<p class=\" wall-content\">Avant de conclure : \u00ab\u00a0Il y a des jeunes et des moins jeunes dans la rue, mais <strong>je n\u2019ai jamais entendu quelqu\u2019un se plaindre<\/strong>. C\u2019est m\u00eame plut\u00f4t l\u2019inverse.\u00a0\u00bb\u00a0<\/p>\n<p class=\" wall-content\">Suivez toute l\u2019actualit\u00e9 de vos villes et m\u00e9dias favoris en vous inscrivant \u00e0 <a href=\"https:\/\/moncompte.actu.fr\" title=\"D\u00e9couvez Mon Actu\" rel=\"nofollow noopener\" data-trk=\"{&quot;cta&quot;:{&quot;action&quot;:&quot;https:\\\/\\\/moncompte.actu.fr&quot;,&quot;category&quot;:&quot;mon compte&quot;,&quot;from&quot;:&quot;article footer&quot;,&quot;name&quot;:&quot;Mon actu&quot;,&quot;type&quot;:&quot;cta&quot;}}\" target=\"_blank\">Mon Actu<\/a>.<\/p>\n","protected":false},"excerpt":{"rendered":"Par Augustin Delaporte Publi\u00e9 le 3 juin 2025 \u00e0 19h06 \u00ab\u00a0Attends, je t\u2019ai pas racont\u00e9 ? Les pompiers&hellip;\n","protected":false},"author":2,"featured_media":149726,"comment_status":"","ping_status":"","sticky":false,"template":"","format":"standard","meta":{"footnotes":""},"categories":[1888],"tags":[1111,1928,11,1927,5702,1777,674,1011,27,12,1926,626,1925,1311,25,104,517],"class_list":{"0":"post-149725","1":"post","2":"type-post","3":"status-publish","4":"format-standard","5":"has-post-thumbnail","7":"category-paris","8":"tag-actu","9":"tag-actu-paris","10":"tag-actualites","11":"tag-actualites-paris","12":"tag-alcool","13":"tag-eu","14":"tag-europe","15":"tag-fr","16":"tag-france","17":"tag-news","18":"tag-news-paris","19":"tag-paris","20":"tag-paris-news","21":"tag-pompiers","22":"tag-republique-francaise","23":"tag-societe","24":"tag-sport"},"share_on_mastodon":{"url":"https:\/\/pubeurope.com\/@fr\/114621205961141943","error":""},"_links":{"self":[{"href":"https:\/\/www.europesays.com\/fr\/wp-json\/wp\/v2\/posts\/149725","targetHints":{"allow":["GET"]}}],"collection":[{"href":"https:\/\/www.europesays.com\/fr\/wp-json\/wp\/v2\/posts"}],"about":[{"href":"https:\/\/www.europesays.com\/fr\/wp-json\/wp\/v2\/types\/post"}],"author":[{"embeddable":true,"href":"https:\/\/www.europesays.com\/fr\/wp-json\/wp\/v2\/users\/2"}],"replies":[{"embeddable":true,"href":"https:\/\/www.europesays.com\/fr\/wp-json\/wp\/v2\/comments?post=149725"}],"version-history":[{"count":0,"href":"https:\/\/www.europesays.com\/fr\/wp-json\/wp\/v2\/posts\/149725\/revisions"}],"wp:featuredmedia":[{"embeddable":true,"href":"https:\/\/www.europesays.com\/fr\/wp-json\/wp\/v2\/media\/149726"}],"wp:attachment":[{"href":"https:\/\/www.europesays.com\/fr\/wp-json\/wp\/v2\/media?parent=149725"}],"wp:term":[{"taxonomy":"category","embeddable":true,"href":"https:\/\/www.europesays.com\/fr\/wp-json\/wp\/v2\/categories?post=149725"},{"taxonomy":"post_tag","embeddable":true,"href":"https:\/\/www.europesays.com\/fr\/wp-json\/wp\/v2\/tags?post=149725"}],"curies":[{"name":"wp","href":"https:\/\/api.w.org\/{rel}","templated":true}]}}