{"id":149763,"date":"2025-06-03T20:19:09","date_gmt":"2025-06-03T20:19:09","guid":{"rendered":"https:\/\/www.europesays.com\/fr\/149763\/"},"modified":"2025-06-03T20:19:09","modified_gmt":"2025-06-03T20:19:09","slug":"la-course-exceptionnelle-de-remi-daumas-actualite","status":"publish","type":"post","link":"https:\/\/www.europesays.com\/fr\/149763\/","title":{"rendered":"La \u00ab course exceptionnelle \u00bb de R\u00e9mi Daumas &#8211; Actualit\u00e9"},"content":{"rendered":"<p style=\"text-align: justify;\">R\u00e9mi Daumas a bien franchi le cap entre les Juniors et les Espoirs. D\u00e9j\u00e0 \u00e0 l\u2019attaque sur Li\u00e8ge-Bastogne-Li\u00e8ge mi-avril (<strong><a href=\"https:\/\/www.directvelo.com\/actualite\/120075\/remi-daumas-j-ai-reussi-mon-coup\" target=\"_blank\" rel=\"noopener\">lire ici<\/a><\/strong>), le coureur de la Conti Groupama-FDJ a fini fort l\u2019Alpes Is\u00e8re Tour en \u00e9tant \u00e0 l\u2019attaque lors de la derni\u00e8re \u00e9tape. \u201cCe qu\u2019il a fait sur une course de 180 kilom\u00e8tres en sortant des Juniors, \u00e7a montre qu&rsquo;il a d&rsquo;\u00e9normes capacit\u00e9s physiques\u201d, appr\u00e9cie J\u00e9r\u00f4me Gannat aupr\u00e8s de DirectVelo.<\/p>\n<p>L\u2019ancien coureur du Team 31 Jolly Cycles U19 a parfaitement respect\u00e9 les consignes de son directeur sportif en prenant place dans l\u2019\u00e9chapp\u00e9e de l\u2019\u00e9tape-reine de l\u2019\u00e9preuve de Classe 2. \u201cJe devais aller \u00e0 l&rsquo;avant pour essayer d&rsquo;aider Maxime (Decomble) dans le final\u201d. Il a marqu\u00e9 l\u00e9g\u00e8rement le pas dans le col du Parquetout. \u201cIl aime bien monter au train et ne pas donner d\u2019\u00e0-coups\u201d, dit J\u00e9r\u00f4me Gannat. Il est revenu sur la t\u00eate avant le sommet puis les principaux favoris sont rentr\u00e9s dans la descente, dont ses co\u00e9quipiers Maxime Decomble et Max Bock. \u201c\u00c7a s&rsquo;est ensuite pos\u00e9. Nous \u00e9tions trois de l\u2019\u00e9quipe mais ce n\u2019\u00e9tait pas \u00e0 nous de rouler comme nous n\u2019\u00e9tions pas les mieux plac\u00e9s au g\u00e9n\u00e9ral. Comme \u00e7a temporisait, j&rsquo;ai d\u00e9cid\u00e9 d&rsquo;y aller. On m&rsquo;a laiss\u00e9 sortir, j&rsquo;ai roul\u00e9 \u00e0 mon tempo\u201d.<\/p>\n<p><strong>\u00ab UN COUREUR SOLIDE\u00a0\u00bb<\/strong><\/p>\n<p>Il a compt\u00e9 une minute d\u2019avance mais n\u2019a pu s\u2019offrir la victoire dans les rues de La Mure. \u201cJ\u2019\u00e9tais un peu dans le mal dans la derni\u00e8re bosse. J\u2019avais une minute d\u2019avance au pied, ce n&rsquo;\u00e9tait pas beaucoup\u00a0avec tous les efforts que j&rsquo;avais faits. Il n\u2019a pas manqu\u00e9 grand-chose. C&rsquo;est dommage mais c&rsquo;est comme \u00e7a\u201d.\u00a0Certains retiendront que c\u2019est son leader Maxime Decomble qui a ramen\u00e9 les poursuivants sur le sommet de la derni\u00e8re bosse (<strong><a href=\"https:\/\/www.directvelo.com\/actualite\/121090\/conti-groupama-fdj-l-erreur-peut-sexpliquer\" target=\"_blank\" rel=\"noopener\">lire ici<\/a><\/strong>), d\u2019autres se souviendront plut\u00f4t du num\u00e9ro r\u00e9alis\u00e9 par l\u2019Espoir 1\u00e8re ann\u00e9e. Il termine 5e de l&rsquo;\u00e9tape et 10e du g\u00e9n\u00e9ral.\u00a0\u201cIl n&rsquo;est pas pass\u00e9 loin de la victoire d&rsquo;\u00e9tape. Il a fait une course exceptionnelle. Il fait quand m\u00eame 30 kilom\u00e8tres tout seul, en creusant progressivement. C\u2019est un coureur solide\u201d, appr\u00e9cie J\u00e9r\u00f4me Gannat.<\/p>\n<p>L\u2019Alpes Is\u00e8re Tour de R\u00e9mi Daumas montre qu\u2019il encaisse d\u00e9j\u00e0 bien\u00a0les courses par \u00e9tapes. \u201cJ&rsquo;ai fait des efforts tous les jours pour essayer d&rsquo;aider Lewis (Bower) pour le sprint et Maxime (Decomble) pour le g\u00e9n\u00e9ral. M\u00eame avec les efforts que j&rsquo;ai faits toute la semaine, j&rsquo;\u00e9tais encore frais le dernier jour sur une \u00e9tape dure de cinq heures. Voir que j&rsquo;ai les jambes m\u00eame en fin d\u2019\u00e9tape, sur un dernier jour de course, c&rsquo;est bien pour la suite\u201d. La suite imm\u00e9diate, c\u2019est le Tour d\u2019Italie Espoirs.<\/p>\n","protected":false},"excerpt":{"rendered":"R\u00e9mi Daumas a bien franchi le cap entre les Juniors et les Espoirs. D\u00e9j\u00e0 \u00e0 l\u2019attaque sur Li\u00e8ge-Bastogne-Li\u00e8ge&hellip;\n","protected":false},"author":2,"featured_media":149764,"comment_status":"","ping_status":"","sticky":false,"template":"","format":"standard","meta":{"footnotes":""},"categories":[1411],"tags":[834,828,836,829,837,827,83,826,824,823,1154,207,814,817,815,816,822,821,832,211,839,1011,27,820,818,819,835,831,830,833,838,60,212,208,825],"class_list":{"0":"post-149763","1":"post","2":"type-post","3":"status-publish","4":"format-standard","5":"has-post-thumbnail","7":"category-cyclisme","8":"tag-attaque","9":"tag-belgique","10":"tag-braquet","11":"tag-bretagne","12":"tag-chute","13":"tag-competition","14":"tag-coupe-de-france","15":"tag-coureur","16":"tag-course-cyclisme","17":"tag-course-cycliste","18":"tag-cycling","19":"tag-cyclisme","20":"tag-direct","21":"tag-direct-velo","22":"tag-directvelo","23":"tag-directvelo-com","24":"tag-epreuve","25":"tag-epreuve-cycliste","26":"tag-federation-francaise-de-cyclisme","27":"tag-ffc","28":"tag-flandres","29":"tag-fr","30":"tag-france","31":"tag-live","32":"tag-live-course","33":"tag-live-epreuve","34":"tag-peloton","35":"tag-radio-peloton","36":"tag-radio-tour","37":"tag-ravitaillement","38":"tag-relance","39":"tag-sports","40":"tag-uci","41":"tag-velo","42":"tag-velos"},"share_on_mastodon":{"url":"https:\/\/pubeurope.com\/@fr\/114621288515658048","error":""},"_links":{"self":[{"href":"https:\/\/www.europesays.com\/fr\/wp-json\/wp\/v2\/posts\/149763","targetHints":{"allow":["GET"]}}],"collection":[{"href":"https:\/\/www.europesays.com\/fr\/wp-json\/wp\/v2\/posts"}],"about":[{"href":"https:\/\/www.europesays.com\/fr\/wp-json\/wp\/v2\/types\/post"}],"author":[{"embeddable":true,"href":"https:\/\/www.europesays.com\/fr\/wp-json\/wp\/v2\/users\/2"}],"replies":[{"embeddable":true,"href":"https:\/\/www.europesays.com\/fr\/wp-json\/wp\/v2\/comments?post=149763"}],"version-history":[{"count":0,"href":"https:\/\/www.europesays.com\/fr\/wp-json\/wp\/v2\/posts\/149763\/revisions"}],"wp:featuredmedia":[{"embeddable":true,"href":"https:\/\/www.europesays.com\/fr\/wp-json\/wp\/v2\/media\/149764"}],"wp:attachment":[{"href":"https:\/\/www.europesays.com\/fr\/wp-json\/wp\/v2\/media?parent=149763"}],"wp:term":[{"taxonomy":"category","embeddable":true,"href":"https:\/\/www.europesays.com\/fr\/wp-json\/wp\/v2\/categories?post=149763"},{"taxonomy":"post_tag","embeddable":true,"href":"https:\/\/www.europesays.com\/fr\/wp-json\/wp\/v2\/tags?post=149763"}],"curies":[{"name":"wp","href":"https:\/\/api.w.org\/{rel}","templated":true}]}}