{"id":149769,"date":"2025-06-03T20:22:12","date_gmt":"2025-06-03T20:22:12","guid":{"rendered":"https:\/\/www.europesays.com\/fr\/149769\/"},"modified":"2025-06-03T20:22:12","modified_gmt":"2025-06-03T20:22:12","slug":"en-chine-un-touriste-endommage-deux-guerriers-de-larmee-de-terre-cuite","status":"publish","type":"post","link":"https:\/\/www.europesays.com\/fr\/149769\/","title":{"rendered":"En Chine, un touriste endommage deux guerriers de l\u2019Arm\u00e9e de terre cuite"},"content":{"rendered":"<p class=\"editor-content__paragraph\">Malgr\u00e9 la fragilit\u00e9 de leur mat\u00e9riau, ils \u00e9taient rest\u00e9s intacts pendant plus de deux mill\u00e9naires\u2026 Jusqu\u2019\u00e0 ce vendredi 30\u00a0mai. En proie \u00e0 un apparent \u00e9pisode psychotique, un touriste chinois \u00e2g\u00e9 de 30\u00a0ans a en effet <strong>endommag\u00e9 deux statues<\/strong> issues de <a href=\"https:\/\/www.beauxarts.com\/grand-format\/larmee-de-terre-cuite-garde-immortelle-de-lempereur-qin\/\" target=\"_blank\" rel=\"noopener\">la fameuse <strong>Arm\u00e9e de guerriers en terre cuite de l\u2019empereur Qin<\/strong><\/a> (210\u2013209\u00a0av. J-C.). Les faits se sont d\u00e9roul\u00e9s au sein du mus\u00e9e qui les expose dans de vastes hangars sur les lieux m\u00eames de leur d\u00e9couverte\u00a0: le mausol\u00e9e de Qin Shi Huang, <strong> pr\u00e8s de la ville de Xi\u2019an<\/strong>, ancienne capitale du pays situ\u00e9e dans la province du Shaanxi.<\/p>\n<p class=\"editor-content__paragraph\">Le visiteur a \u00ab\u00a0escalad\u00e9 la barri\u00e8re de s\u00e9curit\u00e9 et le filet de protection\u00a0\u00bb puis <strong>\u00ab\u00a0saut\u00e9\u00a0\u00bb dans la fosse n\u00b03<\/strong>, profonde de 5,4\u00a0m\u00e8tres, o\u00f9 sont align\u00e9es les statues, puis <strong>cass\u00e9 deux guerriers en argile<\/strong> apr\u00e8s les avoir \u00ab\u00a0pouss\u00e9s\u00a0\u00bb et \u00ab\u00a0tir\u00e9s\u00a0\u00bb, ont r\u00e9v\u00e9l\u00e9 samedi dernier les autorit\u00e9s locales dans un communiqu\u00e9.<\/p>\n<p>    <img loading=\"lazy\" decoding=\"async\" class=\"image__img\" src=\"https:\/\/www.europesays.com\/fr\/wp-content\/uploads\/2025\/06\/webuomo-distrugge-statue-esercito-di-terracotta-964x768.jpg\" alt=\"Un homme a d\u00e9truit des statues de l\u2019arm\u00e9e en terre cuite\" width=\"964\" height=\"768\"\/><\/p>\n<p>Un homme a d\u00e9truit des statues de l\u2019arm\u00e9e en terre cuite, 2025<\/p>\n<p class=\"editor-content__paragraph\">L\u2019homme, qu\u2019une vid\u00e9o montre prostr\u00e9 et visiblement en souffrance au milieu des statues renvers\u00e9es, et qui a peu apr\u00e8s \u00e9t\u00e9 ma\u00eetris\u00e9, <strong>serait atteint de \u00ab\u00a0troubles mentaux\u00a0\u00bb<\/strong>. L\u2019enqu\u00eate se poursuit apr\u00e8s une fermeture temporaire qui a \u00e9t\u00e9 suivie d\u2019une r\u00e9ouverture ce samedi, d\u00e8s le lendemain de l\u2019incident.<\/p>\n<p>Une merveille de l\u2019Empire chinois<\/p>\n<blockquote class=\"editor-content__blockquote editor-content__blockquote--align-left\">\n<p>Cette foule solennelle a \u00e9t\u00e9 enterr\u00e9e en 210\u2013209\u00a0avant J.-C. pour monter la garde \u00e0 l\u2019est de la tombe de l\u2019empereur Qin Shi Huang.<\/p>\n<\/blockquote>\n<p class=\"editor-content__paragraph\">Cet ensemble de <strong>8\u00a0000\u00a0sculptures<\/strong> de fantassins, cavaliers, archers et autres personnages (tous uniques) figure, avec la <a href=\"https:\/\/www.beauxarts.com\/grand-format\/la-grande-muraille-de-chine-dragon-de-pierre-aux-mille-et-une-vies\/\" target=\"_blank\" rel=\"noopener\">Grande Muraille<\/a> et <a href=\"https:\/\/www.beauxarts.com\/grand-format\/la-cite-interdite-a-pekin-fascinant-dedale-au-coeur-de-la-chine-imperiale\/\" target=\"_blank\" rel=\"noopener\">la Cit\u00e9 interdite<\/a>, parmi les plus grandes fiert\u00e9s patrimoniales de la Chine. <strong>Inscrit au patrimoine mondial de l\u2019UNESCO depuis 1987<\/strong>, il repr\u00e9sente en trois dimensions et grandeur nature <strong>les troupes du premier empereur de Chine<\/strong>, Qin Shi Huang (259\u2013210\u00a0av. J.-C.). Enterr\u00e9e en 210\u2013209\u00a0avant J.-C. pour monter la garde \u00e0 l\u2019est de la tombe de ce dernier, cette foule solennelle, align\u00e9e \u00e0 perte de vue, a \u00e9t\u00e9 <strong>fa\u00e7onn\u00e9e \u00e0 la main, grav\u00e9e et cuite par 700\u00a0000\u00a0artisans<\/strong>, avant d\u2019\u00eatre red\u00e9couverte en 1974\u00a0par des agriculteurs et aujourd\u2019hui expos\u00e9e dans ses fosses d\u2019origine.<\/p>\n<p>        \u00c0 lire aussi :<br \/>\n        <a class=\"renvoi-explicite__link\" href=\"https:\/\/www.beauxarts.com\/grand-format\/larmee-de-terre-cuite-garde-immortelle-de-lempereur-qin\/\" target=\"_blank\" rel=\"noopener\">L\u2019Arm\u00e9e de terre cuite, garde immortelle de l\u2019empereur Qin<\/a><\/p>\n<p>Le pouce d\u2019un cavalier en terre cuite cass\u00e9 et d\u00e9rob\u00e9 en 2017<\/p>\n<p class=\"editor-content__paragraph\">Ce n\u2019est pas la premi\u00e8re fois que ces guerriers subissent une \u00e9trange m\u00e9saventure. Le 21\u00a0d\u00e9cembre 2017, de retour d\u2019une soir\u00e9e de No\u00ebl \u00e0 th\u00e8me \u00ab\u00a0pulls moches\u00a0\u00bb, un homme en \u00e9tat d\u2019ivresse, Michael Rohana, s\u2019\u00e9tait introduit ill\u00e9galement avec des amis dans les salles du <strong>Franklin Museum de Philadelphie<\/strong>, o\u00f9 il avait bris\u00e9 (en touchant la statue pour prendre un selfie) puis d\u00e9rob\u00e9 et dissimul\u00e9 chez lui <strong>le pouce d\u2019un cavalier issu de cette arm\u00e9e<\/strong>. Film\u00e9 par les cam\u00e9ras de vid\u00e9osurveillance, l\u2019acte <strong>avait provoqu\u00e9 un scandale international<\/strong> et contraint le mus\u00e9e \u00e0 pr\u00e9senter des excuses officielles \u00e0 la Chine, qui lui avait pr\u00eat\u00e9 la statue pour une exposition. Rohana s\u2019en \u00e9tait tir\u00e9 avec 100\u00a0heures de travaux d\u2019int\u00e9r\u00eat g\u00e9n\u00e9ral, <strong> cinq ans en libert\u00e9 surveill\u00e9e et plusieurs milliers de dollars d\u2019amende<\/strong> et de compensations financi\u00e8res, ainsi qu\u2019un sermon du juge l\u2019accusant d\u2019avoir d\u00e9shonor\u00e9 les \u00c9tats-Unis. De quoi prendre un peu plus conscience de la valeur de ces tr\u00e9sors arch\u00e9ologiques.<\/p>\n<p>        \u00c0 lire aussi :<br \/>\n        <a class=\"renvoi-explicite__link\" href=\"https:\/\/www.beauxarts.com\/grand-format\/un-enfant-endommage-un-rothko-a-50-millions-deuros-au-musee-boijmans\/\" target=\"_blank\" rel=\"noopener\">Un enfant endommage un Rothko \u00e0 50 millions d&rsquo;euros au mus\u00e9e Boijmans<\/a><\/p>\n","protected":false},"excerpt":{"rendered":"Malgr\u00e9 la fragilit\u00e9 de leur mat\u00e9riau, ils \u00e9taient rest\u00e9s intacts pendant plus de deux mill\u00e9naires\u2026 Jusqu\u2019\u00e0 ce vendredi&hellip;\n","protected":false},"author":2,"featured_media":149770,"comment_status":"","ping_status":"","sticky":false,"template":"","format":"standard","meta":{"footnotes":""},"categories":[1358],"tags":[9438,730,1348,1384,1385,1386,58,59,1011,27,3899],"class_list":{"0":"post-149769","1":"post","2":"type-post","3":"status-publish","4":"format-standard","5":"has-post-thumbnail","7":"category-arts-et-design","8":"tag-antiquite","9":"tag-archeologie","10":"tag-arts","11":"tag-arts-and-design","12":"tag-arts-et-design","13":"tag-design","14":"tag-divertissement","15":"tag-entertainment","16":"tag-fr","17":"tag-france","18":"tag-sculpture"},"share_on_mastodon":{"url":"https:\/\/pubeurope.com\/@fr\/114621300365986741","error":""},"_links":{"self":[{"href":"https:\/\/www.europesays.com\/fr\/wp-json\/wp\/v2\/posts\/149769","targetHints":{"allow":["GET"]}}],"collection":[{"href":"https:\/\/www.europesays.com\/fr\/wp-json\/wp\/v2\/posts"}],"about":[{"href":"https:\/\/www.europesays.com\/fr\/wp-json\/wp\/v2\/types\/post"}],"author":[{"embeddable":true,"href":"https:\/\/www.europesays.com\/fr\/wp-json\/wp\/v2\/users\/2"}],"replies":[{"embeddable":true,"href":"https:\/\/www.europesays.com\/fr\/wp-json\/wp\/v2\/comments?post=149769"}],"version-history":[{"count":0,"href":"https:\/\/www.europesays.com\/fr\/wp-json\/wp\/v2\/posts\/149769\/revisions"}],"wp:featuredmedia":[{"embeddable":true,"href":"https:\/\/www.europesays.com\/fr\/wp-json\/wp\/v2\/media\/149770"}],"wp:attachment":[{"href":"https:\/\/www.europesays.com\/fr\/wp-json\/wp\/v2\/media?parent=149769"}],"wp:term":[{"taxonomy":"category","embeddable":true,"href":"https:\/\/www.europesays.com\/fr\/wp-json\/wp\/v2\/categories?post=149769"},{"taxonomy":"post_tag","embeddable":true,"href":"https:\/\/www.europesays.com\/fr\/wp-json\/wp\/v2\/tags?post=149769"}],"curies":[{"name":"wp","href":"https:\/\/api.w.org\/{rel}","templated":true}]}}