{"id":149789,"date":"2025-06-03T20:32:08","date_gmt":"2025-06-03T20:32:08","guid":{"rendered":"https:\/\/www.europesays.com\/fr\/149789\/"},"modified":"2025-06-03T20:32:08","modified_gmt":"2025-06-03T20:32:08","slug":"une-influenceuse-de-19-ans-se-detache-de-son-parachute-ascensionnel-et-fait-une-chute-mortelle-de-50-metres","status":"publish","type":"post","link":"https:\/\/www.europesays.com\/fr\/149789\/","title":{"rendered":"Une influenceuse de 19 ans se d\u00e9tache de son parachute ascensionnel et fait une chute mortelle de 50 m\u00e8tres"},"content":{"rendered":"<p>L\u2019influenceuse serbe Tijana Radonjic \u00e9tait en vacances \u00e0 Budva, au Mont\u00e9n\u00e9gro, lorsqu\u2019elle a d\u00e9tach\u00e9 son harnais de parachute ascensionnel.<\/p>\n<p class=\"fig-paragraph\">Les images sont effroyables. Une influenceuse serbe, Tijana Radonjic, est morte au\u00a0<a href=\"http:\/\/www.lefigaro.fr\/voyages\/conseils\/vous-voyagez-au-montenegro-ce-que-les-guides-ne-vous-disent-pas-toujours-20240911\" target=\"_blank\" data-fig-type=\"Article\" rel=\"noopener nofollow\" data-gtm-custom-categorie=\"navigation\" data-gtm-custom-action=\"crossclick\" data-gtm-custom-label=\"Contextuel\" data-gtm-event=\"customEventSPE\" data-fig-domain=\"LEFIGARO\">Mont\u00e9n\u00e9gro\u00a0<\/a>au cours d\u2019une sortie en parachute ascensionnel le 28 mai. La jeune femme, \u00e2g\u00e9e de 19 ans, a \u00e9t\u00e9 approch\u00e9e par une agence de sports nautiques de Budva, situ\u00e9e sur la c\u00f4te mont\u00e9n\u00e9grine, pour effectuer une vid\u00e9o promotionnelle \u00e0 quelques semaines de la saison estivale. Cette derni\u00e8re a accept\u00e9 en \u00e9change d\u2019un tour gratuit en parachute ascensionnel. Mais la sortie a vir\u00e9 au drame.<\/p>\n<p class=\"fig-paragraph\">Selon plusieurs m\u00e9dias locaux, dont\u00a0<a href=\"https:\/\/www.novosti.rs\/hronika\/nesrece\/1496348\/tijana-19-belom-kovcegu-prekrivenim-cvecem-novi-sad-suze-oprostio-devojke-tragicno-stradale-budvi-foto-video\" target=\"_blank\" rel=\"nofollow noopener\" data-gtm-custom-categorie=\"navigation\" data-gtm-custom-action=\"crossclick\" data-gtm-custom-label=\"Contextuel\" data-gtm-event=\"customEventSPE\">Novosti<\/a>, la mannequin n\u2019avait jamais fait de parachute ascensionnel, et avait seulement particip\u00e9 \u00e0 un entra\u00eenement au cours d\u2019une formation. Mais elle \u00e9tait \u00abenjou\u00e9e\u00bb \u00e0 l\u2019id\u00e9e de participer \u00e0 cette activit\u00e9, selon les propos de sa cousine pr\u00e9sente sur les lieux, aupr\u00e8s de la presse serbe.<\/p>\n<p class=\"fig-paragraph\">Tijana Radonjic s\u2019est envol\u00e9e, avant d\u2019avoir une attitude inattendue. Sur une vid\u00e9o d\u2019une trentaine de secondes massivement relay\u00e9e sur les r\u00e9seaux sociaux, la jeune femme s\u2019est soudainement agit\u00e9e alors qu\u2019elle se situait \u00e0 plus de 45 m\u00e8tres de hauteur, au-dessus de la rivi\u00e8re. Elle a tent\u00e9 de retirer son gilet puis sa ceinture de s\u00e9curit\u00e9, avant d\u2019effectuer une chute mortelle dans le vide. Elle a \u00e9t\u00e9 enterr\u00e9e lundi \u00e0 Novi Sad (<a href=\"http:\/\/www.lefigaro.fr\/culture\/en-serbie-des-ruines-protegees-le-projet-immobilier-du-gendre-de-trump-et-un-scandale-d-etat-20250515\" target=\"_blank\" data-fig-type=\"NewsFlash\" rel=\"noopener nofollow\" data-gtm-custom-categorie=\"navigation\" data-gtm-custom-action=\"crossclick\" data-gtm-custom-label=\"Contextuel\" data-gtm-event=\"customEventSPE\" data-fig-domain=\"LEFIGARO\">Serbie<\/a>) lundi.<\/p>\n<p class=\"fig-paragraph\">Le parquet de Kotor (Mont\u00e9n\u00e9gro) a ouvert une enqu\u00eate. Les diff\u00e9rentes hypoth\u00e8ses avanc\u00e9es par les enqu\u00eateurs pour expliquer l\u2019attitude de la jeune femme dans les airs vont du suicide \u00e0 la crise de panique.<\/p>\n","protected":false},"excerpt":{"rendered":"L\u2019influenceuse serbe Tijana Radonjic \u00e9tait en vacances \u00e0 Budva, au Mont\u00e9n\u00e9gro, lorsqu\u2019elle a d\u00e9tach\u00e9 son harnais de parachute&hellip;\n","protected":false},"author":2,"featured_media":149790,"comment_status":"","ping_status":"","sticky":false,"template":"","format":"standard","meta":{"footnotes":""},"categories":[5],"tags":[259,11,260,1011,27,2480,14,261,20691,12,262,28],"class_list":{"0":"post-149789","1":"post","2":"type-post","3":"status-publish","4":"format-standard","5":"has-post-thumbnail","7":"category-international","8":"tag-actualite-internationale","9":"tag-actualites","10":"tag-affaires-etrangeres","11":"tag-fr","12":"tag-france","13":"tag-influenceurs","14":"tag-international","15":"tag-ministere-des-affaires-etrangeres","16":"tag-montenegro","17":"tag-news","18":"tag-politique-etrangere","19":"tag-world"},"share_on_mastodon":{"url":"https:\/\/pubeurope.com\/@fr\/114621339738751634","error":""},"_links":{"self":[{"href":"https:\/\/www.europesays.com\/fr\/wp-json\/wp\/v2\/posts\/149789","targetHints":{"allow":["GET"]}}],"collection":[{"href":"https:\/\/www.europesays.com\/fr\/wp-json\/wp\/v2\/posts"}],"about":[{"href":"https:\/\/www.europesays.com\/fr\/wp-json\/wp\/v2\/types\/post"}],"author":[{"embeddable":true,"href":"https:\/\/www.europesays.com\/fr\/wp-json\/wp\/v2\/users\/2"}],"replies":[{"embeddable":true,"href":"https:\/\/www.europesays.com\/fr\/wp-json\/wp\/v2\/comments?post=149789"}],"version-history":[{"count":0,"href":"https:\/\/www.europesays.com\/fr\/wp-json\/wp\/v2\/posts\/149789\/revisions"}],"wp:featuredmedia":[{"embeddable":true,"href":"https:\/\/www.europesays.com\/fr\/wp-json\/wp\/v2\/media\/149790"}],"wp:attachment":[{"href":"https:\/\/www.europesays.com\/fr\/wp-json\/wp\/v2\/media?parent=149789"}],"wp:term":[{"taxonomy":"category","embeddable":true,"href":"https:\/\/www.europesays.com\/fr\/wp-json\/wp\/v2\/categories?post=149789"},{"taxonomy":"post_tag","embeddable":true,"href":"https:\/\/www.europesays.com\/fr\/wp-json\/wp\/v2\/tags?post=149789"}],"curies":[{"name":"wp","href":"https:\/\/api.w.org\/{rel}","templated":true}]}}