{"id":149799,"date":"2025-06-03T20:37:21","date_gmt":"2025-06-03T20:37:21","guid":{"rendered":"https:\/\/www.europesays.com\/fr\/149799\/"},"modified":"2025-06-03T20:37:21","modified_gmt":"2025-06-03T20:37:21","slug":"un-automne-charge-a-lautre-canal","status":"publish","type":"post","link":"https:\/\/www.europesays.com\/fr\/149799\/","title":{"rendered":"un automne charg\u00e9 \u00e0 L\u2019Autre Canal"},"content":{"rendered":"<p>\u00ab\u00a0Y a plus de saisons\u00a0\u00bb et L\u2019Autre Canal en fait la d\u00e9monstration. Bien que les concerts dans les salles de cette sc\u00e8ne de musique actuelles s\u2019interrompent en juillet-ao\u00fbt, la programmation vou\u00e9e \u00e0 faire l\u2019objet d\u2019une communication sp\u00e9cifique va continuer de mobiliser les \u00e9quipes avec Amours d\u2019\u00e9t\u00e9 et ses soir\u00e9es musicales d\u00e9localis\u00e9es en plein air pour 18 dates en huit lieux du Grand Nancy et sa banlieue sud.<\/p>\n<p>Mais ce sont bien quelques dates de la saison ordinaire 2025-2026 qui retiennent d\u00e9j\u00e0 l\u2019attention des m\u00e9lomanes.<\/p>\n<p>\u00c0 l\u2019agenda de l\u2019automne notamment, la prestation du rappeur Jok\u2019Air, annonc\u00e9e au 30\u00a0octobre, affiche d\u00e9j\u00e0 complet.<\/p>\n<p>Dans le m\u00eame genre musical, celles de <a href=\"https:\/\/www.estrepublicain.fr\/culture-loisirs\/2025\/04\/03\/rap-contenders-a-la-pep-le-clash-ou-le-crash\" target=\"_blank\" rel=\"noopener\">Jazzy Bazz, r\u00e9v\u00e9lation des sessions Rap Contenders<\/a> (le 5\/11) et de Youssoupha (le 14\/11) devraient trouver rapidement leur public.<\/p>\n<p>  T\u00e9nors et r\u00e9v\u00e9lation<\/p>\n<p>Dans un tout autre style, les concerts pop du groupe Feu\u00a0! Chatterton port\u00e9 par <a href=\"https:\/\/www.estrepublicain.fr\/culture-loisirs\/2024\/10\/09\/arthur-teboul-et-baptiste-trotignon-en-etat-de-grace-sur-la-scene-de-poirel\" target=\"_blank\" rel=\"noopener\">la voix grave d\u2019Arthur Teboul<\/a> (le 20\/11) suscite d\u00e9j\u00e0 l\u2019engouement avec une centaine de spectateurs s\u2019\u00e9tant d\u00e9clar\u00e9s int\u00e9ress\u00e9s ou participants \u00e0 l\u2019\u00e9v\u00e8nement sur le r\u00e9seau social Facebook.<\/p>\n<p>Ph\u00e9nom\u00e8ne d\u2019attraction elle aussi, la chanteuse <a href=\"https:\/\/www.estrepublicain.fr\/societe\/2025\/02\/14\/victoires-de-la-musique-2025-santa-pierre-garnier-qui-sont-les-nommes-de-cette-40e-edition\" target=\"_blank\" rel=\"noopener\">Styleto, nomm\u00e9e dans la cat\u00e9gorie r\u00e9v\u00e9lation f\u00e9minine<\/a> des Victoires de la musique 2025 o\u00f9 elle a brill\u00e9 avec son entra\u00eenant titre Faut que tu m\u2019aimes  est annonc\u00e9e le 28\u00a0novembre.<\/p>\n<p> En transition entre les univers pop et rock, le public du festival Nancy Jazz Pulsations <a href=\"https:\/\/www.estrepublicain.fr\/culture-loisirs\/2023\/10\/19\/hubert-felix-thiefaine-en-patron-au-chapiteau\" target=\"_blank\" rel=\"noopener\">aura plaisir \u00e0 retrouver Maarten Devoldere,<\/a> \u00e9l\u00e9ment central du groupe belge Balthazar sur une deuxi\u00e8me \u00e9chapp\u00e9e solitaire avec son projet personnel Warhaus (le 26\/11). Enfin dans une ambiance purement rock, \u00e0 voir le niveau d\u2019int\u00e9ressement manifest\u00e9 sur Facebook en quelques jours, 15 ans apr\u00e8s le passage de l\u2019artiste sous le chapiteau des <a href=\"https:\/\/www.estrepublicain.fr\/culture-loisirs\/2025\/05\/13\/nancy-jazz-pulsations-l-affiche-et-les-premiers-noms-devoiles\" target=\"_blank\" rel=\"noopener\">NJP,<\/a> les billets vont vite partir pour le concert de John Butler du 4\u00a0d\u00e9cembre. Avis aux fans, pour ce rendez-vous, la billetterie a ouvert ce mardi 3\u00a0juin \u00e0 10\u00a0h. Au moment o\u00f9 L\u2019Autre Canal annon\u00e7ait une nouvelle p\u00e9pite, pour les amateurs d\u2019\u00e9lectro cette fois\u00a0: Thylacine proposera une nouvelle odyss\u00e9e le 7\u00a0f\u00e9vrier.<\/p>\n","protected":false},"excerpt":{"rendered":"\u00ab\u00a0Y a plus de saisons\u00a0\u00bb et L\u2019Autre Canal en fait la d\u00e9monstration. Bien que les concerts dans les&hellip;\n","protected":false},"author":2,"featured_media":149800,"comment_status":"","ping_status":"","sticky":false,"template":"","format":"standard","meta":{"footnotes":""},"categories":[9635],"tags":[1111,11,1687,1704,1777,674,1011,27,775,873,1702,1703,12,25],"class_list":{"0":"post-149799","1":"post","2":"type-post","3":"status-publish","4":"format-standard","5":"has-post-thumbnail","7":"category-nancy","8":"tag-actu","9":"tag-actualites","10":"tag-culture-loisirs","11":"tag-edition-nancy-et-agglomeration","12":"tag-eu","13":"tag-europe","14":"tag-fr","15":"tag-france","16":"tag-grand-est","17":"tag-musique","18":"tag-nancy","19":"tag-nancy-ville-54b","20":"tag-news","21":"tag-republique-francaise"},"share_on_mastodon":{"url":"https:\/\/pubeurope.com\/@fr\/114621359331054141","error":""},"_links":{"self":[{"href":"https:\/\/www.europesays.com\/fr\/wp-json\/wp\/v2\/posts\/149799","targetHints":{"allow":["GET"]}}],"collection":[{"href":"https:\/\/www.europesays.com\/fr\/wp-json\/wp\/v2\/posts"}],"about":[{"href":"https:\/\/www.europesays.com\/fr\/wp-json\/wp\/v2\/types\/post"}],"author":[{"embeddable":true,"href":"https:\/\/www.europesays.com\/fr\/wp-json\/wp\/v2\/users\/2"}],"replies":[{"embeddable":true,"href":"https:\/\/www.europesays.com\/fr\/wp-json\/wp\/v2\/comments?post=149799"}],"version-history":[{"count":0,"href":"https:\/\/www.europesays.com\/fr\/wp-json\/wp\/v2\/posts\/149799\/revisions"}],"wp:featuredmedia":[{"embeddable":true,"href":"https:\/\/www.europesays.com\/fr\/wp-json\/wp\/v2\/media\/149800"}],"wp:attachment":[{"href":"https:\/\/www.europesays.com\/fr\/wp-json\/wp\/v2\/media?parent=149799"}],"wp:term":[{"taxonomy":"category","embeddable":true,"href":"https:\/\/www.europesays.com\/fr\/wp-json\/wp\/v2\/categories?post=149799"},{"taxonomy":"post_tag","embeddable":true,"href":"https:\/\/www.europesays.com\/fr\/wp-json\/wp\/v2\/tags?post=149799"}],"curies":[{"name":"wp","href":"https:\/\/api.w.org\/{rel}","templated":true}]}}