{"id":149811,"date":"2025-06-03T20:47:19","date_gmt":"2025-06-03T20:47:19","guid":{"rendered":"https:\/\/www.europesays.com\/fr\/149811\/"},"modified":"2025-06-03T20:47:19","modified_gmt":"2025-06-03T20:47:19","slug":"il-nest-pas-forcement-daccord-avec-cela","status":"publish","type":"post","link":"https:\/\/www.europesays.com\/fr\/149811\/","title":{"rendered":"il n&rsquo;est pas forc\u00e9ment d&rsquo;accord avec cela"},"content":{"rendered":"<p>            Par<br \/>\n        <strong><br \/>\n            <a href=\"https:\/\/actu.fr\/auteur\/clement-mazella\" title=\"Consulter tous les articles de Cl\u00e9ment Mazella\" target=\"_blank\" rel=\"noopener\">Cl\u00e9ment Mazella<\/a><br \/>\n        <\/strong><\/p>\n<p>        Publi\u00e9 le<\/p>\n<p>            3 juin 2025 \u00e0 17h38        <\/p>\n<p>Apr\u00e8s 2023 et 2024, <a href=\"https:\/\/actu.fr\/rugby\/equipe\/grenoble_64dbdff47b8c09c4fec7b0a4\/\" target=\"_blank\" rel=\"noopener\">Grenoble<\/a> disputera une nouvelle <strong>finale de Pro D2<\/strong>. Samedi 7 juin (17h30), de nouveau \u00e0 Ernest-Wallon \u00e0 Toulouse, le FCG, leader de la phase r\u00e9guli\u00e8re et qui a enthousiasm\u00e9 plus d\u2019un observateur de par la qualit\u00e9 de son jeu, affrontera la surprise <a href=\"https:\/\/actu.fr\/rugby\/equipe\/montauban_64dbdff67b8c09c4fec7b138\/\" target=\"_blank\" rel=\"noopener\">Montauban<\/a>, avec pour la premi\u00e8re fois l\u2019\u00e9tiquette de favori. Mais le manager de Grenoble, <strong>Aubin Hueber<\/strong>, qui n\u2019a pas voulu tomber dans la langue de bois aupr\u00e8s d\u2019<a href=\"https:\/\/actu.fr\/rugby\/\" target=\"_blank\" rel=\"noopener\">Actu Rugby<\/a>, n\u2019est pas forc\u00e9ment d\u2019accord sur ce statut-l\u00e0, s\u2019avouant tr\u00e8s m\u00e9fiant au sujet d\u2019une formation de l\u2019USM qui a \u00e9cart\u00e9 Colomiers et Brive.<\/p>\n<p>3e finale de suite pour Grenoble<\/p>\n<p class=\"ac-article-content__question wall-content\"><strong class=\"color-primary\">Actu : <\/strong>Aubin, nous imaginons bien que la satisfaction est r\u00e9elle de pouvoir de nouveau retourner en finale de Top 14<\/p>\n<p class=\" wall-content\"><strong class=\"color-primary\">Aubin Hueber : <\/strong>C&rsquo;est \u00e9norme pour le club ! Nous esp\u00e9rons juste que cette fois, le sc\u00e9nario des deux ann\u00e9es pr\u00e9c\u00e9dentes ne se r\u00e9p\u00e9tera pas (d\u00e9faite contre Oyonnax 14-3 et Vannes 16-9).<\/p>\n<p class=\"ac-article-content__question wall-content\">Quels ont \u00e9t\u00e9 vos premiers mots envers le groupe apr\u00e8s cette demi-finale ma\u00eetris\u00e9e contre Provence Rugby et l&rsquo;optique de la finale ?<\/p>\n<p class=\" wall-content\"><strong class=\"color-primary\">A.H : <\/strong>Nous avons pris le temps de les f\u00e9liciter de leur comportement. Un match de phase finale, si tu es indisciplin\u00e9 et que tu fais beaucoup de fautes, tu es puni. L\u00e0, aucune sanction dans les 25 premi\u00e8res minutes, et 4 sur l&rsquo;ensemble du match. Face \u00e0 une telle \u00e9quipe de Provence Rugby, c&rsquo;est assez \u00e9norme. Cela d\u00e9montre avant tout l&rsquo;implication et la concentration des mecs. Provence Rugby avait clairement fait part de son c\u00f4t\u00e9 revanchard pour cette demie : nous avons su mettre le curseur plus haut et le niveau de discipline et de jeu \u00e0 la hauteur de l&rsquo;\u00e9v\u00e9nement.<\/p>\n<p class=\"ac-article-content__question wall-content\">Cela d\u00e9montre-t-il aussi que ce groupe a appris avec le temps et fait preuve d&rsquo;une ma\u00eetrise d\u00e9terminante pour pouvoir esp\u00e9rer monter en Top 14 ?<\/p>\n<p class=\" wall-content\"><strong class=\"color-primary\">A.H : <\/strong>Dans la totalit\u00e9, le groupe a pas mal boug\u00e9 durant l&rsquo;intersaison, mais quand on regarde la composition d&rsquo;\u00e9quipe actuellement, 80% des mecs align\u00e9s sont pr\u00e9sents depuis plusieurs ann\u00e9es c&rsquo;est vrai. Il a acquis de l&rsquo;exp\u00e9rience, je l&rsquo;accorde. Mais une finale reste une finale : il faut la gagner avant tout. <\/p>\n<p>Le statut de favori<\/p>\n<p class=\"ac-article-content__question wall-content\">Comment percez-vous la pr\u00e9sence surprise de Montauban, 6e et dernier qualifi\u00e9, en finale, qui va vous conf\u00e9rer pour la premi\u00e8re fois le statut de favori ?<\/p>\n<p class=\" wall-content\"><strong class=\"color-primary\">A.H : <\/strong>Dans les faits, nous sommes favoris, car nous avons fini 1er et Montauban 6e. Mais en Top 14, j&rsquo;ai souvenir d&rsquo;un Castres champion de France en ayant termin\u00e9 6e de la phase r\u00e9guli\u00e8re. Je ne veux pas faire de la langue de bois, mais sur une finale les d\u00e9s sont relanc\u00e9s. C&rsquo;est donc du 50-50. Quand nous voyons ce que r\u00e9alise Montauban sur cette fin de saison, avec des victoires \u00e0 Colomiers (23-26, NDLR) qui tournait du feu de Dieu, et Brive (13-29, NDLR), nous estimons qu&rsquo;elle est arm\u00e9e pour \u00eatre championne. Donc, attention ! Si cette \u00e9quipe est l\u00e0, ce n&rsquo;est pas d\u00fb au hasard. Il y a de la qualit\u00e9 dans chaque ligne, de bons buteurs, et un staff de qualit\u00e9 qui a bien boss\u00e9.<\/p>\n<p class=\"ac-article-content__question wall-content\">Ce statut de favori ne pourrait-il pas accentuer la pression sur les \u00e9paules de votre groupe, qui a d\u00e9j\u00e0 d\u00fb dig\u00e9rer deux finales cons\u00e9cutives perdues ?<\/p>\n<p class=\" wall-content\"><strong class=\"color-primary\">A.H : <\/strong>Les m\u00e9dias vont \u00e9crire que nous sommes favoris. Mais pour moi, lors d&rsquo;une finale, chaque \u00e9quipe est autant favorite l&rsquo;une que l&rsquo;autre. Pour voir tous les jours les joueurs, ils n&rsquo;ont pas en t\u00eate ce c\u00f4t\u00e9 favori. Le vainqueur sera celui qui sera le plus appliqu\u00e9, le plus concentr\u00e9, le plus d\u00e9termin\u00e9 et le plus disciplin\u00e9. J&rsquo;estime que Montauban a autant de qualit\u00e9s que nous pour gagner ce titre de champion de France. Nous devrons batailler tr\u00e8s fort pour dompter l&rsquo;USM, c&rsquo;est une certitude.<\/p>\n<p>    <img   decoding=\"async\" loading=\"lazy\" src=\"https:\/\/www.europesays.com\/fr\/wp-content\/uploads\/2025\/06\/aubin-hueber-manager-grenoble-prod2-960x640.jpg\" alt=\"Le manager de Grenoble, Aubin Hueber, s'est confi\u00e9 \u00e0 Actu Rugby avant la demi-finale du FCG contre Provence Rugby.\" width=\"960\" height=\"640\"\/><br \/>\n    Le manager de Grenoble, Aubin Hueber, se m\u00e9fie de Montauban et la confiance engrang\u00e9e apr\u00e8s ses victoires \u00e0 Colomiers et Brive. (\u00a9Icon Sport)Son regard sur Montauban<\/p>\n<p class=\"ac-article-content__question wall-content\">Comment allez-vous aussi vous y prendre pour que ce groupe, qui a \u00e9t\u00e9 marqu\u00e9 par les r\u00e9cents \u00e9checs, ne ressasse pas tout au long de la semaine les deux finales perdues ?<\/p>\n<p class=\" wall-content\"><strong class=\"color-primary\">A.H : <\/strong>C&rsquo;est un travail individuel de chaque joueur qui a particip\u00e9 \u00e0 ces deux finales avant tout. Ce que nous leur disons, c&rsquo;est de ne pas se poser ce genre de question. Et surtout, d&rsquo;\u00eatre lib\u00e9r\u00e9s pour jouer cette finale avec toutes nos qualit\u00e9s physiques, morales et techniques. Il faut enfin se payer : le groupe a bien boss\u00e9 cette saison, mais finir 1er de la phase r\u00e9guli\u00e8re ne permet qu&rsquo;une chose, celle de recevoir ta demi-finale. Rien de plus.<\/p>\n<p class=\"ac-article-content__question wall-content\">Lors de la saison r\u00e9guli\u00e8re, 1-1 sur la confrontation r\u00e9guli\u00e8re. Que craignez-vous le plus chez cette \u00e9quipe de Montauban qui jouera sans complexe ?<\/p>\n<p class=\" wall-content\"><strong class=\"color-primary\">A.H : <\/strong>Justement : qu&rsquo;elle soit sans complexe ! Cette finale, ce n&rsquo;est que du bonus pour Montauban. C&rsquo;est pour \u00e7a que j&rsquo;ai fait r\u00e9f\u00e9rence \u00e0 Castres : j&rsquo;ai souvenir que cette \u00e9quipe jouait sans crainte du r\u00e9sultat, et qu&rsquo;elle est devenue championne de France. Montauban est dans un \u00e9tat d&rsquo;esprit similaire : il \u00e9volue sans rien avoir \u00e0 craindre. Il y a une bonne charni\u00e8re, des buteurs efficaces, une paire de centres perforante, et un trio d&rsquo;arri\u00e8res assez efficace. Je n&rsquo;oublie pas un capitaine (le 3e ligne Fred Quercy, NDLR) au r\u00f4le tr\u00e8s prenant dans le jeu, qui encourage parfaitement ses troupes. Il y a des leaders un peu partout : j&rsquo;y vois bien des qualit\u00e9s dans cette \u00e9quipe de Montauban. Et ce que je crains aussi, c&rsquo;est ce satan\u00e9 rebond du ballon ovale, qui le jour J peut retomber dans les bras de l&rsquo;adversaire au bon moment&#8230;<\/p>\n<p>Grenoble sans plusieurs de ses meilleurs joueurs<\/p>\n<p class=\"ac-article-content__question wall-content\">Cette Pro D2, c&rsquo;est un championnat tr\u00e8s long et vous avez pay\u00e9 pour cela. Cette finale pourrait elle aussi se d\u00e9cider sur la fra\u00eecheur ? Vous avez la chance d&rsquo;avoir disput\u00e9 un match de moins&#8230;<\/p>\n<p class=\" wall-content\"><strong class=\"color-primary\">A.H : <\/strong>Bien s\u00fbr que l&rsquo;\u00e9tat psychologique et de fatigue peut y jouer. Mais sur une finale, si Montauban est devant au score ou pas loin derri\u00e8re, avec le mental qu&rsquo;ils ont engrang\u00e9 lors des victoires \u00e0 Colomiers et Brive, cela peut aussi leur servir, malgr\u00e9 plus de minutes disput\u00e9es dans les pattes. Cela peut \u00eatre un suppl\u00e9ment d&rsquo;\u00e2me. Et d&rsquo;exp\u00e9rience, quand j&rsquo;\u00e9tais joueur, je pr\u00e9f\u00e9rais encha\u00eener les matchs que de couper 15 jours et esp\u00e9rer \u00eatre frais. Des fois, tu passes \u00e0 c\u00f4t\u00e9 car il te manque de la coh\u00e9sion.<\/p>\n<p class=\"ac-article-content__question wall-content\">Grenoble n&rsquo;a pas \u00e9t\u00e9 \u00e9pargn\u00e9 par une certaine casse cette saison. Vous avez r\u00e9cup\u00e9r\u00e9 du monde pour la phase finale, mais pouvez-vous nous faire un topo sur les forfaits et l&rsquo;\u00e9tat des troupes ?<\/p>\n<p class=\" wall-content\"><strong class=\"color-primary\">A.H : <\/strong>Madeira et Soury sont forfait. Hardwick, l&rsquo;un de nos meilleurs joueurs, exclu en demi-finale, sera aussi absent. Sirgel a \u00e9t\u00e9 op\u00e9r\u00e9 d&rsquo;une \u00e9paule et manquera \u00e9galement \u00e0 l&rsquo;appel. Cros ne sera pas l\u00e0 non plus. Maurua n&rsquo;a que 20-25 minutes dans les jambes. Nous ne venons pas avec toutes nos forces, c&rsquo;est s\u00fbr, au contraire de Montauban. Donc sur le statut de favori, c&rsquo;est peut-\u00eatre plus Montauban qui l&rsquo;est niveau effectif&#8230;<\/p>\n<p class=\" wall-content\">Suivez toute l\u2019actualit\u00e9 de vos villes et m\u00e9dias favoris en vous inscrivant \u00e0 <a href=\"https:\/\/moncompte.actu.fr\" title=\"D\u00e9couvez Mon Actu\" rel=\"nofollow noopener\" data-trk=\"{&quot;cta&quot;:{&quot;action&quot;:&quot;https:\\\/\\\/moncompte.actu.fr&quot;,&quot;category&quot;:&quot;mon compte&quot;,&quot;from&quot;:&quot;article footer&quot;,&quot;name&quot;:&quot;Mon actu&quot;,&quot;type&quot;:&quot;cta&quot;}}\" target=\"_blank\">Mon Actu<\/a>.<\/p>\n","protected":false},"excerpt":{"rendered":"Par Cl\u00e9ment Mazella Publi\u00e9 le 3 juin 2025 \u00e0 17h38 Apr\u00e8s 2023 et 2024, Grenoble disputera une nouvelle&hellip;\n","protected":false},"author":2,"featured_media":149812,"comment_status":"","ping_status":"","sticky":false,"template":"","format":"standard","meta":{"footnotes":""},"categories":[9566],"tags":[1111,11,2430,1777,674,1011,27,2731,12,2308,25,479,60],"class_list":{"0":"post-149811","1":"post","2":"type-post","3":"status-publish","4":"format-standard","5":"has-post-thumbnail","7":"category-grenoble","8":"tag-actu","9":"tag-actualites","10":"tag-auvergne-rhone-alpes","11":"tag-eu","12":"tag-europe","13":"tag-fr","14":"tag-france","15":"tag-grenoble","16":"tag-news","17":"tag-pro-d2","18":"tag-republique-francaise","19":"tag-rugby","20":"tag-sports"},"share_on_mastodon":{"url":"https:\/\/pubeurope.com\/@fr\/114621398607822046","error":""},"_links":{"self":[{"href":"https:\/\/www.europesays.com\/fr\/wp-json\/wp\/v2\/posts\/149811","targetHints":{"allow":["GET"]}}],"collection":[{"href":"https:\/\/www.europesays.com\/fr\/wp-json\/wp\/v2\/posts"}],"about":[{"href":"https:\/\/www.europesays.com\/fr\/wp-json\/wp\/v2\/types\/post"}],"author":[{"embeddable":true,"href":"https:\/\/www.europesays.com\/fr\/wp-json\/wp\/v2\/users\/2"}],"replies":[{"embeddable":true,"href":"https:\/\/www.europesays.com\/fr\/wp-json\/wp\/v2\/comments?post=149811"}],"version-history":[{"count":0,"href":"https:\/\/www.europesays.com\/fr\/wp-json\/wp\/v2\/posts\/149811\/revisions"}],"wp:featuredmedia":[{"embeddable":true,"href":"https:\/\/www.europesays.com\/fr\/wp-json\/wp\/v2\/media\/149812"}],"wp:attachment":[{"href":"https:\/\/www.europesays.com\/fr\/wp-json\/wp\/v2\/media?parent=149811"}],"wp:term":[{"taxonomy":"category","embeddable":true,"href":"https:\/\/www.europesays.com\/fr\/wp-json\/wp\/v2\/categories?post=149811"},{"taxonomy":"post_tag","embeddable":true,"href":"https:\/\/www.europesays.com\/fr\/wp-json\/wp\/v2\/tags?post=149811"}],"curies":[{"name":"wp","href":"https:\/\/api.w.org\/{rel}","templated":true}]}}