{"id":149815,"date":"2025-06-03T20:49:21","date_gmt":"2025-06-03T20:49:21","guid":{"rendered":"https:\/\/www.europesays.com\/fr\/149815\/"},"modified":"2025-06-03T20:49:21","modified_gmt":"2025-06-03T20:49:21","slug":"ces-vingt-secondes-doivent-elles-entacher-vingt-ans-de-services-la-violente-interpellation-dun-journaliste-a-rennes-conduit-deux-policiers-au-tribunal","status":"publish","type":"post","link":"https:\/\/www.europesays.com\/fr\/149815\/","title":{"rendered":"\u00ab\u00a0Ces vingt secondes doivent-elles entacher vingt ans de services\u00a0?\u00a0\u00bb\u00a0: la violente interpellation d\u2019un journaliste \u00e0 Rennes conduit deux policiers au tribunal"},"content":{"rendered":"<p>Deux sections de la CRS 8 en intervention \u00e0 Paris avaient re\u00e7u l\u2019ordre, dans la nuit du 14 au 15 avril 2023, de gagner Rennes en pr\u00e9vision d\u2019une manifestation pr\u00e9vue le lendemain. Les effectifs de cette unit\u00e9 d\u2019\u00e9lite de maintien de l\u2019ordre, qui compte habituellement \u00ab trois sections \u00bb, \u00e9taient \u00ab r\u00e9duits \u00bb et les \u00e9quipes fatigu\u00e9es avant d\u2018arriver en Bretagne sur cette manifestation \u00bb ayant rassembl\u00e9 jusqu\u2019\u00e0 2 500 personnes, a-t-il \u00e9t\u00e9 recontextualis\u00e9 ce lundi 2 juin 2025 au tribunal correctionnel de Rennes.<\/p>\n<p>Aux alentours de 16h, sur le boulevard de la Libert\u00e9 \u00e0 Rennes, certains manifestants s\u2019\u00e9taient d\u00e9tach\u00e9s du cort\u00e8ge et avaient commenc\u00e9 \u00e0 jeter \u00ab des projectiles de toutes sortes \u00bb sur les forces de l\u2019ordre. Une manifestante avait \u00e9t\u00e9 interpell\u00e9e par la CRS 8, et ses cris avaient pouss\u00e9 des riverains \u00e0 filmer la situation.<\/p>\n<p>Il tente de franchir le barrage<\/p>\n<p>Un journaliste qui sortait d\u2018un bar o\u00f9 il avait bu \u00ab trois pintes de bi\u00e8re \u00bb et qui voulait initialement \u00ab rentrer chez lui \u00bb, s\u2019\u00e9tait alors approch\u00e9 de la femme en train de crier. Demandant \u00e0 franchir le barrage, il s\u2019\u00e9tait vu opposer un refus de la part d\u2019un officier de la CRS 8, qui lui avait demand\u00e9 de s\u2019\u00e9loigner.<\/p>\n<p>L\u2019individu avait d\u2018abord tent\u00e9 de parlementer avant d\u2019insulter le fonctionnaire de police et de cracher en sa direction. Gardant tout d\u2019abord son calme, le policier avait fini par le repoussement violemment. Le journaliste \u00e9tait tomb\u00e9 au sol et sa t\u00eate avait heurt\u00e9 de plein fouet un terre-plein. \u00ab Il s\u2019est laiss\u00e9 tomber \u00bb, s\u2019est d\u00e9fendu le policer.<\/p>\n<p>Interpellation violente<\/p>\n<p>R\u00e9ussissant \u00e0 se relever, le contestataire avait ensuite \u00e9t\u00e9 \u00ab plaqu\u00e9 au sol \u00bb et s\u2018\u00e9tait d\u00e9battu \u00ab violemment \u00bb, ce qui avait n\u00e9cessit\u00e9 l\u2019intervention de \u00ab six membres de la brigade \u00bb. Le capitaine d\u2019une section de la CRS8 \u00e9tait alors \u00ab mont\u00e9 avec ses deux pieds \u00bb sur les jambes du journaliste pour emp\u00eacher qu\u2019il ne \u00ab porte des coups \u00bb \u00e0 ses coll\u00e8gues. Au vu du poids du capitaine de brigade et du mat\u00e9riel qu\u2019il portait, ce sont donc \u00ab 95 kg \u00bb qui ont \u00e9cras\u00e9 les jambes du journaliste pendant vingt secondes.<\/p>\n<p>Un geste \u00ab non acad\u00e9mique mais justifi\u00e9 \u00bb, consid\u00e8re le principal int\u00e9ress\u00e9, qui n\u2018h\u00e9siterait pas le \u00ab refaire \u00bb. L\u2019individu \u00e9tait \u00ab virulent et agressif \u00bb, a-t-il rappel\u00e9 aux trois juges du tribunal correctionnel de Rennes. Une photojournaliste s\u2019\u00e9tait elle inqui\u00e9t\u00e9e que l\u2019homme au sol ne se fasse \u00ab asphyxi\u00e9 \u00bb et avait demand\u00e9 aux policiers d\u2019arr\u00eater\u2026 Elle avait \u00e9t\u00e9 somm\u00e9e de \u00ab d\u00e9gager \u00bb et menac\u00e9e \u00ab \u00e0 bout portant \u00bb avec un lance-grenade alors qu\u2019elle avait pourtant son brassard presse.<\/p>\n<p>D\u00e9grisement<\/p>\n<p>Au terme de \u00ab plusieurs minutes de r\u00e9bellion \u00bb, l\u2019homme avait finalement \u00e9t\u00e9 ma\u00eetris\u00e9 par les six membres de la CRS 8 et menott\u00e9 par serflex. Le capitaine l\u2019avait toutefois vu \u00ab violemment bouger la t\u00eate \u00bb : il lui avait donc donn\u00e9 un coup de poing au visage, de peur qu\u2019il \u00ab morde son coll\u00e8gue \u00bb\u2026 Le policier avait m\u00eame jug\u00e9 n\u00e9cessaire de projeter \u00ab un petit coup \u00bb de gaz lacrymog\u00e8ne \u00e0 un m\u00e8tre de son visage alors m\u00eame que le journaliste venait d\u2019entrer dans le fourgon.<\/p>\n<p>Plac\u00e9 en garde \u00e0 vue puis en cellule de d\u00e9grisement, celui-ci avait \u00e9t\u00e9 examin\u00e9 par un m\u00e9decin qui a consid\u00e9r\u00e9 que ses ecchymoses, ses plaies et \u00ab l\u2018\u00e9rosion des yeux \u00bb \u00e9taient d\u00fbes \u00e0 l\u2019interpellation \u00ab violente \u00bb dont il avait fait l\u2019objet.<\/p>\n<p>Sanctionner les violences<\/p>\n<p>Le policier et son capitaine ainsi que le journaliste se retrouvaient devant le tribunal ce lundi apr\u00e8s s\u2019\u00eatre accus\u00e9s mutuellement de violences volontaires. La procureure de la R\u00e9publique a demand\u00e9 au tribunal de sanctionner les violences \u00ab disproportionn\u00e9es \u00bb du policier de la CRS 8 \u00e0 l\u2018\u00e9gard du journaliste et de le condamner \u00e0 six mois de prison avec sursis.<\/p>\n<p>La repr\u00e9sentante du minist\u00e8re public a aussi r\u00e9clam\u00e9 trois mois de prison avec sursis pour ce dernier pour sa \u00ab r\u00e9bellion \u00bb et ses \u00ab outrages \u00bb. Elle a toutefois jug\u00e9 que le geste du capitaine \u00e9tait \u00ab proportionn\u00e9 \u00bb au regard de la \u00ab r\u00e9sistance \u00bb oppos\u00e9e par le journaliste et a donc conclu \u00e0 sa relaxe.<\/p>\n<p>\u00ab Parcours exemplaire \u00bb<\/p>\n<p>L\u2019avocate de ce dernier a abond\u00e9 dans le m\u00eame sens au vu du \u00ab parcours exemplaire et admirable \u00bb de son client. \u00ab Ces vingt secondes doivent-elles entacher vingt ans de services au sein de l\u2019institution ? \u00bb, s\u2019est-elle demand\u00e9e.<\/p>\n<p>L\u2019avocat du journaliste a de son c\u00f4t\u00e9 rappel\u00e9 que le plaquage ventral est \u00ab interdit dans bon nombre de pays \u00bb et que le tribunal devait condamner ces deux policiers \u00ab \u00e0 titre d\u2019exemple \u00bb. La d\u00e9cision sera rendue dans trois semaines.<\/p>\n","protected":false},"excerpt":{"rendered":"Deux sections de la CRS 8 en intervention \u00e0 Paris avaient re\u00e7u l\u2019ordre, dans la nuit du 14&hellip;\n","protected":false},"author":2,"featured_media":149816,"comment_status":"","ping_status":"","sticky":false,"template":"","format":"standard","meta":{"footnotes":""},"categories":[2821],"tags":[1111,11,829,765,1777,674,3383,1011,27,848,12,584,25],"class_list":{"0":"post-149815","1":"post","2":"type-post","3":"status-publish","4":"format-standard","5":"has-post-thumbnail","7":"category-rennes","8":"tag-actu","9":"tag-actualites","10":"tag-bretagne","11":"tag-en-continu","12":"tag-eu","13":"tag-europe","14":"tag-faits-divers-a-rennes","15":"tag-fr","16":"tag-france","17":"tag-ille-et-vilaine","18":"tag-news","19":"tag-rennes","20":"tag-republique-francaise"},"share_on_mastodon":{"url":"https:\/\/pubeurope.com\/@fr\/114621406474294490","error":""},"_links":{"self":[{"href":"https:\/\/www.europesays.com\/fr\/wp-json\/wp\/v2\/posts\/149815","targetHints":{"allow":["GET"]}}],"collection":[{"href":"https:\/\/www.europesays.com\/fr\/wp-json\/wp\/v2\/posts"}],"about":[{"href":"https:\/\/www.europesays.com\/fr\/wp-json\/wp\/v2\/types\/post"}],"author":[{"embeddable":true,"href":"https:\/\/www.europesays.com\/fr\/wp-json\/wp\/v2\/users\/2"}],"replies":[{"embeddable":true,"href":"https:\/\/www.europesays.com\/fr\/wp-json\/wp\/v2\/comments?post=149815"}],"version-history":[{"count":0,"href":"https:\/\/www.europesays.com\/fr\/wp-json\/wp\/v2\/posts\/149815\/revisions"}],"wp:featuredmedia":[{"embeddable":true,"href":"https:\/\/www.europesays.com\/fr\/wp-json\/wp\/v2\/media\/149816"}],"wp:attachment":[{"href":"https:\/\/www.europesays.com\/fr\/wp-json\/wp\/v2\/media?parent=149815"}],"wp:term":[{"taxonomy":"category","embeddable":true,"href":"https:\/\/www.europesays.com\/fr\/wp-json\/wp\/v2\/categories?post=149815"},{"taxonomy":"post_tag","embeddable":true,"href":"https:\/\/www.europesays.com\/fr\/wp-json\/wp\/v2\/tags?post=149815"}],"curies":[{"name":"wp","href":"https:\/\/api.w.org\/{rel}","templated":true}]}}