{"id":149817,"date":"2025-06-03T20:50:12","date_gmt":"2025-06-03T20:50:12","guid":{"rendered":"https:\/\/www.europesays.com\/fr\/149817\/"},"modified":"2025-06-03T20:50:12","modified_gmt":"2025-06-03T20:50:12","slug":"carling-les-urgences-de-strasbourg-refusent-de-prendre-en-charge-une-mosellane","status":"publish","type":"post","link":"https:\/\/www.europesays.com\/fr\/149817\/","title":{"rendered":"Carling. Les urgences de Strasbourg refusent de prendre en charge une Mosellane"},"content":{"rendered":"<p>Incompr\u00e9hension, col\u00e8re, d\u00e9go\u00fbt\u2026 Roland Lepage se r\u00e9veille chaque matin avec l\u2019envie de crier la m\u00e9saventure qu\u2019il a v\u00e9cue le 31\u00a0mars dernier aux urgences de Hautepierre (Bas-Rhin). Ce soir-l\u00e0, il conduit de toute urgence sa femme Evelyne \u00e0 Strasbourg, o\u00f9 elle est suivie au sein de l\u2019Institut de canc\u00e9rologie Strasbourg Europe (Icans). \u00ab\u00a0Notre m\u00e9decin traitant nous avait appel\u00e9s vers 21\u00a0h apr\u00e8s avoir re\u00e7u les r\u00e9sultats de la prise de sang de ma femme, lesquels n\u2019\u00e9taient vraiment pas bons. Il s\u2019est mis en rapport avec l\u2019Icans, et \u00e0 notre arriv\u00e9e, la d\u00e9cision a \u00e9t\u00e9 prise de ramener mon \u00e9pouse aux urgences&#8230;<\/p>\n","protected":false},"excerpt":{"rendered":"Incompr\u00e9hension, col\u00e8re, d\u00e9go\u00fbt\u2026 Roland Lepage se r\u00e9veille chaque matin avec l\u2019envie de crier la m\u00e9saventure qu\u2019il a v\u00e9cue&hellip;\n","protected":false},"author":2,"featured_media":149818,"comment_status":"","ping_status":"","sticky":false,"template":"","format":"standard","meta":{"footnotes":""},"categories":[2820],"tags":[1111,11,1777,674,274,1011,27,775,12,3456,25,71,104,640],"class_list":{"0":"post-149817","1":"post","2":"type-post","3":"status-publish","4":"format-standard","5":"has-post-thumbnail","7":"category-strasbourg","8":"tag-actu","9":"tag-actualites","10":"tag-eu","11":"tag-europe","12":"tag-faits-divers-justice","13":"tag-fr","14":"tag-france","15":"tag-grand-est","16":"tag-news","17":"tag-region-lorraine","18":"tag-republique-francaise","19":"tag-sante","20":"tag-societe","21":"tag-strasbourg"},"share_on_mastodon":{"url":"https:\/\/pubeurope.com\/@fr\/114621410458386948","error":""},"_links":{"self":[{"href":"https:\/\/www.europesays.com\/fr\/wp-json\/wp\/v2\/posts\/149817","targetHints":{"allow":["GET"]}}],"collection":[{"href":"https:\/\/www.europesays.com\/fr\/wp-json\/wp\/v2\/posts"}],"about":[{"href":"https:\/\/www.europesays.com\/fr\/wp-json\/wp\/v2\/types\/post"}],"author":[{"embeddable":true,"href":"https:\/\/www.europesays.com\/fr\/wp-json\/wp\/v2\/users\/2"}],"replies":[{"embeddable":true,"href":"https:\/\/www.europesays.com\/fr\/wp-json\/wp\/v2\/comments?post=149817"}],"version-history":[{"count":0,"href":"https:\/\/www.europesays.com\/fr\/wp-json\/wp\/v2\/posts\/149817\/revisions"}],"wp:featuredmedia":[{"embeddable":true,"href":"https:\/\/www.europesays.com\/fr\/wp-json\/wp\/v2\/media\/149818"}],"wp:attachment":[{"href":"https:\/\/www.europesays.com\/fr\/wp-json\/wp\/v2\/media?parent=149817"}],"wp:term":[{"taxonomy":"category","embeddable":true,"href":"https:\/\/www.europesays.com\/fr\/wp-json\/wp\/v2\/categories?post=149817"},{"taxonomy":"post_tag","embeddable":true,"href":"https:\/\/www.europesays.com\/fr\/wp-json\/wp\/v2\/tags?post=149817"}],"curies":[{"name":"wp","href":"https:\/\/api.w.org\/{rel}","templated":true}]}}