{"id":149821,"date":"2025-06-03T20:52:10","date_gmt":"2025-06-03T20:52:10","guid":{"rendered":"https:\/\/www.europesays.com\/fr\/149821\/"},"modified":"2025-06-03T20:52:10","modified_gmt":"2025-06-03T20:52:10","slug":"une-lettre-de-plainte-officielle-aux-nations-unies-le-bateau-de-greenpeace-interdit-de-port-a-nice-pendant-la-conference-des-nations-unies-sur-locean","status":"publish","type":"post","link":"https:\/\/www.europesays.com\/fr\/149821\/","title":{"rendered":"\u00ab\u00a0Une lettre de plainte officielle aux Nations unies\u00a0\u00bb: le bateau de Greenpeace interdit de port \u00e0 Nice pendant la Conf\u00e9rence des Nations unies sur l\u2019oc\u00e9an"},"content":{"rendered":"<p>\u00ab\u00a0Greenpeace International va adresser une lettre de plainte officielle aux Nations unies, d\u00e9plorant le comportement du gouvernement fran\u00e7ais alors que la participation de la soci\u00e9t\u00e9 civile est un \u00e9l\u00e9ment cl\u00e9 de la r\u00e9ussite de cette conf\u00e9rence sur l\u2019oc\u00e9an\u00a0\u00bb, annonce Greenpeace dans un communiqu\u00e9. L\u2019Organisation non-gouvernementale d\u00e9veloppe: \u00ab\u00a0Cette d\u00e9cision fait suite \u00e0 la mise en \u00e9vidence par Greenpeace France des failles des aires marines prot\u00e9g\u00e9es fran\u00e7aises, lors d\u2019une action men\u00e9e \u00e0 bord de l\u2019Arctic sunrise le mois dernier en M\u00e9diterran\u00e9e.\u00a0\u00bb<\/p>\n<p>Le navire de l\u2019ONG avait \u00e9t\u00e9 invit\u00e9 par le minist\u00e8re fran\u00e7ais des Affaires \u00e9trang\u00e8res \u00e0 participer au One ocean science congress, ainsi qu\u2019\u00e0 la parade maritime inaugurale Oceans wonders qui se d\u00e9roulera ce dimanche avant l\u2019ouverture de l\u2019Unoc-3. \u00ab\u00a0Il y a quelques jours, Greenpeace France s\u2019est vu notifier par l\u2019organisateur de la parade qu\u2019elle n\u2019\u00e9tait finalement plus la bienvenue. Les autorit\u00e9s fran\u00e7aises viennent de confirmer officiellement que l&rsquo;acc\u00e8s de l&rsquo;Arctic sunrise au port de Nice \u00e9tait interdit\u00a0\u00bb, d\u00e9nonce en avant le communiqu\u00e9 de Greenpeace.<\/p>\n<p>\u00ab\u00a0La tentative des autorit\u00e9s fran\u00e7aises de faire taire les critiques \u00e0 l&rsquo;approche de la conf\u00e9rence des Nations unies sur l\u2019oc\u00e9an rel\u00e8ve clairement d&rsquo;une d\u00e9cision politique et est tout \u00e0 fait inacceptable, a d\u00e9clar\u00e9 Mads Christensen, directeur g\u00e9n\u00e9ral de l\u2019organisation \u00e9cologiste. Greenpeace et ses navires \u0153uvrent pacifiquement \u00e0 la protection des oc\u00e9ans depuis plus de cinquante ans. Nous sommes punis pour avoir mis en \u00e9vidence l&rsquo;incapacit\u00e9 du gouvernement fran\u00e7ais \u00e0 prot\u00e9ger correctement ses aires marines prot\u00e9g\u00e9es, dans lesquelles le chalutage de fond est toujours autoris\u00e9.\u00a0\u00bb<\/p>\n","protected":false},"excerpt":{"rendered":"\u00ab\u00a0Greenpeace International va adresser une lettre de plainte officielle aux Nations unies, d\u00e9plorant le comportement du gouvernement fran\u00e7ais&hellip;\n","protected":false},"author":2,"featured_media":149822,"comment_status":"","ping_status":"","sticky":false,"template":"","format":"standard","meta":{"footnotes":""},"categories":[2819],"tags":[1111,11,436,1777,674,1011,27,12,2401,882,25],"class_list":{"0":"post-149821","1":"post","2":"type-post","3":"status-publish","4":"format-standard","5":"has-post-thumbnail","7":"category-nice","8":"tag-actu","9":"tag-actualites","10":"tag-environnement","11":"tag-eu","12":"tag-europe","13":"tag-fr","14":"tag-france","15":"tag-news","16":"tag-nice","17":"tag-provence-alpes-cote-dazur","18":"tag-republique-francaise"},"share_on_mastodon":{"url":"https:\/\/pubeurope.com\/@fr\/114621418308761702","error":""},"_links":{"self":[{"href":"https:\/\/www.europesays.com\/fr\/wp-json\/wp\/v2\/posts\/149821","targetHints":{"allow":["GET"]}}],"collection":[{"href":"https:\/\/www.europesays.com\/fr\/wp-json\/wp\/v2\/posts"}],"about":[{"href":"https:\/\/www.europesays.com\/fr\/wp-json\/wp\/v2\/types\/post"}],"author":[{"embeddable":true,"href":"https:\/\/www.europesays.com\/fr\/wp-json\/wp\/v2\/users\/2"}],"replies":[{"embeddable":true,"href":"https:\/\/www.europesays.com\/fr\/wp-json\/wp\/v2\/comments?post=149821"}],"version-history":[{"count":0,"href":"https:\/\/www.europesays.com\/fr\/wp-json\/wp\/v2\/posts\/149821\/revisions"}],"wp:featuredmedia":[{"embeddable":true,"href":"https:\/\/www.europesays.com\/fr\/wp-json\/wp\/v2\/media\/149822"}],"wp:attachment":[{"href":"https:\/\/www.europesays.com\/fr\/wp-json\/wp\/v2\/media?parent=149821"}],"wp:term":[{"taxonomy":"category","embeddable":true,"href":"https:\/\/www.europesays.com\/fr\/wp-json\/wp\/v2\/categories?post=149821"},{"taxonomy":"post_tag","embeddable":true,"href":"https:\/\/www.europesays.com\/fr\/wp-json\/wp\/v2\/tags?post=149821"}],"curies":[{"name":"wp","href":"https:\/\/api.w.org\/{rel}","templated":true}]}}