{"id":149823,"date":"2025-06-03T20:53:14","date_gmt":"2025-06-03T20:53:14","guid":{"rendered":"https:\/\/www.europesays.com\/fr\/149823\/"},"modified":"2025-06-03T20:53:14","modified_gmt":"2025-06-03T20:53:14","slug":"nice-devient-le-centre-du-monde-oceanique-avec-un-congres-scientifique-majeur","status":"publish","type":"post","link":"https:\/\/www.europesays.com\/fr\/149823\/","title":{"rendered":"Nice devient le centre du monde oc\u00e9anique avec un congr\u00e8s scientifique majeur"},"content":{"rendered":"<p dir=\"ltr\">Ce mardi 3 juin, la c\u00e9r\u00e9monie d\u2019ouverture du One Ocean Congress a marqu\u00e9 le d\u00e9but d\u2019un \u00e9v\u00e9nement d\u00e9di\u00e9 \u00e0 la science. Un \u00e9v\u00e9nement qui pourrait bien \u00eatre d\u00e9cisif pour les prochains jours.\u00a0<\/p>\n<p>Quelques jours avant la troisi\u00e8me Conf\u00e9rence des Nations Unies sur les oc\u00e9ans (UNOC3), le One Ocean Science Congress prend place au port Lympia \u00e0 <a href=\"https:\/\/www.futura-sciences.com\/sciences\/actualites\/exploration-robotique-conference-grand-public-nice-tout-savoir-mission-hera-esa-120164\/\" title=\"Conf\u00e9rence grand public \u00e0 Nice pour tout savoir sur la mission Hera de l&#039;ESA\" target=\"_blank\" rel=\"noopener\">Nice<\/a>. \u00c0 partir de ce mardi 3 juin jusqu&rsquo;au 6 juin, plus de 2 000 scientifiques sont r\u00e9unis dans le but de pr\u00e9senter une base scientifique <a href=\"https:\/\/www.futura-sciences.com\/sciences\/definitions\/chimie-solide-15332\/\" class=\"typographies__SpanLink-sc-9uspqk-3 TvQHx\" universe=\"planet\" target=\"_blank\" rel=\"noopener\">solide<\/a>solide pour les discussions de l&rsquo;UNOC3.\u00a0<\/p>\n<p>Un \u00e9v\u00e9nement sp\u00e9cial d\u00e9di\u00e9 \u00e0 la science<\/p>\n<p>Le One Ocean Science Congress est un \u00e9v\u00e9nement sp\u00e9cial d\u00e9di\u00e9 \u00e0 la <a href=\"https:\/\/www.futura-sciences.com\/sciences\/actualites\/sciences-voici-ce-francais-pensent-vraiment-sciences-et-ca-surprend-120559\/\" title=\"Voici ce que les Fran\u00e7ais pensent vraiment des sciences (et pourquoi \u00e7a surprend)\" target=\"_blank\" rel=\"noopener\">science<\/a> et organis\u00e9 par l&rsquo;Ifremer et le CNRS. Tout au long des quatre jours, trois sessions principales, 33 r\u00e9unions publiques sous forme de tables rondes, 500 pr\u00e9sentations orales ou encore 620 affiches seront propos\u00e9es. Michelle Bender, Minhan Da\u00ef, Corinne Le Qu\u00e9r\u00e9, David Obura, Christina Hicks, Takashi Gojobori, Alexandre Turra, Sheena Talma et Yunne Shin sont les neuf conf\u00e9renciers principaux et leaders dans le domaine des sciences oc\u00e9aniques qui interviendront lors des trois conf\u00e9rences principales diffus\u00e9es en direct.\u00a0<\/p>\n<p>Au terme de l&rsquo;OOSC, des r\u00e9sultats et recommandations fond\u00e9es sur la science permettront de guider les chefs d&rsquo;\u00c9tats, les gouvernements et les soci\u00e9t\u00e9s civiles lors des discussions de l&rsquo;UNOC3 du 9 au 13 juin. Ainsi, le r\u00f4le de l&rsquo;OOSC est clair : \u00ab fournir des connaissances scientifiques solides, exploitables et essentielles pour guider des politiques mondiales ambitieuses et durables \u00bb, a expliqu\u00e9 Fr\u00e9d\u00e9ric Gazeau, directeur du laboratoire d&rsquo;oc\u00e9anographie de Villefranche-sur-Mer lors de la c\u00e9r\u00e9monie d&rsquo;ouverture, ce mardi 3 juin.<\/p>\n<p>Des th\u00e8mes pour pr\u00e9parer l\u2019UNOC3<\/p>\n<p>Dix th\u00e8mes en lien avec l&rsquo;<a href=\"https:\/\/www.futura-sciences.com\/planete\/actualites\/rechauffement-climatique-meme-nasa-ne-y-attendait-pas-quelque-chose-change-oceans-ca-pourrait-tout-bouleverser-121765\/\" title=\"M\u00eame la Nasa ne s\u2019y attendait pas : quelque chose a chang\u00e9 dans les oc\u00e9ans et \u00e7a pourrait tout bouleverser\" target=\"_blank\" rel=\"noopener\">oc\u00e9an<\/a> seront abord\u00e9s. De la protection et la restauration des \u00e9cosyst\u00e8mes marins et c\u00f4tiers \u00e0 la s\u00e9curit\u00e9 des syst\u00e8mes alimentaires bas\u00e9s sur l&rsquo;oc\u00e9an en passant par la <a href=\"https:\/\/www.futura-sciences.com\/planete\/questions-reponses\/pollution-sont-differents-types-pollutions-atmospheriques-344\/\" title=\"Quels sont les diff\u00e9rents types de pollutions atmosph\u00e9riques ?\" target=\"_blank\" rel=\"noopener\">pollution<\/a> <a href=\"https:\/\/www.futura-sciences.com\/maison\/definitions\/gaz-naturel-plastique-13438\/\" class=\"typographies__SpanLink-sc-9uspqk-3 TvQHx\" universe=\"planet\" target=\"_blank\" rel=\"noopener\">plastique<\/a>plastique et la d\u00e9carbonation des transports maritimes, chacun refl\u00e8te un enjeu majeur au c\u0153ur des priorit\u00e9s de l&rsquo;UNOC3.<\/p>\n<p>L&rsquo;oc\u00e9an est le <a href=\"https:\/\/www.futura-sciences.com\/sante\/definitions\/biologie-poumon-7024\/\" class=\"typographies__SpanLink-sc-9uspqk-3 TvQHx\" universe=\"planet\" target=\"_blank\" rel=\"noopener\">poumon<\/a>poumon de la plan\u00e8te et est essentiel \u00e0 la vie sous toutes ses formes. En ce sens, \u00ab l&rsquo;OOSC est plus qu&rsquo;une r\u00e9union d&rsquo;experts, c&rsquo;est un appel \u00e0 l&rsquo;unit\u00e9, a d\u00e9clar\u00e9 Vincent Rigaud. Ensemble, nous formons un seul \u00e9quipage navigant vers le m\u00eame objectif : comprendre, prot\u00e9ger et restaurer l&rsquo;oc\u00e9an \u00bb.<\/p>\n","protected":false},"excerpt":{"rendered":"Ce mardi 3 juin, la c\u00e9r\u00e9monie d\u2019ouverture du One Ocean Congress a marqu\u00e9 le d\u00e9but d\u2019un \u00e9v\u00e9nement d\u00e9di\u00e9&hellip;\n","protected":false},"author":2,"featured_media":149824,"comment_status":"","ping_status":"","sticky":false,"template":"","format":"standard","meta":{"footnotes":""},"categories":[2819],"tags":[1111,11,1777,674,1011,27,12,2401,12517,882,25,27914,27915,12522],"class_list":{"0":"post-149823","1":"post","2":"type-post","3":"status-publish","4":"format-standard","5":"has-post-thumbnail","7":"category-nice","8":"tag-actu","9":"tag-actualites","10":"tag-eu","11":"tag-europe","12":"tag-fr","13":"tag-france","14":"tag-news","15":"tag-nice","16":"tag-ocean","17":"tag-provence-alpes-cote-dazur","18":"tag-republique-francaise","19":"tag-sciences-oceaniques","20":"tag-sciences-oceanographiques","21":"tag-unoc"},"share_on_mastodon":{"url":"https:\/\/pubeurope.com\/@fr\/114621422184963205","error":""},"_links":{"self":[{"href":"https:\/\/www.europesays.com\/fr\/wp-json\/wp\/v2\/posts\/149823","targetHints":{"allow":["GET"]}}],"collection":[{"href":"https:\/\/www.europesays.com\/fr\/wp-json\/wp\/v2\/posts"}],"about":[{"href":"https:\/\/www.europesays.com\/fr\/wp-json\/wp\/v2\/types\/post"}],"author":[{"embeddable":true,"href":"https:\/\/www.europesays.com\/fr\/wp-json\/wp\/v2\/users\/2"}],"replies":[{"embeddable":true,"href":"https:\/\/www.europesays.com\/fr\/wp-json\/wp\/v2\/comments?post=149823"}],"version-history":[{"count":0,"href":"https:\/\/www.europesays.com\/fr\/wp-json\/wp\/v2\/posts\/149823\/revisions"}],"wp:featuredmedia":[{"embeddable":true,"href":"https:\/\/www.europesays.com\/fr\/wp-json\/wp\/v2\/media\/149824"}],"wp:attachment":[{"href":"https:\/\/www.europesays.com\/fr\/wp-json\/wp\/v2\/media?parent=149823"}],"wp:term":[{"taxonomy":"category","embeddable":true,"href":"https:\/\/www.europesays.com\/fr\/wp-json\/wp\/v2\/categories?post=149823"},{"taxonomy":"post_tag","embeddable":true,"href":"https:\/\/www.europesays.com\/fr\/wp-json\/wp\/v2\/tags?post=149823"}],"curies":[{"name":"wp","href":"https:\/\/api.w.org\/{rel}","templated":true}]}}