{"id":149825,"date":"2025-06-03T20:55:09","date_gmt":"2025-06-03T20:55:09","guid":{"rendered":"https:\/\/www.europesays.com\/fr\/149825\/"},"modified":"2025-06-03T20:55:09","modified_gmt":"2025-06-03T20:55:09","slug":"des-montpellierains-diminues-sinclinent-a-nimes-nantes-assure-de-la-deuxieme-place-en-championnat","status":"publish","type":"post","link":"https:\/\/www.europesays.com\/fr\/149825\/","title":{"rendered":"des Montpelli\u00e9rains diminu\u00e9s s\u2019inclinent \u00e0 N\u00eemes, Nantes assur\u00e9 de la deuxi\u00e8me place en championnat"},"content":{"rendered":"<p>Les Nantais iront \u00e0 Chamb\u00e9ry mercredi, au lendemain de la d\u00e9faite 28-30 du MHB lors de la 29e journ\u00e9e.<\/p>\n<p class=\"fig-paragraph\">Le Handball Club de Nantes est assur\u00e9 de finir au moins \u00e0 la deuxi\u00e8me place de Starligue, qualificative pour la Ligue des champions, apr\u00e8s la d\u00e9faite de\u00a0<a href=\"http:\/\/www.lefigaro.fr\/sports\/handball\/hand-montpellier-sechement-battu-en-finale-de-ligue-europeenne-20250525\" data-fig-type=\"NewsFlash\" data-gtm-custom-categorie=\"navigation\" data-gtm-custom-action=\"crossclick\" data-gtm-custom-label=\"Contextuel\" data-gtm-event=\"customEventSPE\" data-fig-domain=\"LEFIGARO\" target=\"_blank\" rel=\"noopener\">Montpellier<\/a>\u00a0\u00e0 N\u00eemes (30-28) mardi. Les Nantais (49 pts) ne peuvent plus \u00eatre rejoints par les H\u00e9raultais, trois longueurs derri\u00e8re avec un seul match restant \u00e0 disputer.<\/p>\n<p class=\"fig-paragraph\">Ces derniers devront se contenter de la Ligue europ\u00e9enne, comme cette saison. Le \u00abH\u00bb poss\u00e8de de son c\u00f4t\u00e9 un infime espoir de coiffer\u00a0<a href=\"http:\/\/www.lefigaro.fr\/sports\/handball\/hand-le-psg-tenu-en-echec-a-montpellier-et-pas-encore-champion-de-france-20250531\" data-fig-type=\"NewsFlash\" data-gtm-custom-categorie=\"navigation\" data-gtm-custom-action=\"crossclick\" data-gtm-custom-label=\"Contextuel\" data-gtm-event=\"customEventSPE\" data-fig-domain=\"LEFIGARO\" target=\"_blank\" rel=\"noopener\">le PSG<\/a>\u00a0(52 pts) au poteau pour le titre de champion, s&rsquo;il gagne ses deux matches encore \u00e0 jouer et que les Parisiens perdent les deux leurs.<\/p>\n","protected":false},"excerpt":{"rendered":"Les Nantais iront \u00e0 Chamb\u00e9ry mercredi, au lendemain de la d\u00e9faite 28-30 du MHB lors de la 29e&hellip;\n","protected":false},"author":2,"featured_media":149826,"comment_status":"","ping_status":"","sticky":false,"template":"","format":"standard","meta":{"footnotes":""},"categories":[2818],"tags":[2466,1111,2465,2464,11,1977,1981,451,207,1777,2468,674,63,1454,1011,27,1792,66,447,2467,2208,1457,766,2182,12,2636,25,1980,479,2259,1467],"class_list":{"0":"post-149825","1":"post","2":"type-post","3":"status-publish","4":"format-standard","5":"has-post-thumbnail","7":"category-nantes","8":"tag-2466","9":"tag-actu","10":"tag-actu-sport","11":"tag-actualite-sportive","12":"tag-actualites","13":"tag-auto","14":"tag-classement","15":"tag-coupe-du-monde","16":"tag-cyclisme","17":"tag-eu","18":"tag-euro-foot","19":"tag-europe","20":"tag-football","21":"tag-formule-1","22":"tag-fr","23":"tag-france","24":"tag-handball","25":"tag-ligue-1","26":"tag-ligue-des-champions","27":"tag-live-sport","28":"tag-montpellier","29":"tag-moto","30":"tag-nantes","31":"tag-nba","32":"tag-news","33":"tag-pays-de-la-loire","34":"tag-republique-francaise","35":"tag-resultats","36":"tag-rugby","37":"tag-score","38":"tag-tennis"},"share_on_mastodon":{"url":"https:\/\/pubeurope.com\/@fr\/114621430277126137","error":""},"_links":{"self":[{"href":"https:\/\/www.europesays.com\/fr\/wp-json\/wp\/v2\/posts\/149825","targetHints":{"allow":["GET"]}}],"collection":[{"href":"https:\/\/www.europesays.com\/fr\/wp-json\/wp\/v2\/posts"}],"about":[{"href":"https:\/\/www.europesays.com\/fr\/wp-json\/wp\/v2\/types\/post"}],"author":[{"embeddable":true,"href":"https:\/\/www.europesays.com\/fr\/wp-json\/wp\/v2\/users\/2"}],"replies":[{"embeddable":true,"href":"https:\/\/www.europesays.com\/fr\/wp-json\/wp\/v2\/comments?post=149825"}],"version-history":[{"count":0,"href":"https:\/\/www.europesays.com\/fr\/wp-json\/wp\/v2\/posts\/149825\/revisions"}],"wp:featuredmedia":[{"embeddable":true,"href":"https:\/\/www.europesays.com\/fr\/wp-json\/wp\/v2\/media\/149826"}],"wp:attachment":[{"href":"https:\/\/www.europesays.com\/fr\/wp-json\/wp\/v2\/media?parent=149825"}],"wp:term":[{"taxonomy":"category","embeddable":true,"href":"https:\/\/www.europesays.com\/fr\/wp-json\/wp\/v2\/categories?post=149825"},{"taxonomy":"post_tag","embeddable":true,"href":"https:\/\/www.europesays.com\/fr\/wp-json\/wp\/v2\/tags?post=149825"}],"curies":[{"name":"wp","href":"https:\/\/api.w.org\/{rel}","templated":true}]}}