{"id":149833,"date":"2025-06-03T20:59:09","date_gmt":"2025-06-03T20:59:09","guid":{"rendered":"https:\/\/www.europesays.com\/fr\/149833\/"},"modified":"2025-06-03T20:59:09","modified_gmt":"2025-06-03T20:59:09","slug":"toulouse-la-boum-geante-cette-soiree-exceptionnelle-qui-vous-fera-voyager-dans-les-annees-80-et-90","status":"publish","type":"post","link":"https:\/\/www.europesays.com\/fr\/149833\/","title":{"rendered":"Toulouse. La \u00ab\u00a0Boum G\u00e9ante\u00a0\u00bb, cette soir\u00e9e exceptionnelle qui vous fera voyager dans les ann\u00e9es 80 et 90"},"content":{"rendered":"<p>            Par<br \/>\n        <strong><br \/>\n            <a href=\"https:\/\/actu.fr\/auteur\/romain-piccolo\" title=\"Consulter tous les articles de Romain Piccolo\" target=\"_blank\" rel=\"noopener\">Romain Piccolo<\/a><br \/>\n        <\/strong><\/p>\n<p>        Publi\u00e9 le<\/p>\n<p>            3 juin 2025 \u00e0 20h30        <\/p>\n<p>Le vendredi 6\u00a0juin 2025, <a href=\"https:\/\/actu.fr\/toulouse\/\" target=\"_blank\" rel=\"noopener\">Toulouse<\/a> s\u2019appr\u00eate \u00e0 revivre <strong>les bouleversements musicaux des d\u00e9cennies pass\u00e9es<\/strong> lors de<a href=\"https:\/\/actu.fr\/grand-est\/nancy_54395\/nancy-c-est-quoi-cette-boum-geante-annoncee-place-stanislas_61827731.html\" target=\"_blank\" rel=\"noopener\"> la Boum G\u00e9ante<\/a>. Privatis\u00e9e pour l\u2019occasion \u00e0<a href=\"https:\/\/actu.fr\/occitanie\/toulouse_31555\/toulouse-l-esmeralda-la-discotheque-qui-fait-danser-les-plus-de-30-ans-fete-ses-20-ans_53481645.html\" target=\"_blank\" rel=\"noopener\"> L\u2019Esm\u00e9ralda, discoth\u00e8que<\/a> embl\u00e9matique situ\u00e9e dans le nord de la Ville rose. Un moment de nostalgie dansante sur les plus grands hits des <strong>ann\u00e9es 80, 90 et d\u00e9but 2000<\/strong> dans un \u00ab\u2009d\u00e9cor XXL\u2009\u00bb, entre jeux de lumi\u00e8re et goodies exclusifs.<\/p>\n<p>Une soir\u00e9e exceptionnelle dans un lieu mythique<\/p>\n<p class=\" wall-content\">L\u2019Esm\u00e9ralda, le plus grand club de la r\u00e9gion Occitanie, se trouve <strong>au bord du Lac de Sesqui\u00e8res<\/strong> \u00e0 Toulouse et propose deux salles aux ambitions distinctes pour accueillir jusqu\u2019\u00e0 plusieurs centaines de convives lors de soir\u00e9e priv\u00e9es. Le vendredi 6\u00a0juin 2025, <strong>le lieu sera enti\u00e8rement privatis\u00e9<\/strong> pour les participants de La Boum G\u00e9ante, offrant un cadre s\u00e9curis\u00e9 et convivial pour tous les f\u00eatards de cette longue nuit.<\/p>\n<p>Au programme\u2009: de la nostalgie et des surprises<\/p>\n<p class=\" wall-content\">Hits incontournables\u2009: <strong>un DJ expert des tubes r\u00e9tro fera vibrer la piste<\/strong> avec les plus grands classiques de Madonna, Spice Girls, Nirvana et Daft Punk, parmi d\u2019autres l\u00e9gendes des ann\u00e9es 80-90 et un soup\u00e7on de 2000.<\/p>\n<p class=\" wall-content\">D\u00e9coration immersive XXL\u2009: le club sera m\u00e9tamorphos\u00e9 pour replonger les participants au c\u0153ur de<strong> leurs meilleurs souvenirs de jeunesse<\/strong>, entre bornes photos, jeux de lumi\u00e8re hypnotiques et surprises tout au long de la nuit.<\/p>\n<p class=\" wall-content\">Animations et goodies\u2009:<strong> cadeaux pour les 100 premiers d\u00e9guis\u00e9s<\/strong>, photographe et vid\u00e9aste sur place pour immortaliser la soir\u00e9e, ainsi que des goodies exclusifs distribu\u00e9s en continu.<\/p>\n<p>Vid\u00e9os : en ce moment sur ActuTarifs et r\u00e9servations urgentes<\/p>\n<p class=\" wall-content\">La billetterie est ouverte en <strong>trois phases<\/strong>\u2009:<\/p>\n<ul class=\" wall-content\">\n<li>Phase 1 (offre tr\u00e8s limit\u00e9e)\u2009: 15\u00a0\u20ac au lieu de 25\u00a0\u20ac<\/li>\n<li>Phase 2 (quantit\u00e9 limit\u00e9e)\u2009: 20\u00a0\u20ac au lieu de 25\u00a0\u20ac<\/li>\n<li>Retardataires\u2009: 25\u00a0\u20ac<\/li>\n<\/ul>\n<p class=\" wall-content\">Avec des \u00e9ditions pr\u00e9c\u00e9dentes affichant sold-out rapidement,<strong> mieux vaut r\u00e9server sans tarder<\/strong> via le site officiel de La Boum G\u00e9ante ou la plateforme <a href=\"https:\/\/www.billetweb.fr\/pro\/laboum-geante\" target=\"_blank\" rel=\"noopener\">Billetweb<\/a>.<\/p>\n<p class=\" wall-content\">Ne manquez pas cette soir\u00e9e qui promet d\u2019\u00eatre le rendez-vous r\u00e9tro incontournable de l\u2019\u00e9t\u00e9 toulousain. R\u00e9servez d\u00e8s maintenant et pr\u00e9parez-vous \u00e0 <strong>faire danser la Ville Rose<\/strong> jusqu\u2019au petit matin\u2009!<\/p>\n<p>Infos pratiques<br \/>Date et horaire\u2009: Vendredi 6\u00a0juin 2025 de 22\u2009h \u00e0 4\u2009h<br \/>Lieu\u2009: L\u2019Esm\u00e9ralda, Lac de Sesqui\u00e8res, 31200 Toulouse<br \/>Acc\u00e8s\u2009: grand parking gratuit sur place<br \/>\u00c2ge\u2009: strictement r\u00e9serv\u00e9 aux majeurs (pi\u00e8ce d\u2019identit\u00e9 exig\u00e9e)<\/p>\n<p class=\" wall-content\">Suivez toute l\u2019actualit\u00e9 de vos villes et m\u00e9dias favoris en vous inscrivant \u00e0 <a href=\"https:\/\/moncompte.actu.fr\" title=\"D\u00e9couvez Mon Actu\" rel=\"nofollow noopener\" data-trk=\"{&quot;cta&quot;:{&quot;action&quot;:&quot;https:\\\/\\\/moncompte.actu.fr&quot;,&quot;category&quot;:&quot;mon compte&quot;,&quot;from&quot;:&quot;article footer&quot;,&quot;name&quot;:&quot;Mon actu&quot;,&quot;type&quot;:&quot;cta&quot;}}\" target=\"_blank\">Mon Actu<\/a>.<\/p>\n","protected":false},"excerpt":{"rendered":"Par Romain Piccolo Publi\u00e9 le 3 juin 2025 \u00e0 20h30 Le vendredi 6\u00a0juin 2025, Toulouse s\u2019appr\u00eate \u00e0 revivre&hellip;\n","protected":false},"author":2,"featured_media":149834,"comment_status":"","ping_status":"","sticky":false,"template":"","format":"standard","meta":{"footnotes":""},"categories":[2816],"tags":[1111,11,5972,1777,674,1011,27,1652,873,12,2680,25,1341,2312],"class_list":{"0":"post-149833","1":"post","2":"type-post","3":"status-publish","4":"format-standard","5":"has-post-thumbnail","7":"category-toulouse","8":"tag-actu","9":"tag-actualites","10":"tag-danse","11":"tag-eu","12":"tag-europe","13":"tag-fr","14":"tag-france","15":"tag-loisirs-culture","16":"tag-musique","17":"tag-news","18":"tag-occitanie","19":"tag-republique-francaise","20":"tag-sortir-a-toulouse","21":"tag-toulouse"},"share_on_mastodon":{"url":"https:\/\/pubeurope.com\/@fr\/114621445772025504","error":""},"_links":{"self":[{"href":"https:\/\/www.europesays.com\/fr\/wp-json\/wp\/v2\/posts\/149833","targetHints":{"allow":["GET"]}}],"collection":[{"href":"https:\/\/www.europesays.com\/fr\/wp-json\/wp\/v2\/posts"}],"about":[{"href":"https:\/\/www.europesays.com\/fr\/wp-json\/wp\/v2\/types\/post"}],"author":[{"embeddable":true,"href":"https:\/\/www.europesays.com\/fr\/wp-json\/wp\/v2\/users\/2"}],"replies":[{"embeddable":true,"href":"https:\/\/www.europesays.com\/fr\/wp-json\/wp\/v2\/comments?post=149833"}],"version-history":[{"count":0,"href":"https:\/\/www.europesays.com\/fr\/wp-json\/wp\/v2\/posts\/149833\/revisions"}],"wp:featuredmedia":[{"embeddable":true,"href":"https:\/\/www.europesays.com\/fr\/wp-json\/wp\/v2\/media\/149834"}],"wp:attachment":[{"href":"https:\/\/www.europesays.com\/fr\/wp-json\/wp\/v2\/media?parent=149833"}],"wp:term":[{"taxonomy":"category","embeddable":true,"href":"https:\/\/www.europesays.com\/fr\/wp-json\/wp\/v2\/categories?post=149833"},{"taxonomy":"post_tag","embeddable":true,"href":"https:\/\/www.europesays.com\/fr\/wp-json\/wp\/v2\/tags?post=149833"}],"curies":[{"name":"wp","href":"https:\/\/api.w.org\/{rel}","templated":true}]}}