{"id":149837,"date":"2025-06-03T21:01:22","date_gmt":"2025-06-03T21:01:22","guid":{"rendered":"https:\/\/www.europesays.com\/fr\/149837\/"},"modified":"2025-06-03T21:01:22","modified_gmt":"2025-06-03T21:01:22","slug":"emma-ouvre-deux-nouveaux-magasins-a-lille-et-a-orvault-pres-de-nantes","status":"publish","type":"post","link":"https:\/\/www.europesays.com\/fr\/149837\/","title":{"rendered":"Emma ouvre deux nouveaux magasins \u00e0 Lille et \u00e0 Orvault, pr\u00e8s de Nantes"},"content":{"rendered":"<p>Le sp\u00e9cialiste de la literie <strong>Emma <\/strong>poursuit son expansion physique en ouvrant ses 7 et 8\u00e8me magasins en France en moins d\u2019un an. Ces deux magasins se situent \u00e0 Orvault, pr\u00e8s de Nantes (Loire-Atlantique) et \u00e0 Lille (Nord), des villes qui n\u2019avaient pas encore d\u2019implantation Emma.<\/p>\n<p>D\u2019une taille de 250m\u00b2, le magasin d\u2019Orvault est pilot\u00e9 par <strong>Vincent Arhuero<\/strong>, ancien directeur commercial d\u2019<strong>Andr\u00e9 Renault<\/strong>. Il continue son parcours dans l\u2019univers de la literie depuis l\u2019ouverture en mai de son magasin.<\/p>\n<p>Le nouveau magasin de 160m\u00b2 de Lille, quant \u00e0 lui, se situe en plein centre-ville. Juste \u00e0 c\u00f4t\u00e9 de la place Rihour. Il est dirig\u00e9 par <strong>Aniss Yefsah<\/strong>, entrepreneur passionn\u00e9 au parcours riche.<\/p>\n<p>Ces magasins s\u2019inscrivent dans la volont\u00e9 d\u2019Emma de proposer une exp\u00e9rience client premium.\u00a0Ils y pr\u00e9sentent \u00e0 la fois la gamme disponible sur le site internet d\u2019Emma, ainsi que des mod\u00e8les exclusifs aux magasins physiques.<\/p>\n<p>L\u2019enseigne a d\u2019ores et d\u00e9j\u00e0 annonc\u00e9 que de nouvelles ouvertures auront lieu dans les prochaines semaines.<\/p>\n<p><strong><a href=\"https:\/\/www.univers-habitat.eu\/mots-cles\/emma\/\" target=\"_blank\" rel=\"noopener\">&gt; D\u00e9couvrez d\u2019autres articles sur Emma<\/a><\/strong>                        <\/p>\n","protected":false},"excerpt":{"rendered":"Le sp\u00e9cialiste de la literie Emma poursuit son expansion physique en ouvrant ses 7 et 8\u00e8me magasins en&hellip;\n","protected":false},"author":2,"featured_media":149838,"comment_status":"","ping_status":"","sticky":false,"template":"","format":"standard","meta":{"footnotes":""},"categories":[2815],"tags":[1111,11,27916,12181,27917,27918,705,1777,674,1011,27,811,1307,11903,27919,8886,766,12,4151,25,27920],"class_list":{"0":"post-149837","1":"post","2":"type-post","3":"status-publish","4":"format-standard","5":"has-post-thumbnail","7":"category-lille","8":"tag-actu","9":"tag-actualites","10":"tag-aniss-ysefah","11":"tag-emma","12":"tag-emma-sleep","13":"tag-emma-store","14":"tag-enseignes","15":"tag-eu","16":"tag-europe","17":"tag-fr","18":"tag-france","19":"tag-hauts-de-france","20":"tag-lille","21":"tag-literie","22":"tag-matelas","23":"tag-mobilier","24":"tag-nantes","25":"tag-news","26":"tag-orvault","27":"tag-republique-francaise","28":"tag-vincent-arhuero"},"share_on_mastodon":{"url":"https:\/\/pubeurope.com\/@fr\/114621453724686304","error":""},"_links":{"self":[{"href":"https:\/\/www.europesays.com\/fr\/wp-json\/wp\/v2\/posts\/149837","targetHints":{"allow":["GET"]}}],"collection":[{"href":"https:\/\/www.europesays.com\/fr\/wp-json\/wp\/v2\/posts"}],"about":[{"href":"https:\/\/www.europesays.com\/fr\/wp-json\/wp\/v2\/types\/post"}],"author":[{"embeddable":true,"href":"https:\/\/www.europesays.com\/fr\/wp-json\/wp\/v2\/users\/2"}],"replies":[{"embeddable":true,"href":"https:\/\/www.europesays.com\/fr\/wp-json\/wp\/v2\/comments?post=149837"}],"version-history":[{"count":0,"href":"https:\/\/www.europesays.com\/fr\/wp-json\/wp\/v2\/posts\/149837\/revisions"}],"wp:featuredmedia":[{"embeddable":true,"href":"https:\/\/www.europesays.com\/fr\/wp-json\/wp\/v2\/media\/149838"}],"wp:attachment":[{"href":"https:\/\/www.europesays.com\/fr\/wp-json\/wp\/v2\/media?parent=149837"}],"wp:term":[{"taxonomy":"category","embeddable":true,"href":"https:\/\/www.europesays.com\/fr\/wp-json\/wp\/v2\/categories?post=149837"},{"taxonomy":"post_tag","embeddable":true,"href":"https:\/\/www.europesays.com\/fr\/wp-json\/wp\/v2\/tags?post=149837"}],"curies":[{"name":"wp","href":"https:\/\/api.w.org\/{rel}","templated":true}]}}