{"id":149839,"date":"2025-06-03T21:02:11","date_gmt":"2025-06-03T21:02:11","guid":{"rendered":"https:\/\/www.europesays.com\/fr\/149839\/"},"modified":"2025-06-03T21:02:11","modified_gmt":"2025-06-03T21:02:11","slug":"des-collegiens-marseillais-laureats-des-prix-armees-zone-sud","status":"publish","type":"post","link":"https:\/\/www.europesays.com\/fr\/149839\/","title":{"rendered":"des coll\u00e9giens marseillais laur\u00e9ats des Prix Arm\u00e9es zone Sud"},"content":{"rendered":"<p>\u00ab\u00a0Vos \u00e9l\u00e8ves sont s\u00e9rieux et engag\u00e9s, j&rsquo;en suis fier\u00a0\u00bb, lance le <a href=\"https:\/\/www.laprovence.com\/article\/societe\/1940493350852415\/le-gouverneur-militaire-de-marseille-thierry-laval-face-aux-lecteurs-de-la-provence-posez-vos-questions\" target=\"_blank\" rel=\"nofollow noopener\">g\u00e9n\u00e9ral Laval, gouverneur militaire de Marseille<\/a>, aux coll\u00e9giens intimid\u00e9s. Ils sont en troisi\u00e8me, au <a href=\"https:\/\/www.laprovence.com\/article\/region\/6475492043458714\/marseille-le-college-mallarme-a-la-rose-13e-ferme-apres-la-decouverte-dimpacts-de-balles\" target=\"_blank\" rel=\"nofollow noopener\">coll\u00e8ge St\u00e9phane Mallarm\u00e9<\/a> (13e) ou Grande Bastide (9e) et ont particip\u00e9 aux prix Arm\u00e9es zone Sud de l&rsquo;acad\u00e9mie d&rsquo;Aix-Marseille. Ce dernier r\u00e9compense une classe pour un travail collectif sur le lien arm\u00e9e-nation.<\/p>\n<p>Cette ann\u00e9e, ces \u00e9l\u00e8ves ont travaill\u00e9 sur \u00ab\u00a0la d\u00e9fense, la protection et la r\u00e9silience des arm\u00e9es fran\u00e7aises en zone Sud face aux d\u00e9fis m\u00e9diterran\u00e9ens.\u00a0\u00bb Racha et L\u00e9ana arborent leur t-shirt \u00ab\u00a0coll\u00e8ge Mallarm\u00e9\u00a0\u00bb et sourient devant la lentille du photographe. \u00ab\u00a0On a cr\u00e9\u00e9 un jeu de plateau pour conna\u00eetre les zones Sud\u00a0\u00bb, d\u00e9crit Racha. L&rsquo;id\u00e9e a s\u00e9duit le jury dont fait partie Julien Cuminetto, r\u00e9f\u00e9rent acad\u00e9mique D\u00e9fense et repr\u00e9sentant du recteur. \u00ab\u00a0C&rsquo;est un jeu p\u00e9dagogique, sur la r\u00e9flexion g\u00e9opolitique. Cela incarne le lien entre arm\u00e9e et jeunesse\u00a0\u00bb, souligne-t-il.<\/p>\n<p>Susciter des vocations<\/p>\n<p>\u00ab\u00a0Les filles, vous pouvez aussi venir \u00e0 l&rsquo;arm\u00e9e !\u00a0\u00bb, mart\u00e8le le g\u00e9n\u00e9ral Laval devant les coll\u00e9giens. En face, A\u00efma, au coll\u00e8ge Mallarm\u00e9, tend une oreille attentive. \u00ab\u00a0\u00c7a me donne envie de travailler dans l&rsquo;arm\u00e9e\u00a0\u00bb, confie la jeune fille. Group\u00e9 sur le pont du Fort Ganteaume, trois adolescents se f\u00e9licitent d&rsquo;avoir remport\u00e9 le prix de l&rsquo;acad\u00e9mie d&rsquo;Aix-Marseille.<\/p>\n<p>Herm\u00e8ne, v\u00eatu d&rsquo;une chemise blanche pour l&rsquo;occasion, est tr\u00e8s fier. \u00ab\u00a0On a fait un diaporama pour expliquer comment \u00e9viter les incendies \u00e0 Marseille\u00a0\u00bb, explique-t-il. \u00c0 sa gauche, Ma\u00ebl poursuit\u00a0: \u00ab\u00a0On a choisi ce sujet car il y a eu un incendie \u00e0 Luminy en 2016. J&rsquo;y habitais et \u00e7a m&rsquo;a marqu\u00e9.\u00a0\u00bb Et ce prix ravit aussi les parents, souligne leur professeur d&rsquo;histoire-g\u00e9ographie Gr\u00e9gory Duret : \u00ab\u00a0Ils \u00e9taient surpris au d\u00e9but mais ils sont tr\u00e8s fiers.\u00a0\u00bb Une candidature l&rsquo;ann\u00e9e prochaine\u00a0? \u00ab\u00a0Il faudra compter sur nous !\u00a0\u00bb, promet le professeur.\u00a0<\/p>\n","protected":false},"excerpt":{"rendered":"\u00ab\u00a0Vos \u00e9l\u00e8ves sont s\u00e9rieux et engag\u00e9s, j&rsquo;en suis fier\u00a0\u00bb, lance le g\u00e9n\u00e9ral Laval, gouverneur militaire de Marseille, aux&hellip;\n","protected":false},"author":2,"featured_media":149840,"comment_status":"","ping_status":"","sticky":false,"template":"","format":"standard","meta":{"footnotes":""},"categories":[2814],"tags":[17,1111,11,1433,1446,154,7687,20598,1777,674,1011,27,9757,884,12,882,16,25,16724],"class_list":{"0":"post-149839","1":"post","2":"type-post","3":"status-publish","4":"format-standard","5":"has-post-thumbnail","7":"category-marseille","8":"tag-17","9":"tag-actu","10":"tag-actualites","11":"tag-ca","12":"tag-dans","13":"tag-des","14":"tag-donne","15":"tag-envie","16":"tag-eu","17":"tag-europe","18":"tag-fr","19":"tag-france","20":"tag-larmee","21":"tag-marseille","22":"tag-news","23":"tag-provence-alpes-cote-dazur","24":"tag-region","25":"tag-republique-francaise","26":"tag-travailler"},"share_on_mastodon":{"url":"https:\/\/pubeurope.com\/@fr\/114621457616349808","error":""},"_links":{"self":[{"href":"https:\/\/www.europesays.com\/fr\/wp-json\/wp\/v2\/posts\/149839","targetHints":{"allow":["GET"]}}],"collection":[{"href":"https:\/\/www.europesays.com\/fr\/wp-json\/wp\/v2\/posts"}],"about":[{"href":"https:\/\/www.europesays.com\/fr\/wp-json\/wp\/v2\/types\/post"}],"author":[{"embeddable":true,"href":"https:\/\/www.europesays.com\/fr\/wp-json\/wp\/v2\/users\/2"}],"replies":[{"embeddable":true,"href":"https:\/\/www.europesays.com\/fr\/wp-json\/wp\/v2\/comments?post=149839"}],"version-history":[{"count":0,"href":"https:\/\/www.europesays.com\/fr\/wp-json\/wp\/v2\/posts\/149839\/revisions"}],"wp:featuredmedia":[{"embeddable":true,"href":"https:\/\/www.europesays.com\/fr\/wp-json\/wp\/v2\/media\/149840"}],"wp:attachment":[{"href":"https:\/\/www.europesays.com\/fr\/wp-json\/wp\/v2\/media?parent=149839"}],"wp:term":[{"taxonomy":"category","embeddable":true,"href":"https:\/\/www.europesays.com\/fr\/wp-json\/wp\/v2\/categories?post=149839"},{"taxonomy":"post_tag","embeddable":true,"href":"https:\/\/www.europesays.com\/fr\/wp-json\/wp\/v2\/tags?post=149839"}],"curies":[{"name":"wp","href":"https:\/\/api.w.org\/{rel}","templated":true}]}}