{"id":149849,"date":"2025-06-03T21:07:13","date_gmt":"2025-06-03T21:07:13","guid":{"rendered":"https:\/\/www.europesays.com\/fr\/149849\/"},"modified":"2025-06-03T21:07:13","modified_gmt":"2025-06-03T21:07:13","slug":"privatisation-des-transports-en-commun-un-sondage-pointe-les-craintes-des-usagers-franciliens","status":"publish","type":"post","link":"https:\/\/www.europesays.com\/fr\/149849\/","title":{"rendered":"\u00ab\u00a0Privatisation\u00a0\u00bb des transports en commun : un sondage pointe les craintes des usagers franciliens"},"content":{"rendered":"<p class=\"paragraph text_align_left\">\u00ab Privatisation des <a href=\"https:\/\/www.leparisien.fr\/info-paris-ile-de-france-oise\/transports\/\" target=\"_blank\" rel=\"noreferrer nofollow noopener\">transports en commun<\/a>. \u00bb Les termes employ\u00e9s dans un sondage command\u00e9 \u00e0 l\u2019Ifop par la CGT-RATP suscitent m\u00e9fiance et inqui\u00e9tudes. Les r\u00e9sultats de cette \u00e9tude d\u2019opinion men\u00e9e aupr\u00e8s de 1 503 personnes repr\u00e9sentatives de la population d\u2019\u00cele-de-France ont \u00e9t\u00e9 pr\u00e9sent\u00e9s ce mardi par les repr\u00e9sentants de la CGT, du groupe de la Gauche communiste \u00e9cologiste et citoyenne au conseil r\u00e9gional et du collectif Stop Gal\u00e8re.<\/p>\n<p class=\"paragraph text_align_left\">R\u00e9sultats : 63 % des sond\u00e9s \u00ab estiment que la privatisation n\u2019am\u00e9liorera pas la qualit\u00e9 de service \u00bb. 54 % pensent m\u00eame que \u00ab la privatisation va augmenter les tarifs des transports \u00bb. 77 % sont \u00ab favorables \u00e0 l\u2019organisation d\u2019un r\u00e9f\u00e9rendum pour ou contre la privatisation \u00bb des transports. 68 % soutiennent \u00ab une suspension de la privatisation dans l\u2019attente de ce r\u00e9f\u00e9rendum \u00bb. Ils sont aussi \u00ab 49 % \u00bb \u00e0 ignorer tout simplement que \u00ab la <a href=\"https:\/\/www.leparisien.fr\/info-paris-ile-de-france-oise\/transports\/ouverture-a-la-concurrence-des-bus-parisiens-les-trois-premiers-lots-attribues-sur-fond-de-contestation-12-11-2024-3AMJY2KLXVFH7HHIWVPLNLPWDU.php\" target=\"_blank\" rel=\"noreferrer nofollow noopener\">privatisation du r\u00e9seau de bus RATP<\/a> est en cours \u00bb.<\/p>\n","protected":false},"excerpt":{"rendered":"\u00ab Privatisation des transports en commun. \u00bb Les termes employ\u00e9s dans un sondage command\u00e9 \u00e0 l\u2019Ifop par la&hellip;\n","protected":false},"author":2,"featured_media":149850,"comment_status":"","ping_status":"","sticky":false,"template":"","format":"standard","meta":{"footnotes":""},"categories":[1592],"tags":[1111,11,1777,674,1011,27,662,1944,12,626,25,2382],"class_list":{"0":"post-149849","1":"post","2":"type-post","3":"status-publish","4":"format-standard","5":"has-post-thumbnail","7":"category-ile-de-france","8":"tag-actu","9":"tag-actualites","10":"tag-eu","11":"tag-europe","12":"tag-fr","13":"tag-france","14":"tag-ile-de-france","15":"tag-ma-ville","16":"tag-news","17":"tag-paris","18":"tag-republique-francaise","19":"tag-transport-idf-oise"},"share_on_mastodon":{"url":"https:\/\/pubeurope.com\/@fr\/114621477284037759","error":""},"_links":{"self":[{"href":"https:\/\/www.europesays.com\/fr\/wp-json\/wp\/v2\/posts\/149849","targetHints":{"allow":["GET"]}}],"collection":[{"href":"https:\/\/www.europesays.com\/fr\/wp-json\/wp\/v2\/posts"}],"about":[{"href":"https:\/\/www.europesays.com\/fr\/wp-json\/wp\/v2\/types\/post"}],"author":[{"embeddable":true,"href":"https:\/\/www.europesays.com\/fr\/wp-json\/wp\/v2\/users\/2"}],"replies":[{"embeddable":true,"href":"https:\/\/www.europesays.com\/fr\/wp-json\/wp\/v2\/comments?post=149849"}],"version-history":[{"count":0,"href":"https:\/\/www.europesays.com\/fr\/wp-json\/wp\/v2\/posts\/149849\/revisions"}],"wp:featuredmedia":[{"embeddable":true,"href":"https:\/\/www.europesays.com\/fr\/wp-json\/wp\/v2\/media\/149850"}],"wp:attachment":[{"href":"https:\/\/www.europesays.com\/fr\/wp-json\/wp\/v2\/media?parent=149849"}],"wp:term":[{"taxonomy":"category","embeddable":true,"href":"https:\/\/www.europesays.com\/fr\/wp-json\/wp\/v2\/categories?post=149849"},{"taxonomy":"post_tag","embeddable":true,"href":"https:\/\/www.europesays.com\/fr\/wp-json\/wp\/v2\/tags?post=149849"}],"curies":[{"name":"wp","href":"https:\/\/api.w.org\/{rel}","templated":true}]}}