{"id":149851,"date":"2025-06-03T21:08:11","date_gmt":"2025-06-03T21:08:11","guid":{"rendered":"https:\/\/www.europesays.com\/fr\/149851\/"},"modified":"2025-06-03T21:08:11","modified_gmt":"2025-06-03T21:08:11","slug":"paris-la-circulation-du-rer-b-et-du-rer-d-en-partie-interrompue-ce-quil-sest-passe-a-gare-du-nord","status":"publish","type":"post","link":"https:\/\/www.europesays.com\/fr\/149851\/","title":{"rendered":"Paris. La circulation du RER B et du RER D en partie interrompue, ce qu&rsquo;il s&rsquo;est pass\u00e9 \u00e0 Gare du Nord"},"content":{"rendered":"<p>            Par<br \/>\n        <strong><br \/>\n            <a href=\"https:\/\/actu.fr\/auteur\/thomas-martin\" title=\"Consulter tous les articles de Thomas Martin\" rel=\"nofollow noopener\" target=\"_blank\">Thomas Martin<\/a><br \/>\n        <\/strong><\/p>\n<p>        Publi\u00e9 le<\/p>\n<p>            3 juin 2025 \u00e0 22h00        <\/p>\n<p>Soir\u00e9e gal\u00e8re pour les usagers du <a href=\"https:\/\/actu.fr\/tag\/rer-b\" rel=\"nofollow noopener\" target=\"_blank\">RER B<\/a> et du <a href=\"https:\/\/actu.fr\/tag\/rer-d\" rel=\"nofollow noopener\" target=\"_blank\">RER D<\/a> ce mardi 3 juin 2025. La circulation du premier a \u00e9t\u00e9 interrompue d\u00e8s 21h entre Gare du Nord et Ch\u00e2telet \u2013 Les Halles pour ne reprendre initialement qu\u2019\u00e0 22h. Une reprise finalement repouss\u00e9 \u00e0 23h. La faute \u00e0 un \u00ab\u00a0acte de vandalisme\u00a0\u00bb \u00e0 <a href=\"https:\/\/actu.fr\/tag\/gare-du-nord\" rel=\"nofollow noopener\" target=\"_blank\">Gare du Nord<\/a>. \u00ab\u00a0Une barri\u00e8re plus un caddie ont \u00e9t\u00e9 percut\u00e9s par un train en voie 44\u00a0\u00bb indique le compte du RER B sur X. Pour ne rien arranger, un bagage a \u00e9t\u00e9 oubli\u00e9 voie 42 n\u00e9cessitant l\u2019intervention des \u00e9quipes sp\u00e9cialis\u00e9es. Le trafic a repris finalement vers 22h15 mais reste tr\u00e8s perturb\u00e9 sur toute la ligne. Des retards et suppressions de trains sont \u00e0 pr\u00e9voir.\u00a0<\/p>\n<p class=\" wall-content\">\n<p class=\" wall-content\">Ces \u00e9v\u00e8nements ont \u00e9galement des cons\u00e9quences sur la circulation du RERD. Le trafic est interrompu de Stade de France vers Paris Gare de Lyon dans ce sens. L\u00e0 encore, la reprise ne devrait pas intervenir avant 23h30.\u00a0<\/p>\n<p class=\" wall-content\">Suivez toute l\u2019actualit\u00e9 de vos villes et m\u00e9dias favoris en vous inscrivant \u00e0 <a href=\"https:\/\/moncompte.actu.fr\" title=\"D\u00e9couvez Mon Actu\" rel=\"nofollow noopener\" data-trk=\"{&quot;cta&quot;:{&quot;action&quot;:&quot;https:\\\/\\\/moncompte.actu.fr&quot;,&quot;category&quot;:&quot;mon compte&quot;,&quot;from&quot;:&quot;article footer&quot;,&quot;name&quot;:&quot;Mon actu&quot;,&quot;type&quot;:&quot;cta&quot;}}\" target=\"_blank\">Mon Actu<\/a>.<\/p>\n","protected":false},"excerpt":{"rendered":"Par Thomas Martin Publi\u00e9 le 3 juin 2025 \u00e0 22h00 Soir\u00e9e gal\u00e8re pour les usagers du RER B&hellip;\n","protected":false},"author":2,"featured_media":149852,"comment_status":"","ping_status":"","sticky":false,"template":"","format":"standard","meta":{"footnotes":""},"categories":[1888],"tags":[1111,1928,11,1927,1777,674,1011,27,14904,12,1926,626,1925,25,17235,7759,104],"class_list":{"0":"post-149851","1":"post","2":"type-post","3":"status-publish","4":"format-standard","5":"has-post-thumbnail","7":"category-paris","8":"tag-actu","9":"tag-actu-paris","10":"tag-actualites","11":"tag-actualites-paris","12":"tag-eu","13":"tag-europe","14":"tag-fr","15":"tag-france","16":"tag-gare-du-nord","17":"tag-news","18":"tag-news-paris","19":"tag-paris","20":"tag-paris-news","21":"tag-republique-francaise","22":"tag-rer-b","23":"tag-rer-d","24":"tag-societe"},"share_on_mastodon":{"url":"https:\/\/pubeurope.com\/@fr\/114621481162229274","error":""},"_links":{"self":[{"href":"https:\/\/www.europesays.com\/fr\/wp-json\/wp\/v2\/posts\/149851","targetHints":{"allow":["GET"]}}],"collection":[{"href":"https:\/\/www.europesays.com\/fr\/wp-json\/wp\/v2\/posts"}],"about":[{"href":"https:\/\/www.europesays.com\/fr\/wp-json\/wp\/v2\/types\/post"}],"author":[{"embeddable":true,"href":"https:\/\/www.europesays.com\/fr\/wp-json\/wp\/v2\/users\/2"}],"replies":[{"embeddable":true,"href":"https:\/\/www.europesays.com\/fr\/wp-json\/wp\/v2\/comments?post=149851"}],"version-history":[{"count":0,"href":"https:\/\/www.europesays.com\/fr\/wp-json\/wp\/v2\/posts\/149851\/revisions"}],"wp:featuredmedia":[{"embeddable":true,"href":"https:\/\/www.europesays.com\/fr\/wp-json\/wp\/v2\/media\/149852"}],"wp:attachment":[{"href":"https:\/\/www.europesays.com\/fr\/wp-json\/wp\/v2\/media?parent=149851"}],"wp:term":[{"taxonomy":"category","embeddable":true,"href":"https:\/\/www.europesays.com\/fr\/wp-json\/wp\/v2\/categories?post=149851"},{"taxonomy":"post_tag","embeddable":true,"href":"https:\/\/www.europesays.com\/fr\/wp-json\/wp\/v2\/tags?post=149851"}],"curies":[{"name":"wp","href":"https:\/\/api.w.org\/{rel}","templated":true}]}}