{"id":149865,"date":"2025-06-03T21:15:18","date_gmt":"2025-06-03T21:15:18","guid":{"rendered":"https:\/\/www.europesays.com\/fr\/149865\/"},"modified":"2025-06-03T21:15:18","modified_gmt":"2025-06-03T21:15:18","slug":"royaume-uni-ecouter-la-musique-sans-ecouteurs-sera-amendable","status":"publish","type":"post","link":"https:\/\/www.europesays.com\/fr\/149865\/","title":{"rendered":"Royaume-Uni: \u00e9couter la musique sans \u00e9couteurs sera amendable"},"content":{"rendered":"<p>Savoir-vivre au Royaume-Uni \u2013 <\/p>\n<p>Musique sans \u00e9couteurs dans le train: vers des amendes sal\u00e9es en Angleterre<\/p>\n<p class=\"ContentHead_lead____SsS link_regular__O0hk0 link_externalicon-big__ZdPgo link_externalicon__qcwXs\">Les lib\u00e9raux-d\u00e9mocrates veulent sanctionner les \u00abr\u00e9sistants aux \u00e9couteurs\u00bb dans les transports publics. En Suisse, on privil\u00e9gie le vivre-ensemble.<\/p>\n<p><img loading=\"lazy\" decoding=\"async\" src=\"https:\/\/www.europesays.com\/fr\/wp-content\/uploads\/2025\/06\/6A17SKeUalK9Nv0mDqJd6T.jpg\"  width=\"100\" height=\"100\"  alt=\"Claude Beda\" class=\"AuthorImage_root__WCxj_ ContentMetaInfo_authorimage__Mp4LD AuthorImage_-content-head__3qDob\" style=\"background-color:#A7A7A7\"\/>Publi\u00e9 aujourd\u2019hui \u00e0 19h16<img decoding=\"async\" loading=\"eager\" src=\"https:\/\/www.europesays.com\/fr\/wp-content\/uploads\/2025\/06\/89B7jghoat694Oi-lZr7vR.jpg\" alt=\"Deux adolescentes assises dans un train utilisent un smartphone, portant des bonnets ray\u00e9s.\" title=\"Deux adolescentes assises dans un train utilisent un smartphone, portant des bonnets ray\u00e9s.\" class=\"ResponsiveImage_root__ZDz10 responsive-image\" style=\"background-color:#C27D90\"\/><\/p>\n<p>Les lib\u00e9raux-d\u00e9mocrates britanniques sugg\u00e8rent d\u2019imposer une amende de 1000\u00a0livres \u00e0 ceux qui \u00e9coutent de la musique ou regardent des vid\u00e9os sans casque dans les bus et les trains.<\/p>\n<p>VQH<\/p>\n<p>Abonnez-vous d\u00e8s maintenant et profitez de la fonction de lecture audio.<a href=\"https:\/\/bottalk.io\/\" class=\"BottalkPaywall_bottalklink__KDtuf\" target=\"_blank\" rel=\"noreferrer nofollow noopener\">BotTalk<\/a><strong class=\"SummaryList_title__8uifR\">En bref:<\/strong><\/p>\n<ul class=\"SummaryList_list__pEa7M\">\n<li>Les Lib\u00e9raux-d\u00e9mocrates britanniques proposent une amende de 1000\u00a0livres contre les nuisances sonores.<\/li>\n<li>Une enqu\u00eate r\u00e9v\u00e8le que 38% des Britanniques subissent r\u00e9guli\u00e8rement ces d\u00e9sagr\u00e9ments.<\/li>\n<li>Les femmes se montrent plus r\u00e9ticentes \u00e0 confronter les personnes cr\u00e9ant ces nuisances.<\/li>\n<li>Les CFF privil\u00e9gient une approche amiable pour g\u00e9rer les perturbations sonores.<\/li>\n<\/ul>\n<p class=\"ArticleParagraph_root__lhFZo ArticleContainer_content-width__FRl7F link_focus__0ZMwx link_externalicon-big__ZdPgo link_externalicon__qcwXs ArticleElement_article-element__q93eL\">Au Royaume-Uni, une proposition pour sanctionner l\u2019usage d\u2019appareils sans \u00e9couteurs dans les transports en commun fait d\u00e9bat au parlement et dans la <a href=\"https:\/\/www.bbc.com\/news\/articles\/cly5g7v2qddo\" class=\"HtmlText_root__A1OSq\" target=\"_blank\" rel=\"noopener noreferrer nofollow\">presse<\/a>. Les lib\u00e9raux-d\u00e9mocrates britanniques sugg\u00e8rent d\u2019imposer une amende de 1000\u00a0livres (environ 1100\u00a0francs suisses) \u00e0 ceux qui \u00e9coutent de la musique ou regardent des vid\u00e9os sans casque dans les bus et les trains, relaie <a href=\"https:\/\/www.20min.ch\/fr\/story\/royaume-uni-les-refractaires-aux-ecouteurs-menaces-d-une-amende-de-1000-livres-103357310\" class=\"HtmlText_root__A1OSq\" target=\"_blank\" rel=\"noopener noreferrer nofollow\">\u00ab20\u00a0minutes\u00bb<\/a>.<\/p>\n<p>\u00abUn comportement antisocial\u00bb<\/p>\n<p class=\"ArticleParagraph_root__lhFZo ArticleContainer_content-width__FRl7F link_focus__0ZMwx link_externalicon-big__ZdPgo link_externalicon__qcwXs ArticleElement_article-element__q93eL\">Cette initiative contre les headphone dodgers (les r\u00e9sistants aux \u00e9couteurs) vise \u00e0 lutter contre ce que le parti consid\u00e8re comme un \u00abcomportement antisocial\u00bb. La porte-parole des lib\u00e9raux-d\u00e9mocrates qualifie les personnes qui diffusent de la musique \u00e0 volume \u00e9lev\u00e9 dans les transports en commun comme faisant partie \u00abdes pires d\u00e9linquants\u00bb: \u00abIl est temps de d\u00e9fendre la majorit\u00e9 silencieuse qui souhaite simplement voyager d\u2019un point A \u00e0 un point B en paix. Beaucoup trop de gens appr\u00e9hendent leurs trajets quotidiens en raison du fl\u00e9au de ces comportements antisociaux.\u00bb<\/p>\n<p>Confrontation g\u00eanante dans les transports en commun<\/p>\n<p class=\"ArticleParagraph_root__lhFZo ArticleContainer_content-width__FRl7F link_focus__0ZMwx link_externalicon-big__ZdPgo link_externalicon__qcwXs ArticleElement_article-element__q93eL\">Une enqu\u00eate men\u00e9e par la soci\u00e9t\u00e9 de donn\u00e9es Savanta aupr\u00e8s de plus de 2000\u00a0adultes britanniques pour le compte des lib\u00e9raux-d\u00e9mocrates a r\u00e9v\u00e9l\u00e9 que 38% d\u2019entre eux avaient d\u00e9j\u00e0 entendu parler de personnes \u00e9coutant de la musique \u00e0 plein volume, souvent ou parfois. D\u2019apr\u00e8s les r\u00e9sultats rapport\u00e9s par la BBC, 54% des personnes interrog\u00e9es ne se sentiraient pas \u00e0 l\u2019aise de demander \u00e0 quelqu\u2019un de baisser le volume de la musique dans les transports en commun. Ce chiffre \u00e9tait plus \u00e9lev\u00e9 chez les femmes (63%) que chez les hommes (46%).<\/p>\n<p class=\"ArticleParagraph_root__lhFZo ArticleContainer_content-width__FRl7F link_focus__0ZMwx link_externalicon-big__ZdPgo link_externalicon__qcwXs ArticleElement_article-element__q93eL\">Les femmes semblent particuli\u00e8rement concern\u00e9es par ce sentiment d\u2019impuissance face \u00e0 ces situations. D\u2019apr\u00e8s les donn\u00e9es rapport\u00e9es par le quotidien <a href=\"https:\/\/www.independent.co.uk\/news\/uk\/politics\/public-transport-music-videos-headphones-fine-lib-dem-b2738514.html\" class=\"HtmlText_root__A1OSq\" target=\"_blank\" rel=\"noopener noreferrer nofollow\">\u00abThe Independent\u00bb<\/a>, 63% des femmes britanniques affirment qu\u2019elles n\u2019oseraient pas intervenir pour demander \u00e0 baisser le volume, contre 46% des hommes.<\/p>\n<p>Qu\u2019en est-il en Suisse?<\/p>\n<p class=\"ArticleParagraph_root__lhFZo ArticleContainer_content-width__FRl7F link_focus__0ZMwx link_externalicon-big__ZdPgo link_externalicon__qcwXs ArticleElement_article-element__q93eL\">En Suisse, dans les trains CFF, une affiche indique que les voyageurs sont pri\u00e9s \u00abde ne pas importuner les autres voyageurs\u00bb. Les contrevenants peuvent \u00eatre exclus du transport et s\u2019exposent \u00e0 des demandes de r\u00e9paration, au pr\u00e9l\u00e8vement de suppl\u00e9ments et \u00e0 des poursuites p\u00e9nales.<\/p>\n<p class=\"ArticleParagraph_root__lhFZo ArticleContainer_content-width__FRl7F link_focus__0ZMwx link_externalicon-big__ZdPgo link_externalicon__qcwXs ArticleElement_article-element__q93eL\">Mais les r\u00e8glements \u00e0 l\u2019amiable sont encore privil\u00e9gi\u00e9s, selon Jean-Philippe Schmid, porte-parole de l\u2019ex-r\u00e9gie f\u00e9d\u00e9rale: \u00abSi un voyageur se sent importun\u00e9, il peut demander \u00e0 un contr\u00f4leur d\u2019intervenir. En g\u00e9n\u00e9ral \u00e7a se passe en douceur. On n\u2019a pas trop de souci, m\u00eame s\u2019il y a aussi ceux qui parlent fort en t\u00e9l\u00e9phonant. Nous pr\u00e9f\u00e9rons encore favoriser le vivre-ensemble.\u00bb<\/p>\n<p><img decoding=\"async\" loading=\"eager\" src=\"https:\/\/www.europesays.com\/fr\/wp-content\/uploads\/2025\/06\/DJ0izEIeaMy8ZaKW-glTbj.png\" alt=\"Affiche informative de s\u00e9curit\u00e9 ferroviaire en fran\u00e7ais et allemand indiquant des r\u00e8gles comme l\u2019interdiction de fumer dans le train et ne pas encombrer les si\u00e8ges.\" title=\"Affiche informative de s\u00e9curit\u00e9 ferroviaire en fran\u00e7ais et allemand indiquant des r\u00e8gles comme l\u2019interdiction de fumer dans le train et ne pas encombrer les si\u00e8ges.\" class=\"ResponsiveImage_root__ZDz10 responsive-image\" style=\"background-color:#9B999E\"\/><\/p>\n<p>En Suisse, dans les trains CFF, les voyageurs sont pri\u00e9s \u00abde ne pas importuner les autres voyageurs\u00bb. Les contrevenants peuvent \u00eatre exclus du transport et s\u2019exposent \u00e0 des demandes de r\u00e9paration, au pr\u00e9l\u00e8vement de suppl\u00e9ments et \u00e0 des poursuites p\u00e9nales.<\/p>\n<p class=\"DynamicTeaser_boxtitle__B6piN\">Incivilit\u00e9 et bruit dans les transports en commun<\/p>\n<p>Newsletter<\/p>\n<p>\u00abDerni\u00e8res nouvelles\u00bb<\/p>\n<p>Vous voulez rester au top de l\u2019info? \u00ab24 heures\u00bb vous propose deux rendez-vous par jour, directement dans votre bo\u00eete e-mail. Pour ne rien rater de ce qui se passe dans votre Canton, en Suisse ou dans le monde.<\/p>\n<p><a class=\"NewsletterBox_more__FNemz link_underlinelink__K5Zr0\" href=\"https:\/\/www.24heures.ch\/nos-newsletters\" rel=\"nofollow noopener\" target=\"_blank\">Autres newsletters<\/a><\/p>\n<p>Se connecter<strong>Claude B\u00e9da<\/strong>  est journaliste \u00e0 la rubrique vaudoise de 24 heures. Licenci\u00e9 en sciences sociales et politiques, passionn\u00e9 par les sujets de soci\u00e9t\u00e9 et la vie des gens d\u2019ici, il a couvert plusieurs r\u00e9gions du canton, avant de rejoindre la r\u00e9daction lausannoise.<a class=\"ArticleAuthorBio_moreinfo__cqyvz link_underlinelink__K5Zr0\" rel=\"author nofollow noopener\" href=\"https:\/\/www.24heures.ch\/author\/59968929\/claude-beda\" target=\"_blank\">Plus d&rsquo;infos<\/a><\/p>\n<p class=\"Feedback_root__fr_Mi ArticleContainer_content-width__FRl7F\">Vous avez trouv\u00e9 une erreur?<a href=\"mailto:tes_correction@tamedia.ch?subject=Avis%20d'erreur%20%7C%20Claude%20Beda%20%7C%20Musique%20sans%20%C3%A9couteurs%20dans%20le%20train%3A%20vers%20des%20amendes%20sal%C3%A9es%20en%20Angleterre&amp;body=J'ai%20trouv%C3%A9%20une%20erreur%20dans%20cet%20article%3A%20https%3A%2F%2Fwww.24heures.ch%2Froyaume-uni-ecouter-la-musique-sans-ecouteurs-sera-amendable-759532144941\" class=\"Feedback_feedbacklink__VyDCi link_underlinelink__K5Zr0\">Merci de nous la signaler.<\/a><\/p>\n<p>28 commentaires<\/p>\n","protected":false},"excerpt":{"rendered":"Savoir-vivre au Royaume-Uni \u2013 Musique sans \u00e9couteurs dans le train: vers des amendes sal\u00e9es en Angleterre Les lib\u00e9raux-d\u00e9mocrates&hellip;\n","protected":false},"author":2,"featured_media":149866,"comment_status":"","ping_status":"","sticky":false,"template":"","format":"standard","meta":{"footnotes":""},"categories":[1588],"tags":[11,1777,674,12,473,1853,2300,1851,1850,1852],"class_list":{"0":"post-149865","1":"post","2":"type-post","3":"status-publish","4":"format-standard","5":"has-post-thumbnail","7":"category-royaume-uni","8":"tag-actualites","9":"tag-eu","10":"tag-europe","11":"tag-news","12":"tag-royaume-uni","13":"tag-royaume-uni-de-grande-bretagne-et-dirlande-du-nord","14":"tag-stats-seo","15":"tag-uk","16":"tag-united-kingdom","17":"tag-united-kingdom-of-great-britain-and-northern-ireland"},"share_on_mastodon":{"url":"https:\/\/pubeurope.com\/@fr\/114621508847653232","error":""},"_links":{"self":[{"href":"https:\/\/www.europesays.com\/fr\/wp-json\/wp\/v2\/posts\/149865","targetHints":{"allow":["GET"]}}],"collection":[{"href":"https:\/\/www.europesays.com\/fr\/wp-json\/wp\/v2\/posts"}],"about":[{"href":"https:\/\/www.europesays.com\/fr\/wp-json\/wp\/v2\/types\/post"}],"author":[{"embeddable":true,"href":"https:\/\/www.europesays.com\/fr\/wp-json\/wp\/v2\/users\/2"}],"replies":[{"embeddable":true,"href":"https:\/\/www.europesays.com\/fr\/wp-json\/wp\/v2\/comments?post=149865"}],"version-history":[{"count":0,"href":"https:\/\/www.europesays.com\/fr\/wp-json\/wp\/v2\/posts\/149865\/revisions"}],"wp:featuredmedia":[{"embeddable":true,"href":"https:\/\/www.europesays.com\/fr\/wp-json\/wp\/v2\/media\/149866"}],"wp:attachment":[{"href":"https:\/\/www.europesays.com\/fr\/wp-json\/wp\/v2\/media?parent=149865"}],"wp:term":[{"taxonomy":"category","embeddable":true,"href":"https:\/\/www.europesays.com\/fr\/wp-json\/wp\/v2\/categories?post=149865"},{"taxonomy":"post_tag","embeddable":true,"href":"https:\/\/www.europesays.com\/fr\/wp-json\/wp\/v2\/tags?post=149865"}],"curies":[{"name":"wp","href":"https:\/\/api.w.org\/{rel}","templated":true}]}}