{"id":149879,"date":"2025-06-03T21:23:11","date_gmt":"2025-06-03T21:23:11","guid":{"rendered":"https:\/\/www.europesays.com\/fr\/149879\/"},"modified":"2025-06-03T21:23:11","modified_gmt":"2025-06-03T21:23:11","slug":"pres-de-ploermel-ces-deux-passionnees-vont-creer-un-club-de-volley","status":"publish","type":"post","link":"https:\/\/www.europesays.com\/fr\/149879\/","title":{"rendered":"Pr\u00e8s de Plo\u00ebrmel, ces deux passionn\u00e9es vont cr\u00e9er un club de volley"},"content":{"rendered":"<p>            Par<br \/>\n        <strong><br \/>\n            <a href=\"https:\/\/actu.fr\/auteur\/rhoussin\" title=\"Consulter tous les articles de Ronan Houssin\" rel=\"nofollow noopener\" target=\"_blank\">Ronan Houssin<\/a><br \/>\n        <\/strong><\/p>\n<p>        Publi\u00e9 le<\/p>\n<p>            3 juin 2025 \u00e0 10h15        <\/p>\n<p>La f\u00e9d\u00e9ration fran\u00e7aise de\u00a0<b>volley\u00a0<\/b>n\u2019a jamais compt\u00e9 autant de licenci\u00e9s. Dans le\u00a0pays de Plo\u00ebrmel<b> <\/b>(<b>Morbihan<\/b>), un nouveau club va voir le jour. Les premiers entra\u00eenements sont pr\u00e9vus \u00e0 la rentr\u00e9e de\u00a0<b>septembre\u00a02025<\/b>.<\/p>\n<p class=\" wall-content\">Passionn\u00e9e de volley depuis de nombreuses ann\u00e9es, Clo\u00e9 Laperche a jou\u00e9 au club d\u2019Augan pendant plus de dix ans. \u00ab\u2009J\u2019ai pris ma premi\u00e8re licence \u00e0 l\u2019\u00e2ge de 7\u00a0ans. J\u2019y suis rest\u00e9 pendant 14\u00a0ans. Avec le Covid, la section s\u2019est plus ou moins arr\u00eat\u00e9e\u2009\u00bb, explique celle qui a \u00e9volu\u00e9 au niveau d\u00e9partemental en comp\u00e9tition.<\/p>\n<p>Passionn\u00e9es, elles lancent un club de volley<\/p>\n<p class=\" wall-content\">Un simple constat a pouss\u00e9 Clo\u00e9 Laperche et Morgan Fontaine, l\u2019une de ses amies, \u00e0 se lancer dans la cr\u00e9ation d\u2019une nouvelle association sportive. \u00ab\u2009Mon amie \u00e9tait choqu\u00e9e du faible nombre de clubs de volley sur le secteur\u2009\u00bb, se souvient l\u2019Auganaise.<\/p>\n<p class=\" wall-content\">\u00ab\u2009Morgan \u00e9tait vraiment tr\u00e8s motiv\u00e9e. J\u2019ai eu envie de l\u2019aider\u2009\u00bb, pr\u00e9cise celle qui est particuli\u00e8rement en charge de la communication. Morgan s\u2019occupe, quant \u00e0 elle, de l\u2019administratif.<\/p>\n<blockquote class=\"ac-article-quote wall-content\">\n<p>Morgan a suivi la formation de base pour \u00eatre en mesure d\u2019entra\u00eener.<\/p>\n<p>Clo\u00e9 Laperche<\/p><\/blockquote>\n<p class=\" wall-content\">Le duo, qui participera notamment aux forums des associations de Carentoir et de Plo\u00ebrmel, a effectu\u00e9 le tour des communes du secteur pour trouver des salles o\u00f9 organiser les entra\u00eenements. Ceux-ci se d\u00e9rouleront \u00ab\u2009le mardi \u00e0 Ruffiac et le jeudi \u00e0 Tr\u00e9al\u2009\u00bb, annonce Clo\u00e9 Laperche.<\/p>\n<p>Vid\u00e9os : en ce moment sur ActuUn club ouvert aux d\u00e9butants et aux joueurs confirm\u00e9s<\/p>\n<p class=\" wall-content\">Pour le lancement, les deux passionn\u00e9es de volley esp\u00e8rent compter une quinzaine de licenci\u00e9s. \u00ab\u2009Pour \u00eatre bien aux entra\u00eenements, il faut \u00eatre une douzaine. Le club est ouvert aux habitants de Ruffiac et de Tr\u00e9al, mais pas que\u2026\u2009\u00bb, informe Clo\u00e9 Laperche avant d\u2019ajouter\u2009: \u00ab\u2009Les inscriptions sont possibles \u00e0 partir de 16\u00a0ans.\u2009\u00bb<\/p>\n<p class=\" wall-content\">D\u00e9butants et joueurs confirm\u00e9s seront les bienvenus. \u00ab\u2009Pour commencer, on s\u2019orientera vers du loisir. Des rencontres amicales pourraient \u00eatre organis\u00e9es\u2009\u00bb, fait savoir celle qui avait eu l\u2019occasion de prendre en charge les entra\u00eenements loisirs \u00e0 Augan.<\/p>\n<p>Contact\u2009: <a href=\"https:\/\/actu.fr\/cdn-cgi\/l\/email-protection\" class=\"__cf_email__\" data-cfemail=\"caa7a3a4bea5a4afbebeaffffc8aada7aba3a6e4a9a5a7\" rel=\"nofollow noopener\" target=\"_blank\">[email\u00a0protected]<\/a><\/p>\n<p class=\" wall-content\">Suivez toute l\u2019actualit\u00e9 de vos villes et m\u00e9dias favoris en vous inscrivant \u00e0 <a href=\"https:\/\/moncompte.actu.fr\" title=\"D\u00e9couvez Mon Actu\" rel=\"nofollow noopener\" data-trk=\"{&quot;cta&quot;:{&quot;action&quot;:&quot;https:\\\/\\\/moncompte.actu.fr&quot;,&quot;category&quot;:&quot;mon compte&quot;,&quot;from&quot;:&quot;article footer&quot;,&quot;name&quot;:&quot;Mon actu&quot;,&quot;type&quot;:&quot;cta&quot;}}\" target=\"_blank\">Mon Actu<\/a>.<\/p>\n","protected":false},"excerpt":{"rendered":"Par Ronan Houssin Publi\u00e9 le 3 juin 2025 \u00e0 10h15 La f\u00e9d\u00e9ration fran\u00e7aise de\u00a0volley\u00a0n\u2019a jamais compt\u00e9 autant de&hellip;\n","protected":false},"author":2,"featured_media":149880,"comment_status":"","ping_status":"","sticky":false,"template":"","format":"standard","meta":{"footnotes":""},"categories":[1417],"tags":[1011,27,517,60,1470,1469],"class_list":{"0":"post-149879","1":"post","2":"type-post","3":"status-publish","4":"format-standard","5":"has-post-thumbnail","7":"category-volley","8":"tag-fr","9":"tag-france","10":"tag-sport","11":"tag-sports","12":"tag-volley","13":"tag-volleyball"},"share_on_mastodon":{"url":"https:\/\/pubeurope.com\/@fr\/114621540113156502","error":""},"_links":{"self":[{"href":"https:\/\/www.europesays.com\/fr\/wp-json\/wp\/v2\/posts\/149879","targetHints":{"allow":["GET"]}}],"collection":[{"href":"https:\/\/www.europesays.com\/fr\/wp-json\/wp\/v2\/posts"}],"about":[{"href":"https:\/\/www.europesays.com\/fr\/wp-json\/wp\/v2\/types\/post"}],"author":[{"embeddable":true,"href":"https:\/\/www.europesays.com\/fr\/wp-json\/wp\/v2\/users\/2"}],"replies":[{"embeddable":true,"href":"https:\/\/www.europesays.com\/fr\/wp-json\/wp\/v2\/comments?post=149879"}],"version-history":[{"count":0,"href":"https:\/\/www.europesays.com\/fr\/wp-json\/wp\/v2\/posts\/149879\/revisions"}],"wp:featuredmedia":[{"embeddable":true,"href":"https:\/\/www.europesays.com\/fr\/wp-json\/wp\/v2\/media\/149880"}],"wp:attachment":[{"href":"https:\/\/www.europesays.com\/fr\/wp-json\/wp\/v2\/media?parent=149879"}],"wp:term":[{"taxonomy":"category","embeddable":true,"href":"https:\/\/www.europesays.com\/fr\/wp-json\/wp\/v2\/categories?post=149879"},{"taxonomy":"post_tag","embeddable":true,"href":"https:\/\/www.europesays.com\/fr\/wp-json\/wp\/v2\/tags?post=149879"}],"curies":[{"name":"wp","href":"https:\/\/api.w.org\/{rel}","templated":true}]}}