{"id":149887,"date":"2025-06-03T21:28:09","date_gmt":"2025-06-03T21:28:09","guid":{"rendered":"https:\/\/www.europesays.com\/fr\/149887\/"},"modified":"2025-06-03T21:28:09","modified_gmt":"2025-06-03T21:28:09","slug":"succes-eclatant-pour-les-bleues-face-a-la-belgique-pour-leur-deuxieme-match-de-preparation-a-leuro","status":"publish","type":"post","link":"https:\/\/www.europesays.com\/fr\/149887\/","title":{"rendered":"succ\u00e8s \u00e9clatant pour les Bleues face \u00e0 la Belgique pour leur deuxi\u00e8me match de pr\u00e9paration \u00e0 l&rsquo;Euro"},"content":{"rendered":"<p>91 points marqu\u00e9s, 42 encaiss\u00e9s&#8230; L\u2019\u00e9quipe de France f\u00e9minine de basket n\u2019a fait qu\u2019une bouch\u00e9e du champion d\u2019Europe belge ce mardi.<\/p>\n<p class=\"fig-paragraph\">L\u2019\u00c9quipe de France f\u00e9minine de basket n\u2019a fait qu\u2019une bouch\u00e9e des championnes d\u2019Europe belges mardi (91-42) \u00e0 Brest, pour\u00a0<a href=\"http:\/\/www.lefigaro.fr\/sports\/basket\/basket-f-les-bleues-s-imposent-face-a-la-turquie-en-preparation-a-l-euro-2025-20250525\" data-fig-type=\"NewsFlash\" data-gtm-custom-categorie=\"navigation\" data-gtm-custom-action=\"crossclick\" data-gtm-custom-label=\"Contextuel\" data-gtm-event=\"customEventSPE\" data-fig-domain=\"LEFIGARO\" target=\"_blank\" rel=\"noopener\">leur deuxi\u00e8me rencontre de pr\u00e9paration \u00e0 l\u2019Euro<\/a>\u00a0(18-29 juin), et \u00e0 quinze jours de leur d\u00e9part en Gr\u00e8ce. Entre les tenantes du titre et les vice-championnes olympiques, qui se retrouveront d\u00e8s mercredi pour une revanche (21h00), il n\u2019y a tout simplement pas eu match alors que les deux formations se pr\u00e9sentent comme de s\u00e9rieuses candidates \u00e0 la victoire finale le 29 juin prochain au Pir\u00e9e.<\/p>\n<p class=\"fig-paragraph\">Certes, de part et d\u2019autre, les groupes doivent encore s\u2019\u00e9toffer avant le grand rendez-vous, les Belges pouvant bient\u00f4t compter sur Julie Allemand et Julie Vanloo, \u00e9voluant en\u00a0<a href=\"http:\/\/www.lefigaro.fr\/flash-sport\/wnba-williams-johannes-les-francaises-enchainent-20250602\" data-fig-type=\"NewsFlash\" data-gtm-custom-categorie=\"navigation\" data-gtm-custom-action=\"crossclick\" data-gtm-custom-label=\"Contextuel\" data-gtm-event=\"customEventSPE\" data-fig-domain=\"LEFIGARO\" target=\"_blank\" rel=\"noopener\">WNBA<\/a>\u00a0et sacr\u00e9es en 2023. Et si les \u00abBelgian Cats\u00bb ne devraient pas montrer le m\u00eame visage \u00e0 l\u2019Euro, elles se sont en tout cas effondr\u00e9es \u00e0 la Brest Arena, d\u00e8s la premi\u00e8re p\u00e9riode, face \u00e0 des Bleues bien plus mordantes de chaque c\u00f4t\u00e9 du parquet.<\/p>\n<p class=\"fig-paragraph\">En d\u00e9montre cette adresse catastrophique aussi bien \u00e0 deux points (5\/26 \u00e0 la pause) qu\u2019au large (1\/8 pour 1\/13 au total) pour les co\u00e9quipi\u00e8res d\u2019Emma Meesseman (12 points), l\u2019une des rares \u00e0 avoir marqu\u00e9 pour les Belges dans la rencontre. En face les Fran\u00e7aises ont rapidement d\u00e9roul\u00e9, profitant, au c\u0153ur d\u2019une prestation collective aboutie, de la belle partition d\u2019Iliana Rupert (11 pts, 7 rebonds, 3 passes, 3 interceptions) ou encore celle de Marine Fauthoux (10 pts).<\/p>\n<p>Marine Fauthoux sortie sur blessure<\/p>\n<p class=\"fig-paragraph\">Seule ombre au tableau, la meneuse de 24 ans est sortie en cours de match, visiblement touch\u00e9e au genou et est rest\u00e9e au vestiaire apr\u00e8s la pause. Finalement, la seconde p\u00e9riode, anecdotique pour ce qui est du suspense, a eu le m\u00e9rite de permettre \u00e0 toutes les joueuses de\u00a0<a href=\"http:\/\/www.lefigaro.fr\/sports\/jeux-olympiques\/jo-basket-les-bleues-reines-des-coeurs-a-defaut-d-etre-championnes-olympiques-20240811\" data-fig-type=\"Article\" data-gtm-custom-categorie=\"navigation\" data-gtm-custom-action=\"crossclick\" data-gtm-custom-label=\"Contextuel\" data-gtm-event=\"customEventSPE\" data-fig-domain=\"LEFIGARO\" target=\"_blank\" rel=\"noopener\">Jean-Aim\u00e9 Toupane<\/a>\u00a0de marquer, Aminata Gueye inscrivant ses premiers points en fin de troisi\u00e8me quart-temps pour porter l\u2019\u00e9cart \u00e0 plus de 40 unit\u00e9s (73-32).<\/p>\n<p class=\"fig-paragraph\">En fin de rencontre, Leila Lacan, arriv\u00e9e en cours de pr\u00e9paration apr\u00e8s un passage dans sa franchise du Connecticut Sun, a de son c\u00f4t\u00e9 battu son record personnel en s\u00e9lection (14 points). Ces deux matches en deux jours repr\u00e9sentent le dernier test pour les Bleues, qui encha\u00eeneront ensuite les stages avant leur d\u00e9part en Gr\u00e8ce et leur entr\u00e9e en lice contre la Turquie le 18 juin. Pour rappel, elles seront priv\u00e9es pour l\u2019Euro de quatre joueuses de WNBA:\u00a0<a href=\"http:\/\/www.lefigaro.fr\/sports\/basket\/basket-f-gabby-williams-risque-de-rater-l-euro-avec-les-bleues-20250511\" data-fig-type=\"NewsFlash\" data-gtm-custom-categorie=\"navigation\" data-gtm-custom-action=\"crossclick\" data-gtm-custom-label=\"Contextuel\" data-gtm-event=\"customEventSPE\" data-fig-domain=\"LEFIGARO\" target=\"_blank\" rel=\"noopener\">Gabby Williams<\/a>,\u00a0<a href=\"http:\/\/www.lefigaro.fr\/sports\/basket\/basket-f-c-est-un-choix-qui-n-a-vraiment-pas-ete-facile-a-faire-marine-johannes-declare-forfait-pour-l-euro-20250521\" data-fig-type=\"NewsFlash\" data-gtm-custom-categorie=\"navigation\" data-gtm-custom-action=\"crossclick\" data-gtm-custom-label=\"Contextuel\" data-gtm-event=\"customEventSPE\" data-fig-domain=\"LEFIGARO\" target=\"_blank\" rel=\"noopener\">Marine Johann\u00e8s<\/a>, Carla Leite et Dominique Malonga.<\/p>\n","protected":false},"excerpt":{"rendered":"91 points marqu\u00e9s, 42 encaiss\u00e9s&#8230; L\u2019\u00e9quipe de France f\u00e9minine de basket n\u2019a fait qu\u2019une bouch\u00e9e du champion d\u2019Europe&hellip;\n","protected":false},"author":2,"featured_media":149888,"comment_status":"","ping_status":"","sticky":false,"template":"","format":"standard","meta":{"footnotes":""},"categories":[1412],"tags":[2190,1465,1464,2180,2192,814,64,27922,450,2183,1451,1452,1453,1454,1455,1011,27,2191,2193,820,2181,2182,2189,2186,2184,2185,1980,60,2188,2187],"class_list":{"0":"post-149887","1":"post","2":"type-post","3":"status-publish","4":"format-standard","5":"has-post-thumbnail","7":"category-f1","8":"tag-asvel","9":"tag-basket","10":"tag-basketball","11":"tag-championnats-deurope","12":"tag-cholet","13":"tag-direct","14":"tag-equipe-de-france","15":"tag-equipe-de-france-de-basket-feminine","16":"tag-euro","17":"tag-euroligue","18":"tag-f1","19":"tag-formula-1","20":"tag-formula1","21":"tag-formule-1","22":"tag-formule1","23":"tag-fr","24":"tag-france","25":"tag-le-mans","26":"tag-limoges","27":"tag-live","28":"tag-mondial","29":"tag-nba","30":"tag-photos","31":"tag-play-offs","32":"tag-pro-a","33":"tag-pro-b","34":"tag-resultats","35":"tag-sports","36":"tag-statistiques","37":"tag-stats"},"share_on_mastodon":{"url":"https:\/\/pubeurope.com\/@fr\/114621560015257039","error":""},"_links":{"self":[{"href":"https:\/\/www.europesays.com\/fr\/wp-json\/wp\/v2\/posts\/149887","targetHints":{"allow":["GET"]}}],"collection":[{"href":"https:\/\/www.europesays.com\/fr\/wp-json\/wp\/v2\/posts"}],"about":[{"href":"https:\/\/www.europesays.com\/fr\/wp-json\/wp\/v2\/types\/post"}],"author":[{"embeddable":true,"href":"https:\/\/www.europesays.com\/fr\/wp-json\/wp\/v2\/users\/2"}],"replies":[{"embeddable":true,"href":"https:\/\/www.europesays.com\/fr\/wp-json\/wp\/v2\/comments?post=149887"}],"version-history":[{"count":0,"href":"https:\/\/www.europesays.com\/fr\/wp-json\/wp\/v2\/posts\/149887\/revisions"}],"wp:featuredmedia":[{"embeddable":true,"href":"https:\/\/www.europesays.com\/fr\/wp-json\/wp\/v2\/media\/149888"}],"wp:attachment":[{"href":"https:\/\/www.europesays.com\/fr\/wp-json\/wp\/v2\/media?parent=149887"}],"wp:term":[{"taxonomy":"category","embeddable":true,"href":"https:\/\/www.europesays.com\/fr\/wp-json\/wp\/v2\/categories?post=149887"},{"taxonomy":"post_tag","embeddable":true,"href":"https:\/\/www.europesays.com\/fr\/wp-json\/wp\/v2\/tags?post=149887"}],"curies":[{"name":"wp","href":"https:\/\/api.w.org\/{rel}","templated":true}]}}