{"id":149895,"date":"2025-06-03T21:32:08","date_gmt":"2025-06-03T21:32:08","guid":{"rendered":"https:\/\/www.europesays.com\/fr\/149895\/"},"modified":"2025-06-03T21:32:08","modified_gmt":"2025-06-03T21:32:08","slug":"trois-statues-contemporaines-degradees-dans-le-jardin-du-chateau","status":"publish","type":"post","link":"https:\/\/www.europesays.com\/fr\/149895\/","title":{"rendered":"trois statues contemporaines d\u00e9grad\u00e9es dans le jardin du ch\u00e2teau"},"content":{"rendered":"<p>            Par<br \/>\n        <strong><br \/>\n            <a href=\"https:\/\/actu.fr\/auteur\/agnes-braik\" title=\"Consulter tous les articles de Agn\u00e8s Braik\" target=\"_blank\" rel=\"noopener\">Agn\u00e8s Braik<\/a><br \/>\n        <\/strong><\/p>\n<p>        Publi\u00e9 le<\/p>\n<p>            3 juin 2025 \u00e0 18h16<br \/>\n        ; mis \u00e0 jour le 3 juin 2025 \u00e0 18h29    <\/p>\n<p>En <a href=\"https:\/\/actu.fr\/la-republique-de-seine-et-marne\/\" target=\"_blank\" rel=\"noopener\">Seine-et-Marne<\/a>,<b> trois \u0153uvres contemporaines<\/b> pr\u00e9sent\u00e9es dans <b>le jardin anglais du ch\u00e2teau<\/b> de <a href=\"https:\/\/actu.fr\/ile-de-france\/fontainebleau_77186\" target=\"_blank\" rel=\"noopener\">Fontainebleau<\/a>, dans le cadre de la nouvelle exposition temporaire Grandeur nature, ont \u00e9t\u00e9 <b>d\u00e9grad\u00e9es<\/b> au cours de ces derniers jours.<\/p>\n<p>\u00ab\u2009Les visiteurs ont pris le site comme un terrain de jeu\u2009\u00bb<\/p>\n<p class=\" wall-content\">Le jeudi de <b>l\u2019Ascension<\/b>, ce sont vraisemblablement des actes involontaires qui ont conduit \u00e0 la d\u00e9t\u00e9rioration de deux objets d\u2019art. \u00ab\u2009Il ne s\u2019agit pas de malveillance, ni de revendication politique, mais les visiteurs ont pris le site comme un terrain de jeu alors que les \u0153uvres sont fragiles et ne sont pas sous vitrine, d\u00e9plore-t-on \u00e0 la direction. Cette exposition gratuite est accessible \u00e0 tous, avec les risques que cela comporte.\u2009\u00bb<\/p>\n<p class=\" wall-content\">Ainsi, quelqu\u2019un s\u2019est suspendu sur la balan\u00e7oire, surnomm\u00e9e L\u2019\u00e9loge de l\u2019envol, et sign\u00e9e de l\u2019artiste Philippe Ramette. Elle s\u2019est alors cass\u00e9e. Par ailleurs, la statue en b\u00e9ton de Max Coulon, appel\u00e9e Fantaisie h\u00e9ro\u00efque, aurait \u00e9t\u00e9 escalad\u00e9e. Un \u00e9l\u00e9ment s\u2019est bris\u00e9.<\/p>\n<p>Un individu alcoolis\u00e9 d\u00e9grade une statue en bronze<\/p>\n<p class=\" wall-content\">Le lundi 2\u00a0juin 2025, vers 17\u00a0heures, c\u2019est <b>une statue en bronze<\/b> de Christophe Charbonel qui a \u00e9t\u00e9 cibl\u00e9e par un individu. Ce dernier,<b> alcoolis\u00e9<\/b>, a \u00e9t\u00e9 surpris en <b>flagrant d\u00e9lit<\/b> et retenu par les agents du ch\u00e2teau jusqu\u2019\u00e0 l\u2019arriv\u00e9e de la police. Cet homme, \u00e2g\u00e9 de 37\u00a0ans et domicili\u00e9 dans les environs de Fontainebleau, a regrett\u00e9 les faits en garde \u00e0 vue, expliquant qu\u2019il n\u2019avait pas ma\u00eetris\u00e9 son geste. Il a re\u00e7u une convocation au <b>tribunal correctionnel<\/b>.<\/p>\n<p class=\" wall-content\">\u00ab\u2009Les artistes travaillent d\u00e9j\u00e0 \u00e0 la remise en \u00e9tat de leurs cr\u00e9ations\u2009\u00bb, explique-t-on au ch\u00e2teau. Elles seront visibles jusqu\u2019au 21\u00a0septembre prochain.<\/p>\n<p>Vid\u00e9os : en ce moment sur Actu<\/p>\n<p class=\" wall-content\">Suivez toute l\u2019actualit\u00e9 de vos villes et m\u00e9dias favoris en vous inscrivant \u00e0 <a href=\"https:\/\/moncompte.actu.fr\" title=\"D\u00e9couvez Mon Actu\" rel=\"nofollow noopener\" data-trk=\"{&quot;cta&quot;:{&quot;action&quot;:&quot;https:\\\/\\\/moncompte.actu.fr&quot;,&quot;category&quot;:&quot;mon compte&quot;,&quot;from&quot;:&quot;article footer&quot;,&quot;name&quot;:&quot;Mon actu&quot;,&quot;type&quot;:&quot;cta&quot;}}\" target=\"_blank\">Mon Actu<\/a>.<\/p>\n<ul class=\"ac-article-tag wall-content\">\n<li><a href=\"https:\/\/actu.fr\/tag\/chateau-de-fontainebleau\" data-trk=\"{&quot;cta&quot;:{&quot;action&quot;:&quot;Ch\\u00e2teau de Fontainebleau&quot;,&quot;category&quot;:&quot;tag&quot;,&quot;from&quot;:&quot;article footer&quot;,&quot;name&quot;:&quot;Ch\\u00e2teau de Fontainebleau&quot;,&quot;type&quot;:&quot;cta&quot;}}\" target=\"_blank\" rel=\"noopener\">#Ch\u00e2teau de Fontainebleau<\/a><\/li>\n<\/ul>\n","protected":false},"excerpt":{"rendered":"Par Agn\u00e8s Braik Publi\u00e9 le 3 juin 2025 \u00e0 18h16 ; mis \u00e0 jour le 3 juin 2025&hellip;\n","protected":false},"author":2,"featured_media":149896,"comment_status":"","ping_status":"","sticky":false,"template":"","format":"standard","meta":{"footnotes":""},"categories":[1358],"tags":[1348,1384,1385,3413,1386,58,59,118,1011,27],"class_list":{"0":"post-149895","1":"post","2":"type-post","3":"status-publish","4":"format-standard","5":"has-post-thumbnail","7":"category-arts-et-design","8":"tag-arts","9":"tag-arts-and-design","10":"tag-arts-et-design","11":"tag-chateau-de-fontainebleau","12":"tag-design","13":"tag-divertissement","14":"tag-entertainment","15":"tag-faits-divers","16":"tag-fr","17":"tag-france"},"share_on_mastodon":{"url":"https:\/\/pubeurope.com\/@fr\/114621575616329018","error":""},"_links":{"self":[{"href":"https:\/\/www.europesays.com\/fr\/wp-json\/wp\/v2\/posts\/149895","targetHints":{"allow":["GET"]}}],"collection":[{"href":"https:\/\/www.europesays.com\/fr\/wp-json\/wp\/v2\/posts"}],"about":[{"href":"https:\/\/www.europesays.com\/fr\/wp-json\/wp\/v2\/types\/post"}],"author":[{"embeddable":true,"href":"https:\/\/www.europesays.com\/fr\/wp-json\/wp\/v2\/users\/2"}],"replies":[{"embeddable":true,"href":"https:\/\/www.europesays.com\/fr\/wp-json\/wp\/v2\/comments?post=149895"}],"version-history":[{"count":0,"href":"https:\/\/www.europesays.com\/fr\/wp-json\/wp\/v2\/posts\/149895\/revisions"}],"wp:featuredmedia":[{"embeddable":true,"href":"https:\/\/www.europesays.com\/fr\/wp-json\/wp\/v2\/media\/149896"}],"wp:attachment":[{"href":"https:\/\/www.europesays.com\/fr\/wp-json\/wp\/v2\/media?parent=149895"}],"wp:term":[{"taxonomy":"category","embeddable":true,"href":"https:\/\/www.europesays.com\/fr\/wp-json\/wp\/v2\/categories?post=149895"},{"taxonomy":"post_tag","embeddable":true,"href":"https:\/\/www.europesays.com\/fr\/wp-json\/wp\/v2\/tags?post=149895"}],"curies":[{"name":"wp","href":"https:\/\/api.w.org\/{rel}","templated":true}]}}