{"id":149899,"date":"2025-06-03T21:34:08","date_gmt":"2025-06-03T21:34:08","guid":{"rendered":"https:\/\/www.europesays.com\/fr\/149899\/"},"modified":"2025-06-03T21:34:08","modified_gmt":"2025-06-03T21:34:08","slug":"noemie-victime-du-coup-de-bluff-de-koh-lanta-on-ne-pouvait-pas-deviner-que-cetait-un-faux-collier","status":"publish","type":"post","link":"https:\/\/www.europesays.com\/fr\/149899\/","title":{"rendered":"No\u00e9mie, victime du \u00ab\u00a0coup de bluff\u00a0\u00bb de \u00ab\u00a0Koh-Lanta\u00a0\u00bb\u00a0: \u00ab\u00a0On ne pouvait pas deviner que c\u2019\u00e9tait un faux collier\u00a0\u00bb"},"content":{"rendered":"<p class=\"paragraph text_align_left\">Elle est la premi\u00e8re victime du \u00ab\u00a0coup de bluff\u00a0\u00bb. No\u00e9mie a \u00e9t\u00e9 \u00e9limin\u00e9e lors de l\u2019\u00e9pisode de <a href=\"https:\/\/www.leparisien.fr\/culture-loisirs\/tv\/koh-lanta\/\" target=\"_blank\" rel=\"noreferrer nofollow noopener\">\u00ab\u00a0Koh-Lanta\u00a0: la Revanche des 4 Terres\u00a0\u00bb<\/a> diffus\u00e9 ce mardi 3\u00a0juin sur TF\u00a01, apr\u00e8s plus d\u2019un mois d\u2019aventure. La Malouine de 35\u00a0ans a \u00e9t\u00e9 \u00e9vinc\u00e9e apr\u00e8s une belle manigance de Claire et J\u00e9r\u00f4me le Catalan, qui ont fait croire qu\u2019ils b\u00e9n\u00e9ficiaient d\u2019un collier d\u2019immunit\u00e9 alors que celui-ci n\u2019avait aucun pouvoir. Un joli coup dont elle n\u2019a pas pu se m\u00e9fier.<\/p>\n<p class=\"paragraph text_align_left\"><b>Vous terminez l\u2019aventure au 35e jour, mais ce n\u2019\u00e9tait pas jou\u00e9 d\u2019avance\u00a0: d\u00e8s le 10e jour, votre tribu de l\u2019Ouest avait perdu trois de ses six membres. Comment avez-vous v\u00e9cu cette dynamique\u00a0?<\/b><\/p>\n","protected":false},"excerpt":{"rendered":"Elle est la premi\u00e8re victime du \u00ab\u00a0coup de bluff\u00a0\u00bb. No\u00e9mie a \u00e9t\u00e9 \u00e9limin\u00e9e lors de l\u2019\u00e9pisode de \u00ab\u00a0Koh-Lanta\u00a0:&hellip;\n","protected":false},"author":2,"featured_media":149900,"comment_status":"","ping_status":"","sticky":false,"template":"","format":"standard","meta":{"footnotes":""},"categories":[1356],"tags":[872,58,59,1011,27,252,2205,1364],"class_list":{"0":"post-149899","1":"post","2":"type-post","3":"status-publish","4":"format-standard","5":"has-post-thumbnail","7":"category-television","8":"tag-culture-et-loisirs","9":"tag-divertissement","10":"tag-entertainment","11":"tag-fr","12":"tag-france","13":"tag-television","14":"tag-television-medias","15":"tag-tv"},"share_on_mastodon":{"url":"https:\/\/pubeurope.com\/@fr\/114621583483267041","error":""},"_links":{"self":[{"href":"https:\/\/www.europesays.com\/fr\/wp-json\/wp\/v2\/posts\/149899","targetHints":{"allow":["GET"]}}],"collection":[{"href":"https:\/\/www.europesays.com\/fr\/wp-json\/wp\/v2\/posts"}],"about":[{"href":"https:\/\/www.europesays.com\/fr\/wp-json\/wp\/v2\/types\/post"}],"author":[{"embeddable":true,"href":"https:\/\/www.europesays.com\/fr\/wp-json\/wp\/v2\/users\/2"}],"replies":[{"embeddable":true,"href":"https:\/\/www.europesays.com\/fr\/wp-json\/wp\/v2\/comments?post=149899"}],"version-history":[{"count":0,"href":"https:\/\/www.europesays.com\/fr\/wp-json\/wp\/v2\/posts\/149899\/revisions"}],"wp:featuredmedia":[{"embeddable":true,"href":"https:\/\/www.europesays.com\/fr\/wp-json\/wp\/v2\/media\/149900"}],"wp:attachment":[{"href":"https:\/\/www.europesays.com\/fr\/wp-json\/wp\/v2\/media?parent=149899"}],"wp:term":[{"taxonomy":"category","embeddable":true,"href":"https:\/\/www.europesays.com\/fr\/wp-json\/wp\/v2\/categories?post=149899"},{"taxonomy":"post_tag","embeddable":true,"href":"https:\/\/www.europesays.com\/fr\/wp-json\/wp\/v2\/tags?post=149899"}],"curies":[{"name":"wp","href":"https:\/\/api.w.org\/{rel}","templated":true}]}}