{"id":149901,"date":"2025-06-03T21:35:18","date_gmt":"2025-06-03T21:35:18","guid":{"rendered":"https:\/\/www.europesays.com\/fr\/149901\/"},"modified":"2025-06-03T21:35:18","modified_gmt":"2025-06-03T21:35:18","slug":"zaz-ciblee-par-des-critiques-violentes-elle-revient-sur-les-moments-compliques-quelle-a-traverses","status":"publish","type":"post","link":"https:\/\/www.europesays.com\/fr\/149901\/","title":{"rendered":"Zaz cibl\u00e9e par des critiques violentes, elle revient sur les moments compliqu\u00e9s qu&rsquo;elle a travers\u00e9s"},"content":{"rendered":"<p>Ce mardi 3 juin, Zaz est revenue sur ses d\u00e9buts compliqu\u00e9s en tant que chanteuse. Sur le plateau de C \u00e0 vous, la coach de The Voice a \u00e9voqu\u00e9 les critiques virulentes dont elle a \u00e9t\u00e9 victime. <\/p>\n<p>Son parcours en tant qu&rsquo;artiste a connu des hauts et des bas&#8230; Avant d&rsquo;acqu\u00e9rir une notori\u00e9t\u00e9 importante dans l&rsquo;industrie musicale, <a href=\"https:\/\/www.programme-tv.net\/news\/tv\/377631-patricia-kaas-reagit-aux-rumeurs-de-mesentente-avec-zaz-dans-the-voice-on-a-chacun-notre-caractere\/\" data-api-deeplink=\"teleloisirs:\/\/news\/377631\" target=\"_blank\" rel=\"noopener\">Zaz<\/a> a fait ses premiers pas en tant que chanteuse en exer\u00e7ant son talent dans la rue, comptant sur la g\u00e9n\u00e9rosit\u00e9 des passants pour gagner sa vie. Ce n&rsquo;est qu&rsquo;en 2010, \u00e0 l&rsquo;\u00e2ge de 30 ans, qu&rsquo;elle se fait rep\u00e9rer par un producteur qui lui offre son premier titre, Je veux, qui deviendra un v\u00e9ritable tube par la suite. Venue promouvoir son album Sains et Saufs, qui sortira le 19 septembre prochain, sur le plateau de C \u00e0 vous, <a href=\"https:\/\/www.programme-tv.net\/news\/tv\/377388-zaz-the-voice-se-confie-sur-son-objectif-a-l-approche-de-la-finale-on-a-tous-envie-de-remporter-la-victoire\/\" data-api-deeplink=\"teleloisirs:\/\/news\/377388\" target=\"_blank\" rel=\"noopener\">la coach de The Voice<\/a> est revenue sur les p\u00e9riodes compliqu\u00e9es qu&rsquo;elle a travers\u00e9es au cours de sa carri\u00e8re.<\/p>\n<p>\u00ab\u00a0Je ne trouvais plus d&rsquo;endroit\u00a0\u00bb : Zaz \u00e9voque ses d\u00e9buts compliqu\u00e9s en tant que chanteuse<\/p>\n<p>En revoyant les images d&rsquo;un des premiers reportages sur son tube Je veux, <a href=\"https:\/\/www.programme-tv.net\/news\/tv\/377392-elle-etait-contente-de-la-voir-maag-the-voice-a-deja-presente-son-bebe-a-zaz-elle-raconte-leur-adorable-rencontre\/\" data-api-deeplink=\"teleloisirs:\/\/news\/377392\" target=\"_blank\" rel=\"noopener\">Zaz<\/a> s&rsquo;est rem\u00e9mor\u00e9 son d\u00e9but de carri\u00e8re difficile o\u00f9 elle chantait dans les rues, accompagn\u00e9e de son petit groupe. Face \u00e0 Anne-\u00c9lisabeth Lemoine, elle confie : \u00ab\u00a0Je ne sais pas si mon parcours a \u00e9t\u00e9 facile&#8230; Mais j&rsquo;ai une rage de vivre, j&rsquo;ai une force de r\u00e9surrection qui est incroyable donc je n&rsquo;avais pas d&rsquo;autres choix que d&rsquo;enfoncer des portes malgr\u00e9 moi, parce qu&rsquo;il fallait que je vive\u00a0\u00bb. Avant de chanter dans la rue, elle se souvient \u00eatre pass\u00e9e par plusieurs \u00e9tapes qui l&rsquo;ont finalement men\u00e9e \u00e0 se produire dehors en toute simplicit\u00e9 : <b>\u00ab\u00a0Avant d&rsquo;\u00eatre dans la rue, j&rsquo;ai \u00e9t\u00e9 intermittente avant, j&rsquo;ai fait du bal, j&rsquo;ai \u00e9t\u00e9 dans des orchestres, j&rsquo;ai travaill\u00e9 un peu partout&#8230; Et la rue&#8230; Un moment je ne trouvais plus d&rsquo;endroit et je me suis trouv\u00e9 un endroit<\/b><b>\u00ab\u00a0<\/b>.<\/p>\n<p>                        \u00ab\u00a0\u00c7a a r\u00e9v\u00e9l\u00e9 des failles\u00a0\u00bb : Zaz revient sur les critiques virulentes dont elle a \u00e9t\u00e9 la cible<\/p>\n<p>\u00c0 la fin des ann\u00e9es 2000, alors qu&rsquo;elle est \u00e0 peine \u00e2g\u00e9e de 30 ans, Zaz voit sa carri\u00e8re d\u00e9coller gr\u00e2ce \u00e0 la sortie de son premier album qui porte son nom. Pour son premier projet, elle collabore avec un artiste de renom, Rapha\u00ebl, qui lui \u00e9crit plusieurs titres, dont \u00c9blouie par la nuit. En pleine ascension, la chanteuse est aussi la cible de critiques virulentes : \u00ab\u00a0J&rsquo;avais 30 ans quand je me suis fait conna\u00eetre et \u00e7a a \u00e9t\u00e9 violent la m\u00e9chancet\u00e9 qu&rsquo;il peut y avoir. Des gens qui crachent leur venin derri\u00e8re les \u00e9crans, parce qu&rsquo;ils ne le font pas devant&#8230; \u00c7a a r\u00e9v\u00e9l\u00e9 des failles \u00e0 l&rsquo;int\u00e9rieur de moi\u00a0\u00bb, r\u00e9v\u00e8le-t-elle dans l&rsquo;\u00e9mission diffus\u00e9e sur France 5.<\/p>\n","protected":false},"excerpt":{"rendered":"Ce mardi 3 juin, Zaz est revenue sur ses d\u00e9buts compliqu\u00e9s en tant que chanteuse. Sur le plateau&hellip;\n","protected":false},"author":2,"featured_media":149902,"comment_status":"","ping_status":"","sticky":false,"template":"","format":"standard","meta":{"footnotes":""},"categories":[1355],"tags":[5631,4470,244,58,59,1011,27,1361,873,6706],"class_list":{"0":"post-149901","1":"post","2":"type-post","3":"status-publish","4":"format-standard","5":"has-post-thumbnail","7":"category-musique","8":"tag-anne-elisabeth-lemoine","9":"tag-c-u00e0-vous","10":"tag-commentaire","11":"tag-divertissement","12":"tag-entertainment","13":"tag-fr","14":"tag-france","15":"tag-music","16":"tag-musique","17":"tag-zaz"},"share_on_mastodon":{"url":"https:\/\/pubeurope.com\/@fr\/114621587401721414","error":""},"_links":{"self":[{"href":"https:\/\/www.europesays.com\/fr\/wp-json\/wp\/v2\/posts\/149901","targetHints":{"allow":["GET"]}}],"collection":[{"href":"https:\/\/www.europesays.com\/fr\/wp-json\/wp\/v2\/posts"}],"about":[{"href":"https:\/\/www.europesays.com\/fr\/wp-json\/wp\/v2\/types\/post"}],"author":[{"embeddable":true,"href":"https:\/\/www.europesays.com\/fr\/wp-json\/wp\/v2\/users\/2"}],"replies":[{"embeddable":true,"href":"https:\/\/www.europesays.com\/fr\/wp-json\/wp\/v2\/comments?post=149901"}],"version-history":[{"count":0,"href":"https:\/\/www.europesays.com\/fr\/wp-json\/wp\/v2\/posts\/149901\/revisions"}],"wp:featuredmedia":[{"embeddable":true,"href":"https:\/\/www.europesays.com\/fr\/wp-json\/wp\/v2\/media\/149902"}],"wp:attachment":[{"href":"https:\/\/www.europesays.com\/fr\/wp-json\/wp\/v2\/media?parent=149901"}],"wp:term":[{"taxonomy":"category","embeddable":true,"href":"https:\/\/www.europesays.com\/fr\/wp-json\/wp\/v2\/categories?post=149901"},{"taxonomy":"post_tag","embeddable":true,"href":"https:\/\/www.europesays.com\/fr\/wp-json\/wp\/v2\/tags?post=149901"}],"curies":[{"name":"wp","href":"https:\/\/api.w.org\/{rel}","templated":true}]}}