{"id":149909,"date":"2025-06-03T21:39:11","date_gmt":"2025-06-03T21:39:11","guid":{"rendered":"https:\/\/www.europesays.com\/fr\/149909\/"},"modified":"2025-06-03T21:39:11","modified_gmt":"2025-06-03T21:39:11","slug":"au-fait-dou-sort-le-personnage-incarne-par-ana-de-armas","status":"publish","type":"post","link":"https:\/\/www.europesays.com\/fr\/149909\/","title":{"rendered":"au fait, d\u2019o\u00f9 sort le personnage incarn\u00e9 par Ana de Armas ?"},"content":{"rendered":"<p>Dans Ballerina, <strong>Ana de Armas<\/strong> incarne une jeune femme, Eve Maccarro. <strong>Cette derni\u00e8re se retrouve orpheline apr\u00e8s le d\u00e9c\u00e8s de son p\u00e8re, tu\u00e9 par un groupuscule d\u2019assassins inconnus<\/strong>. En cela, elle partage un point commun important <a href=\"https:\/\/www.journaldugeek.com\/2023\/05\/22\/john-wick-flingue-tout-au-box-office\/\" rel=\"nofollow noopener\" target=\"_blank\">avec le personnage de John Wick<\/a>, lui-m\u00eame mu\u00e9 par la vengeance dans son tout premier film\u00a0: la perte de son chien et le vol de sa voiture. Et vu ses prouesses dans la derni\u00e8re bande-annonce du film, il semblerait que Ballerina n\u2019ait pas que cette motivation en commun avec John Wick, puisqu\u2019elle se r\u00e9v\u00e8le aussi dangereuse et impitoyable que lui.<\/p>\n<p> Li\u00e9e \u00e0 la Ruska Roma, comme John Wick <\/p>\n<p>L\u2019autre \u00e9l\u00e9ment qui r\u00e9unit les deux personnages est la Ruska Roma. <strong>Il s\u2019agit ni plus ni moins d\u2019un groupe d\u2019assassins bi\u00e9lorusses si\u00e9geant \u00e0 la Grande Table, une sorte de super conseil r\u00e9unissant les 12 organisations criminelles les plus dangereuses du monde<\/strong>. Dont la Ruska Roma fait partie. Apr\u00e8s la mort de son p\u00e8re, c\u2019est aupr\u00e8s d\u2019elle qu\u2019Eve Maccaro va trouver refuge et va subir son entra\u00eenement pour devenir une tueuse et pr\u00e9parer sa vengeance. Encore un point commun <a href=\"https:\/\/www.journaldugeek.com\/2025\/04\/02\/john-wick-5-est-officiel-et-dautres-projets-arrivent\/\" rel=\"nofollow noopener\" target=\"_blank\">avec John Wick<\/a> puisque ce dernier a \u00e9t\u00e9 \u00e9lev\u00e9 et entra\u00een\u00e9 aupr\u00e8s de la Ruska Roma. <strong>Jardani Jovonovich<\/strong>, de son vrai patronyme, est bi\u00e9lorusse et est li\u00e9 \u00e0 vie \u00e0 cette organisation qui en a fait un de ses membres. C\u2019est d\u2019ailleurs cette fid\u00e9lit\u00e9 et ce lien que John Wick invoquent dans son troisi\u00e8me film, Parabellum, lorsqu\u2019il se retrouve excommuni\u00e9 et poursuivi par tous les assassins du globe.<\/p>\n<\/p>\n<p>    <a href=\"https:\/\/www.youtube.com\/user\/JournalduGeek?sub_confirmation=1\" target=\"_blank\" rel=\"nofollow noopener\"><br \/>\n        S&rsquo;abonner \u00e0 Journal du Geek<br \/>\n    <\/a> John Wick\u00a0: Parabellum, le point d\u2019ancrage <\/p>\n<p>C\u2019est d\u2019ailleurs dans ce film que l\u2019on fait pour la premi\u00e8re fois la connaissance de la <strong>Directrice,<\/strong> celle qui r\u00e9git la Ruska Roma, interpr\u00e9t\u00e9e par <strong>Anjelica Huston<\/strong>. Dans Parabellum, lors de deux ou trois dialogues entre John Wick et la Directrice, on nous montre en arri\u00e8re-plan le fonctionnement de l\u2019organisation\u00a0: <strong>des exercices de danse synonymes de tortures pour les jeunes filles recrut\u00e9es (on en voit une s\u2019arracher un ongle apr\u00e8s son entra\u00eenement), de la lutte pour les gar\u00e7ons, rappelant des souvenirs au passage au personnage incarn\u00e9 par Keanu Reeves.<\/strong><\/p>\n<p>Le lieu n\u2019est autre que le Tarkovsky Theather. Et c\u2019est l\u00e0, alors que John Wick obtient de l\u2019aide aupr\u00e8s de la Directrice pour rejoindre Casablanca, que Ballerina fait la jonction entre les deux films, avec une rencontre in\u00e9dite entre le Baba Yaga (le surnom de Wick) et Eve Maccarro, dans une sc\u00e8ne d\u2019ores et d\u00e9j\u00e0 diffus\u00e9e sur YouTube pour asseoir la promotion du film.<\/p>\n<\/p>\n<p> Ana de Armas \u00e0 la m\u00eame enseigne que Keanu Reeves <\/p>\n<p>Pour comprendre le personnage de Ballerina, il faut se r\u00e9f\u00e9rer aux propos tenus par son r\u00e9alisateur, Len Wiseman, supervis\u00e9 \u00e0 la production par le chef d\u2019orchestre de la saga John Wick, <strong>Chad Stahelski<\/strong>. L\u2019id\u00e9e dans Ballerina est de l\u2019opposer \u00e0 John Wick : l\u00e0 o\u00f9 le personnage camp\u00e9 depuis des ann\u00e9es par Keanu Reeves cherche \u00e0 quitter le monde des assassins, Eve Maccarro, elle, cherche \u00e0 y entrer par tous les moyens pour assouvir sa soif de vengeance.<\/p>\n<\/p>\n<p>En revanche, ce que partagent les deux personnages, c\u2019est le d\u00e9vouement total de la part de leurs interpr\u00e8tes. Ana de Armas s\u2019est investie \u00e0 fond dans ce r\u00f4le, au point d\u2019effectuer elle-m\u00eame la quasi-totalit\u00e9 de ses cascades. L\u2019actrice, qui tient le r\u00f4le vedette de ce film, voulait le marquer de son empreinte et vivre l\u2019exp\u00e9rience \u00e0 fond. <a href=\"https:\/\/www.comingsoon.net\/movies\/features\/1978989-ballerinas-ana-de-armas-on-performing-her-own-stunts-in-john-wick-spin-off-interview\" rel=\"nofollow noopener\" target=\"_blank\">Dans une interview accord\u00e9e \u00e0 ComingSoon<\/a>, elle a notamment avou\u00e9 avoir fondu en larmes en maniant un lance-flammes et en br\u00fblant un cascadeur pour le besoin d\u2019une sc\u00e8ne.<\/p>\n<blockquote>\n<p class=\"text-base text-neutral-700 dark:text-neutral-300\">\ud83d\udfe3 Pour ne manquer aucune news sur le Journal du Geek, abonnez-vous sur <a href=\"https:\/\/news.google.com\/publications\/CAAqBwgKMNr_hAswwYyCAw?hl=fr&amp;gl=FR&amp;ceid=FR%3Afr\" target=\"_blank\" rel=\"nofollow noopener\">Google Actualit\u00e9s<\/a> et sur <a href=\"https:\/\/whatsapp.com\/channel\/0029VaClM5y4tRry12tb7D2h\" target=\"_blank\" rel=\"nofollow noopener\">notre WhatsApp<\/a>. Et si vous nous adorez, on a <a href=\"https:\/\/www.journaldugeek.com\/newsletter\/\" target=\"_blank\" rel=\"nofollow noopener\">une newsletter tous les matins<\/a>.<\/p>\n<\/blockquote>\n","protected":false},"excerpt":{"rendered":"Dans Ballerina, Ana de Armas incarne une jeune femme, Eve Maccarro. Cette derni\u00e8re se retrouve orpheline apr\u00e8s le&hellip;\n","protected":false},"author":2,"featured_media":149910,"comment_status":"","ping_status":"","sticky":false,"template":"","format":"standard","meta":{"footnotes":""},"categories":[8],"tags":[10497,27931,58,59,1011,27,27932,2079],"class_list":{"0":"post-149909","1":"post","2":"type-post","3":"status-publish","4":"format-standard","5":"has-post-thumbnail","7":"category-divertissement","8":"tag-ana-de-armas","9":"tag-ballerina","10":"tag-divertissement","11":"tag-entertainment","12":"tag-fr","13":"tag-france","14":"tag-john-wick","15":"tag-keanu-reeves"},"share_on_mastodon":{"url":"https:\/\/pubeurope.com\/@fr\/114621603115873838","error":""},"_links":{"self":[{"href":"https:\/\/www.europesays.com\/fr\/wp-json\/wp\/v2\/posts\/149909","targetHints":{"allow":["GET"]}}],"collection":[{"href":"https:\/\/www.europesays.com\/fr\/wp-json\/wp\/v2\/posts"}],"about":[{"href":"https:\/\/www.europesays.com\/fr\/wp-json\/wp\/v2\/types\/post"}],"author":[{"embeddable":true,"href":"https:\/\/www.europesays.com\/fr\/wp-json\/wp\/v2\/users\/2"}],"replies":[{"embeddable":true,"href":"https:\/\/www.europesays.com\/fr\/wp-json\/wp\/v2\/comments?post=149909"}],"version-history":[{"count":0,"href":"https:\/\/www.europesays.com\/fr\/wp-json\/wp\/v2\/posts\/149909\/revisions"}],"wp:featuredmedia":[{"embeddable":true,"href":"https:\/\/www.europesays.com\/fr\/wp-json\/wp\/v2\/media\/149910"}],"wp:attachment":[{"href":"https:\/\/www.europesays.com\/fr\/wp-json\/wp\/v2\/media?parent=149909"}],"wp:term":[{"taxonomy":"category","embeddable":true,"href":"https:\/\/www.europesays.com\/fr\/wp-json\/wp\/v2\/categories?post=149909"},{"taxonomy":"post_tag","embeddable":true,"href":"https:\/\/www.europesays.com\/fr\/wp-json\/wp\/v2\/tags?post=149909"}],"curies":[{"name":"wp","href":"https:\/\/api.w.org\/{rel}","templated":true}]}}