{"id":149916,"date":"2025-06-03T21:43:11","date_gmt":"2025-06-03T21:43:11","guid":{"rendered":"https:\/\/www.europesays.com\/fr\/149916\/"},"modified":"2025-06-03T21:43:11","modified_gmt":"2025-06-03T21:43:11","slug":"un-sujet-intime-et-politique-lex-ministre-de-la-sante-aurelien-rousseau-revele-etre-atteint-dun-cancer","status":"publish","type":"post","link":"https:\/\/www.europesays.com\/fr\/149916\/","title":{"rendered":"\u00ab\u00a0Un sujet intime et politique\u00a0\u00bb : l&rsquo;ex-ministre de la Sant\u00e9 Aur\u00e9lien Rousseau r\u00e9v\u00e8le \u00eatre atteint d&rsquo;un cancer"},"content":{"rendered":"<ul class=\"jsx-862013697 ArticleChapo__List\">\n<li class=\"jsx-862013697 ArticleChapo__List_Item flex\">Aur\u00e9lien Rousseau a r\u00e9v\u00e9l\u00e9 mardi devant l&rsquo;Assembl\u00e9e nationale avoir \u00e9t\u00e9 diagnostiqu\u00e9 d&rsquo;un cancer.<\/li>\n<li class=\"jsx-862013697 ArticleChapo__List_Item flex\">L&rsquo;ancien ministre de la Sant\u00e9 devenu d\u00e9put\u00e9 a demand\u00e9 au gouvernement de ne pas couper dans les budgets de la recherche sur cette maladie.<\/li>\n<\/ul>\n<p data-module=\"article-paragraph\" class=\"jsx-3046738180 Paragraph\">La p\u00e9riode est \u00ab\u00a0paradoxale\u00a0\u00bb, a jug\u00e9 Aur\u00e9lien Rousseau lors des Questions au gouvernement (QAG), ce mardi 3 juin. \u00ab\u00a0Chaque jour des traitements nouveaux sont pr\u00e9sent\u00e9s dans le monde avec des perspectives tr\u00e8s encourageantes et, en m\u00eame temps, de tr\u00e8s nombreux d&rsquo;entre nous vivent ou ont v\u00e9cu avec le cancer\u00a0\u00bb, a d\u00e9clar\u00e9 l&rsquo;ancien ministre de la Sant\u00e9 devenu d\u00e9put\u00e9, r\u00e9v\u00e9lant devant l&rsquo;Assembl\u00e9e nationale avoir \u00e9t\u00e9 diagnostiqu\u00e9 d&rsquo;un cancer.<\/p>\n<p data-module=\"article-paragraph\" class=\"jsx-3046738180 Paragraph Paragraph__End\">\u00ab\u00a0En le disant parfois publiquement. Comme vous l&rsquo;avez fait Mme la pr\u00e9sidente avec beaucoup de force, comme je peux le dire aujourd&rsquo;hui, pas seulement pour excuser de longues semaines sur ces bancs mais aussi pour dire aux Fran\u00e7aises et aux Fran\u00e7ais que ces sujets intimes sont aussi des sujets politiques\u00a0\u00bb, a ajout\u00e9 l&rsquo;ex-ministre, la voix teint\u00e9e d&rsquo;\u00e9motion.<\/p>\n<p>Yannick Neuder salue le \u00ab\u00a0courage\u00a0\u00bb d&rsquo;Aur\u00e9lien Rousseau<\/p>\n<p data-module=\"article-paragraph\" class=\"jsx-3046738180 Paragraph\">L&rsquo;\u00e9lu Place publique, 48 ans, a soulign\u00e9 l&rsquo;augmentation des cas \u00ab\u00a0notamment chez les plus jeunes\u00a0\u00bb. \u00ab\u00a0Certains, comme le remarquable Pr Barlesi qui dirige l&rsquo;institut Gustave Roussy, nous disent que nous devons nous pr\u00e9parer \u00e0 un tsunami. Avec des facteurs connus \u2013 alcool, tabac, surpoids, r\u00e9gime alimentaire \u2013 mais aussi des questions \u2013 la part des pollutions environnementales, des aliments ultra-transform\u00e9s, des perturbateurs endocriniens, des contraceptifs hormonaux\u00a0\u00bb, a ajout\u00e9 l&rsquo;ancien ministre.<\/p>\n<p data-module=\"article-paragraph\" class=\"jsx-3046738180 Paragraph Paragraph__End\">Au gouvernement, il a demand\u00e9 de s'\u00a0\u00bbengager \u00e0 ce que les recherches en mati\u00e8re de cancer ne soient victimes d&rsquo;aucune r\u00e9duction budg\u00e9taire dans les mois \u00e0 venir\u00a0\u00bb. \u00ab\u00a0Pouvez-vous nous confirmer l&rsquo;engagement du gouvernement sur une voie que j&rsquo;avais mise en avant, celle en mati\u00e8re de pr\u00e9vention (&#8230;), levier d\u00e9cisif pour lutter contre les cancers, les r\u00e9cidives, et mesurer les in\u00e9galit\u00e9s sociales\u00a0\u00bb, a encore interrog\u00e9 Aur\u00e9lien Rousseau. Il a enfin souhait\u00e9 que le minist\u00e8re de la Sant\u00e9 \u00ab\u00a0fasse la transparence sur ce que nous savons, ce que nous ne savons pas\u00a0\u00bb et permette de \u00ab\u00a0mener \u00e0 terme le projet de registre\u00a0\u00bb pour avancer \u00ab\u00a0\u00e0 la lumi\u00e8re de la science\u00a0\u00bb, pas \u00ab\u00a0du faisceau tendu par les complotistes et tous les relativistes\u00a0\u00bb. Une salve d&rsquo;applaudissements a salu\u00e9 son intervention.\u00a0<\/p>\n<p><a href=\"https:\/\/www.tf1info.fr\/sante\/cancers-du-sein-agressifs-un-nouveau-traitement-reduit-de-moitie-les-risques-de-progression-2374531.html\" rel=\"noopener\" class=\"jsx-3308031228 Link flex\" target=\"_blank\"><img decoding=\"async\" src=\"https:\/\/www.europesays.com\/fr\/wp-content\/uploads\/2025\/06\/mammographie-cancer-sein-1-dcf030-0@1x.jpeg\" alt=\"ANNE-CHRISTINE POUJOULAT \/ AFP\" loading=\"lazy\" importance=\"low\" fetchpriority=\"low\" class=\"\"\/><\/p>\n<p class=\"jsx-3657663356 ReadMoreArticle__Title\">Lire aussi<\/p>\n<p class=\"jsx-3657663356\">Cancers du sein agressifs : un nouveau traitement r\u00e9duit de moiti\u00e9 les risques de progression<\/p>\n<p><\/a><\/p>\n<p data-module=\"article-paragraph\" class=\"jsx-3046738180 Paragraph Paragraph__End\">Le ministre charg\u00e9 de la Sant\u00e9, Yannick Neuder, qui a salu\u00e9 le \u00ab\u00a0courage\u00a0\u00bb d&rsquo;Aur\u00e9lien Rousseau et des \u00ab\u00a0quatre millions de Fran\u00e7ais qui vivent avec un cancer\u00a0\u00bb, a affirm\u00e9 que l&rsquo;ensemble des groupes politiques \u00e9taient pour l&rsquo;inscription \u00e0 l&rsquo;ordre du jour du registre des cancers \u00ab\u00a0pour avoir davantage de donn\u00e9es sur le d\u00e9terminisme\u00a0\u00bb. Yannick Neuder a assur\u00e9 qu&rsquo;il n&rsquo;y avait \u00ab\u00a0aucune intention de limiter la recherche sur le cancer\u00a0\u00bb budg\u00e9tairement et d\u00e9fendu la pr\u00e9vention.\u00a0<\/p>\n<p>A. LG avec AFP<\/p>\n","protected":false},"excerpt":{"rendered":"Aur\u00e9lien Rousseau a r\u00e9v\u00e9l\u00e9 mardi devant l&rsquo;Assembl\u00e9e nationale avoir \u00e9t\u00e9 diagnostiqu\u00e9 d&rsquo;un cancer. L&rsquo;ancien ministre de la Sant\u00e9&hellip;\n","protected":false},"author":2,"featured_media":149917,"comment_status":"","ping_status":"","sticky":false,"template":"","format":"standard","meta":{"footnotes":""},"categories":[4],"tags":[1111,11,1921,416,27524,101,1011,27,1922,12,4289,9303,25,5699,133,4530],"class_list":{"0":"post-149916","1":"post","2":"type-post","3":"status-publish","4":"format-standard","5":"has-post-thumbnail","7":"category-france","8":"tag-actu","9":"tag-actualites","10":"tag-article-video","11":"tag-assemblee-nationale","12":"tag-aurelien-rousseau","13":"tag-cancer","14":"tag-fr","15":"tag-france","16":"tag-info","17":"tag-news","18":"tag-place-publique","19":"tag-recherche-scientifique","20":"tag-republique-francaise","21":"tag-sante-publique","22":"tag-video","23":"tag-video-politique"},"share_on_mastodon":{"url":"https:\/\/pubeurope.com\/@fr\/114621618872043309","error":""},"_links":{"self":[{"href":"https:\/\/www.europesays.com\/fr\/wp-json\/wp\/v2\/posts\/149916","targetHints":{"allow":["GET"]}}],"collection":[{"href":"https:\/\/www.europesays.com\/fr\/wp-json\/wp\/v2\/posts"}],"about":[{"href":"https:\/\/www.europesays.com\/fr\/wp-json\/wp\/v2\/types\/post"}],"author":[{"embeddable":true,"href":"https:\/\/www.europesays.com\/fr\/wp-json\/wp\/v2\/users\/2"}],"replies":[{"embeddable":true,"href":"https:\/\/www.europesays.com\/fr\/wp-json\/wp\/v2\/comments?post=149916"}],"version-history":[{"count":0,"href":"https:\/\/www.europesays.com\/fr\/wp-json\/wp\/v2\/posts\/149916\/revisions"}],"wp:featuredmedia":[{"embeddable":true,"href":"https:\/\/www.europesays.com\/fr\/wp-json\/wp\/v2\/media\/149917"}],"wp:attachment":[{"href":"https:\/\/www.europesays.com\/fr\/wp-json\/wp\/v2\/media?parent=149916"}],"wp:term":[{"taxonomy":"category","embeddable":true,"href":"https:\/\/www.europesays.com\/fr\/wp-json\/wp\/v2\/categories?post=149916"},{"taxonomy":"post_tag","embeddable":true,"href":"https:\/\/www.europesays.com\/fr\/wp-json\/wp\/v2\/tags?post=149916"}],"curies":[{"name":"wp","href":"https:\/\/api.w.org\/{rel}","templated":true}]}}