{"id":149919,"date":"2025-06-03T21:45:18","date_gmt":"2025-06-03T21:45:18","guid":{"rendered":"https:\/\/www.europesays.com\/fr\/149919\/"},"modified":"2025-06-03T21:45:18","modified_gmt":"2025-06-03T21:45:18","slug":"firminy-ces-centaines-deleves-ont-reflechi-a-lavenir-de-la-planete","status":"publish","type":"post","link":"https:\/\/www.europesays.com\/fr\/149919\/","title":{"rendered":"Firminy. Ces centaines d\u2019\u00e9l\u00e8ves ont r\u00e9fl\u00e9chi \u00e0 l\u2019avenir de la plan\u00e8te"},"content":{"rendered":"<p>\u00ab\u00a0Pour notre plan\u00e8te, on s\u2019y met\u00a0\u00bb. C\u2019est le nom d\u2019une animation qui en est \u00e0 sa septi\u00e8me \u00e9dition. Elle a \u00e9t\u00e9 imagin\u00e9e au centre Social du Soleil Levant et qui a, au fil des ans, cultiv\u00e9 de bonnes relations avec les \u00e9coles. Cette \u00e9dition a eu lieu ces 2 et 3\u00a0mai.<\/p>\n<p>\u00ab\u00a0On a sp\u00e9cifiquement cibl\u00e9 le public scolaire, raconte Odile Languebien, une des b\u00e9n\u00e9voles \u00e0 l\u2019origine de cette animation, pour parler de cette plan\u00e8te qui est en danger.\u00a0\u00bb Sur deux jours, pr\u00e8s de 650 \u00e9l\u00e8ves de Firminy, ont particip\u00e9 aux&#8230;<\/p>\n","protected":false},"excerpt":{"rendered":"\u00ab\u00a0Pour notre plan\u00e8te, on s\u2019y met\u00a0\u00bb. C\u2019est le nom d\u2019une animation qui en est \u00e0 sa septi\u00e8me \u00e9dition.&hellip;\n","protected":false},"author":2,"featured_media":149920,"comment_status":"","ping_status":"","sticky":false,"template":"","format":"standard","meta":{"footnotes":""},"categories":[9653],"tags":[1111,11,2430,7539,1057,1777,674,10282,10283,1011,27,10425,12,25,4001],"class_list":{"0":"post-149919","1":"post","2":"type-post","3":"status-publish","4":"format-standard","5":"has-post-thumbnail","7":"category-saint-etienne","8":"tag-actu","9":"tag-actualites","10":"tag-auvergne-rhone-alpes","11":"tag-edition-loire-sud","12":"tag-education","13":"tag-eu","14":"tag-europe","15":"tag-firminy","16":"tag-firminy-ville","17":"tag-fr","18":"tag-france","19":"tag-maternelle-elementaire","20":"tag-news","21":"tag-republique-francaise","22":"tag-saint-etienne"},"share_on_mastodon":{"url":"https:\/\/pubeurope.com\/@fr\/114621626755513216","error":""},"_links":{"self":[{"href":"https:\/\/www.europesays.com\/fr\/wp-json\/wp\/v2\/posts\/149919","targetHints":{"allow":["GET"]}}],"collection":[{"href":"https:\/\/www.europesays.com\/fr\/wp-json\/wp\/v2\/posts"}],"about":[{"href":"https:\/\/www.europesays.com\/fr\/wp-json\/wp\/v2\/types\/post"}],"author":[{"embeddable":true,"href":"https:\/\/www.europesays.com\/fr\/wp-json\/wp\/v2\/users\/2"}],"replies":[{"embeddable":true,"href":"https:\/\/www.europesays.com\/fr\/wp-json\/wp\/v2\/comments?post=149919"}],"version-history":[{"count":0,"href":"https:\/\/www.europesays.com\/fr\/wp-json\/wp\/v2\/posts\/149919\/revisions"}],"wp:featuredmedia":[{"embeddable":true,"href":"https:\/\/www.europesays.com\/fr\/wp-json\/wp\/v2\/media\/149920"}],"wp:attachment":[{"href":"https:\/\/www.europesays.com\/fr\/wp-json\/wp\/v2\/media?parent=149919"}],"wp:term":[{"taxonomy":"category","embeddable":true,"href":"https:\/\/www.europesays.com\/fr\/wp-json\/wp\/v2\/categories?post=149919"},{"taxonomy":"post_tag","embeddable":true,"href":"https:\/\/www.europesays.com\/fr\/wp-json\/wp\/v2\/tags?post=149919"}],"curies":[{"name":"wp","href":"https:\/\/api.w.org\/{rel}","templated":true}]}}