{"id":149923,"date":"2025-06-03T21:47:17","date_gmt":"2025-06-03T21:47:17","guid":{"rendered":"https:\/\/www.europesays.com\/fr\/149923\/"},"modified":"2025-06-03T21:47:17","modified_gmt":"2025-06-03T21:47:17","slug":"la-quete-de-verite-est-primordiale-pour-la-democratie-3","status":"publish","type":"post","link":"https:\/\/www.europesays.com\/fr\/149923\/","title":{"rendered":"\u00ab\u00a0La qu\u00eate de v\u00e9rit\u00e9 est primordiale pour la d\u00e9mocratie\u00a0\u00bb"},"content":{"rendered":"<blockquote class=\"question\"><p>C\u2019est la deuxi\u00e8me ann\u00e9e que Nancy, fleuron des sciences, de la recherche et de la m\u00e9decine en France, accueille le <a href=\"https:\/\/tnova.fr\/news\/forum-place-s-de-la-democratie-2025\/\" target=\"_blank\" rel=\"nofollow noopener\">Forum \u00ab\u00a0Place(s) de la d\u00e9mocratie\u00a0\u00bb<\/a> organis\u00e9 par Terra Nova, avec <a href=\"https:\/\/www.estrepublicain.fr\/\" target=\"_blank\" rel=\"nofollow noopener\">L\u2019Est R\u00e9publicain.<\/a> \u00a0Cette ann\u00e9e, y sera abord\u00e9 le lien entre science et d\u00e9mocratie&#8230;<\/p><\/blockquote>\n<p>\u00ab\u00a0Avec ce forum, nous essayons de faire vivre les questions qui se posent \u00e0 nos d\u00e9mocraties autour des <a href=\"https:\/\/www.estrepublicain.fr\/societe\/desinfox\" target=\"_blank\" rel=\"nofollow noopener\">fausses informations<\/a> et des crises informationnelles. L\u2019interrogation qui se pose \u00e0 nous et aux citoyens aujourd\u2019hui est celle de la v\u00e9rit\u00e9\u00a0: comment des citoyens peuvent-ils se nourrir de faits partag\u00e9s pour alimenter un d\u00e9bat public dans la d\u00e9mocratie\u00a0? Nombre de personnes confondent d\u00e9mocratie et vote de nos jours. Mais on peut voter et vivre dans une autocratie\u00a0; exemple avec la Russie. Alors que ce qui fait une d\u00e9mocratie, c\u2019est une d\u00e9lib\u00e9ration \u00e9clair\u00e9e de citoyens qui acc\u00e8dent \u00e0 une bonne information. Dans le contexte g\u00e9n\u00e9ral actuel que nous connaissons, Nancy appara\u00eet comme un moment important pour illustrer \u00e0 quel point la d\u00e9marche scientifique, la qu\u00eate de v\u00e9rit\u00e9, l\u2019absence de populisme id\u00e9ologique sont primordiales pour les d\u00e9mocraties occidentales.\u00a0\u00bb<\/p>\n<blockquote class=\"question\"><p>Vous \u00eates pr\u00e9sidente d\u2019\u00c9vidences. Jeudi 5\u00a0juin, vous publiez un rapport in\u00e9dit sur les sciences et les filles. Pourquoi\u00a0?<\/p><\/blockquote>\n<p>\u00ab\u00a0D\u00e8s le premier jour du Forum, ce jeudi 5\u00a0juin donc, nous avons un d\u00e9bat sur la place des femmes dans les sciences. Nous allons effectivement publier un rapport important sur la question, qui va apporter un nouveau levier d\u2019actions pour amener les filles \u00e0 s\u2019orienter vers les m\u00e9tiers scientifiques et techniques. Nous avons un probl\u00e8me avec cette question, hormis la m\u00e9decine. Il nous faut un regard f\u00e9minin sur <a href=\"https:\/\/www.estrepublicain.fr\/science-et-technologie\/2025\/05\/29\/scenes-de-blockbuster-fausses-interviews-le-nouvel-outil-video-d-ia-de-google-rebat-les-cartes\" target=\"_blank\" rel=\"nofollow noopener\">l\u2019IA,<\/a> le <a href=\"https:\/\/www.estrepublicain.fr\/environnement\/ici-on-agit\" target=\"_blank\" rel=\"nofollow noopener\">changement climatique<\/a> \u2026\u00a0\u00bb<\/p>\n<blockquote class=\"question\"><p>En 2025, sans la science, nous n\u2019avons pas la d\u00e9mocratie\u00a0?<\/p><\/blockquote>\n<p>\u00ab\u00a0Je pense que l\u2019obscurantisme est une fa\u00e7on de nourrir le populisme. Quand on attaque la science, comme <a href=\"https:\/\/www.estrepublicain.fr\/p\/donald-trump\" target=\"_blank\" rel=\"nofollow noopener\">aux USA<\/a> aujourd\u2019hui, les citoyens n\u2019acc\u00e8dent plus aux faits, au r\u00e9el, et ainsi on ne vit plus tous, dans le m\u00eame monde\u2026 La science, qui n\u2019est pas partisane je le rappelle, nous apporte une chose essentielle\u00a0: la lucidit\u00e9, qui est indissociable de la d\u00e9mocratie.\u00a0\u00bb<\/p>\n<blockquote class=\"question\"><p>Une solution simple pour lutter contre l\u2019obscurantisme\u00a0?<\/p><\/blockquote>\n<p>\u00ab\u00a0\u00c0 chaque fois que vous verrez une information qui vous fait r\u00e9agir, soit par la col\u00e8re, soit par l\u2019indignation, soyez s\u00fbr que vous \u00eates manipul\u00e9\u2026 La vraie science ne cherche pas \u00e0 cr\u00e9er de l\u2019\u00e9motion, elle cherche \u00e0 d\u00e9crire le r\u00e9el. Autre signe de populisme\u00a0: quand les gens sont trop s\u00fbrs d\u2019eux, comme <a href=\"https:\/\/www.vosgesmatin.fr\/p\/didier-raoult\" target=\"_blank\" rel=\"nofollow noopener\">Didier Raoult<\/a> qui, pendant <a href=\"https:\/\/www.estrepublicain.fr\/sante\/sante\" target=\"_blank\" rel=\"nofollow noopener\">le Covid,<\/a> prof\u00e9rait des v\u00e9rit\u00e9s forfaites dans une p\u00e9riode incertaine\u2026 Cela est contraire \u00e0 l\u2019esprit et la neutralit\u00e9 scientifiques.\u00a0\u00bb<\/p>\n<blockquote class=\"question\"><p>Regrettez-vous quelque chose de la p\u00e9riode Covid, que vous avez vu arriver la premi\u00e8re\u00a0?<\/p><\/blockquote>\n<p>\u00ab\u00a0Je me suis battue comme une malade pour faire prendre conscience aux scientifiques et au gouvernement de la gravit\u00e9 de la situation, sans succ\u00e8s. Ma voix portait moins\u2026 J\u2019ai beaucoup appris \u00e0 ce moment-l\u00e0. Notamment une chose\u00a0: d\u00e9sormais, je dirai toujours ce que je pense. Toujours.\u00a0\u00bb<\/p>\n","protected":false},"excerpt":{"rendered":"C\u2019est la deuxi\u00e8me ann\u00e9e que Nancy, fleuron des sciences, de la recherche et de la m\u00e9decine en France,&hellip;\n","protected":false},"author":2,"featured_media":149924,"comment_status":"","ping_status":"","sticky":false,"template":"","format":"standard","meta":{"footnotes":""},"categories":[9635],"tags":[1111,11,25367,1687,1057,436,1777,674,1011,27,775,1702,12,973,316,3456,25,71,767,104],"class_list":{"0":"post-149923","1":"post","2":"type-post","3":"status-publish","4":"format-standard","5":"has-post-thumbnail","7":"category-nancy","8":"tag-actu","9":"tag-actualites","10":"tag-covid-coronavirus","11":"tag-culture-loisirs","12":"tag-education","13":"tag-environnement","14":"tag-eu","15":"tag-europe","16":"tag-fr","17":"tag-france","18":"tag-grand-est","19":"tag-nancy","20":"tag-news","21":"tag-people","22":"tag-politique","23":"tag-region-lorraine","24":"tag-republique-francaise","25":"tag-sante","26":"tag-science-et-technologie","27":"tag-societe"},"share_on_mastodon":{"url":"https:\/\/pubeurope.com\/@fr\/114621634544374436","error":""},"_links":{"self":[{"href":"https:\/\/www.europesays.com\/fr\/wp-json\/wp\/v2\/posts\/149923","targetHints":{"allow":["GET"]}}],"collection":[{"href":"https:\/\/www.europesays.com\/fr\/wp-json\/wp\/v2\/posts"}],"about":[{"href":"https:\/\/www.europesays.com\/fr\/wp-json\/wp\/v2\/types\/post"}],"author":[{"embeddable":true,"href":"https:\/\/www.europesays.com\/fr\/wp-json\/wp\/v2\/users\/2"}],"replies":[{"embeddable":true,"href":"https:\/\/www.europesays.com\/fr\/wp-json\/wp\/v2\/comments?post=149923"}],"version-history":[{"count":0,"href":"https:\/\/www.europesays.com\/fr\/wp-json\/wp\/v2\/posts\/149923\/revisions"}],"wp:featuredmedia":[{"embeddable":true,"href":"https:\/\/www.europesays.com\/fr\/wp-json\/wp\/v2\/media\/149924"}],"wp:attachment":[{"href":"https:\/\/www.europesays.com\/fr\/wp-json\/wp\/v2\/media?parent=149923"}],"wp:term":[{"taxonomy":"category","embeddable":true,"href":"https:\/\/www.europesays.com\/fr\/wp-json\/wp\/v2\/categories?post=149923"},{"taxonomy":"post_tag","embeddable":true,"href":"https:\/\/www.europesays.com\/fr\/wp-json\/wp\/v2\/tags?post=149923"}],"curies":[{"name":"wp","href":"https:\/\/api.w.org\/{rel}","templated":true}]}}