{"id":149925,"date":"2025-06-03T21:48:46","date_gmt":"2025-06-03T21:48:46","guid":{"rendered":"https:\/\/www.europesays.com\/fr\/149925\/"},"modified":"2025-06-03T21:48:46","modified_gmt":"2025-06-03T21:48:46","slug":"brandon-bokangu-meilleur-joueur-davril-mai","status":"publish","type":"post","link":"https:\/\/www.europesays.com\/fr\/149925\/","title":{"rendered":"Brandon Bokangu meilleur joueur d\u2019avril-mai"},"content":{"rendered":"<p>                                                              <img data-twic-src=\"https:\/\/www.europesays.com\/fr\/wp-content\/uploads\/2025\/06\/f8628683e2ffa2485f1d2c0835b27408.png\" data-credit=\"Archives  \/ FFF\" title=\"Archives  \/ FFF\" alt=\"Brandon Bokangu joueur avril-mai National 2025\" class=\"block\"\/>                                        <\/p>\n<p style=\"font-weight: bold\">Champion du National 2024-2025 avec Nancy, Brandon Bokangu est aussi le dernier \u00e9lu \u00ab joueur du mois \u00bb du championnat cette saison. <\/p>\n<p>La saison 2024-2025 du National s\u2019ach\u00e8ve sur un dernier troph\u00e9e qui sera remis \u00e0 Brandon Bokangu, celui de \u00ab joueur du mois \u00bb d\u2019avril-mai. Le milieu de terrain de l\u2019AS Nancy Lorraine, sacr\u00e9 champion cette saison, a recueilli 38,10 % des suffrages pour succ\u00e9der \u00e0 son co\u00e9quipier Adrian Dabasse, couronn\u00e9 en mars 2025.\u00a0<\/p>\n<p>Brandon Bokangu devance l\u2019attaquant de l\u2019US Concarneau Stanislas Kielt (28,67 %) et le milieu de terrain d\u2019Aubagne FC Mabrouk Roua\u00ef (17,18 %). \u00c9galement en lice pour cette ultime r\u00e9compense de la saison, l\u2019attaquant de Quevilly Rouen M\u00e9tropole Yassin Fortun\u00e9 termine quatri\u00e8me (16,06 %).\u00a0<\/p>\n<p>Le palmar\u00e8s<\/p>\n<p class=\"light\"><strong>Saison 2024-2025<\/strong><\/p>\n<p class=\"light\"><strong>Saison 2023-2024<\/strong><\/p>\n<ul>\n<li class=\"light\">Avril 2024 : <strong>Cyriaque Iri\u00e9<\/strong> (Dijon FCO)<\/li>\n<li class=\"light\">Mars 2024 : <strong>Diawoye Diarra<\/strong> (Marignane Gignac C\u00f4te Bleue FC)<\/li>\n<li class=\"light\">F\u00e9vrier 2024 : <strong>Tyrone Tormin<\/strong> (Chamois Niortais FC)<\/li>\n<li class=\"light\">D\u00e9cembre 2023-janvier 2024 : <strong>Noah Fatar<\/strong> (FC Sochaux-Montb\u00e9liard)<\/li>\n<li class=\"light\">Novembre 2023 : <strong>Esteban Lepaul<\/strong> (SAS \u00c9pinal)<\/li>\n<li class=\"light\">Octobre 2023 : <strong>K\u00e9vin Hoggas<\/strong> (FC Sochaux-Montb\u00e9liard)<\/li>\n<li class=\"light\">Septembre 2023 : <strong>Mehdi Boussa\u00efd<\/strong> (Le Mans FC)<\/li>\n<li class=\"light\">Ao\u00fbt 2023 : <strong>Geoffray Durbant<\/strong> (LB de Ch\u00e2teauroux)<\/li>\n<\/ul>\n<p class=\"light\"><strong>Saison 2022-2023<\/strong><\/p>\n<ul>\n<li class=\"light\">Avril 2023 : <strong>Rayan Ghrieb<\/strong> (USL Dunkerque)<\/li>\n<li class=\"light\">Mars 2023 : <strong>Rayan Ghrieb<\/strong> (USL Dunkerque)<\/li>\n<li class=\"light\">F\u00e9vrier 2023 : <strong>Jeremain Lens<\/strong> (FC Versailles 78)<\/li>\n<li class=\"light\">Janvier 2023 : <strong>Hicham Benka\u00efd<\/strong> (Stade Briochin)<\/li>\n<li class=\"light\">D\u00e9cembre 2022 : <strong>Zakaria Fdaouch<\/strong> (FC Martigues)<\/li>\n<li class=\"light\">Novembre 2022 : <strong>Amine Hemia<\/strong> (FC Martigues)<\/li>\n<li class=\"light\">Octobre 2022 : <strong>Amine Boutrah<\/strong> (US Concarneau)<\/li>\n<li class=\"light\">Septembre 2022 : <strong>Armand Gnanduillet<\/strong> (Le Mans FC)<\/li>\n<li class=\"light\">Ao\u00fbt 2022 : <strong>Amine Boutrah<\/strong> (US Concarneau)<\/li>\n<\/ul>\n<p class=\"light\"><strong>Saison 2021-2022<\/strong><\/p>\n<ul>\n<li class=\"light\">Avril 2022 : <strong>Simon Elisor<\/strong> (FC Villefranche Beaujolais)<\/li>\n<li class=\"light\">Mars 2022 : <strong>Kader N&rsquo;Chobi<\/strong> (Stade Lavallois MFC)<\/li>\n<li class=\"light\">F\u00e9vrier 2022 : <strong>Alexandre Ramalingom<\/strong> (CS Sedan-Ardennes)<\/li>\n<li class=\"light\">Janvier 2022 : <strong>Julien Maggiotti<\/strong> (Stade Lavallois MFC)<\/li>\n<li class=\"light\">D\u00e9cembre 2021 : <strong>Bryan Goncalves<\/strong> (Stade Lavallois MFC)<\/li>\n<li class=\"light\">Novembre 2021 : <strong>Steve Solvet<\/strong> (FC S\u00e8te 34)<\/li>\n<li class=\"light\">Octobre 2021 : <strong>Fahd El Khoumisti<\/strong> (US Concarneau)<\/li>\n<li class=\"light\">Septembre 2021 : <strong>Geoffray Durbant<\/strong> (Stade Lavallois MFC)<\/li>\n<li class=\"light\">Ao\u00fbt 2021 : <strong>Fahd El Khoumisti<\/strong> (US Concarneau)<\/li>\n<\/ul>\n<p class=\"light\"><strong>Saison 2020-2021<\/strong><\/p>\n<ul>\n<li class=\"light\">Avril 2021 : <strong>Ottman Dadoune<\/strong> (Quevilly Rouen M\u00e9tropole)<\/li>\n<li class=\"light\">Mars 2021 : <strong>Tristan Boubaya<\/strong> (US Concarneau)<\/li>\n<li class=\"light\">F\u00e9vrier 2021 : <strong>Antony Robic<\/strong> (SC Bastia)<\/li>\n<li class=\"light\">Janvier 2021 : <strong>Wilson Isidor<\/strong> (FC Bastia Borgo)<\/li>\n<\/ul>\n","protected":false},"excerpt":{"rendered":"Champion du National 2024-2025 avec Nancy, Brandon Bokangu est aussi le dernier \u00e9lu \u00ab joueur du mois \u00bb&hellip;\n","protected":false},"author":2,"featured_media":149926,"comment_status":"","ping_status":"","sticky":false,"template":"","format":"standard","meta":{"footnotes":""},"categories":[9635],"tags":[1111,11,1777,674,85,1011,27,775,1702,12,25],"class_list":{"0":"post-149925","1":"post","2":"type-post","3":"status-publish","4":"format-standard","5":"has-post-thumbnail","7":"category-nancy","8":"tag-actu","9":"tag-actualites","10":"tag-eu","11":"tag-europe","12":"tag-fff","13":"tag-fr","14":"tag-france","15":"tag-grand-est","16":"tag-nancy","17":"tag-news","18":"tag-republique-francaise"},"share_on_mastodon":{"url":"https:\/\/pubeurope.com\/@fr\/114621642373898319","error":""},"_links":{"self":[{"href":"https:\/\/www.europesays.com\/fr\/wp-json\/wp\/v2\/posts\/149925","targetHints":{"allow":["GET"]}}],"collection":[{"href":"https:\/\/www.europesays.com\/fr\/wp-json\/wp\/v2\/posts"}],"about":[{"href":"https:\/\/www.europesays.com\/fr\/wp-json\/wp\/v2\/types\/post"}],"author":[{"embeddable":true,"href":"https:\/\/www.europesays.com\/fr\/wp-json\/wp\/v2\/users\/2"}],"replies":[{"embeddable":true,"href":"https:\/\/www.europesays.com\/fr\/wp-json\/wp\/v2\/comments?post=149925"}],"version-history":[{"count":0,"href":"https:\/\/www.europesays.com\/fr\/wp-json\/wp\/v2\/posts\/149925\/revisions"}],"wp:featuredmedia":[{"embeddable":true,"href":"https:\/\/www.europesays.com\/fr\/wp-json\/wp\/v2\/media\/149926"}],"wp:attachment":[{"href":"https:\/\/www.europesays.com\/fr\/wp-json\/wp\/v2\/media?parent=149925"}],"wp:term":[{"taxonomy":"category","embeddable":true,"href":"https:\/\/www.europesays.com\/fr\/wp-json\/wp\/v2\/categories?post=149925"},{"taxonomy":"post_tag","embeddable":true,"href":"https:\/\/www.europesays.com\/fr\/wp-json\/wp\/v2\/tags?post=149925"}],"curies":[{"name":"wp","href":"https:\/\/api.w.org\/{rel}","templated":true}]}}