{"id":149954,"date":"2025-06-03T22:09:18","date_gmt":"2025-06-03T22:09:18","guid":{"rendered":"https:\/\/www.europesays.com\/fr\/149954\/"},"modified":"2025-06-03T22:09:18","modified_gmt":"2025-06-03T22:09:18","slug":"un-siecle-de-liaisons-aeriennes-celebre-en-timbre-en-avant-premiere-a-toulouse-haute-garonne","status":"publish","type":"post","link":"https:\/\/www.europesays.com\/fr\/149954\/","title":{"rendered":"Un si\u00e8cle de liaisons a\u00e9riennes c\u00e9l\u00e9br\u00e9 en timbre\u00a0: en avant premi\u00e8re \u00e0 Toulouse &#8211; Haute Garonne"},"content":{"rendered":"<p>Une premi\u00e8re pour la Ville Rose. Le timbre comm\u00e9morant le si\u00e8cle de la liaison a\u00e9rienne Casablanca \u2013 Dakar sera propos\u00e9 en avant-premi\u00e8re le 30 mai au bureau de poste du Capitole, \u00e0 Toulouse, avant la Capitale parisienne. Le 2 juin 2025, La Poste \u00e9mettra un timbre et une mini-feuille de la s\u00e9rie \u00ab\u00a0Poste a\u00e9rienne\u00a0\u00bb pour c\u00e9l\u00e9brer le centenaire de la premi\u00e8re liaison a\u00e9rienne entre Casablanca et Dakar. Une vente en avant-premi\u00e8re se tiendra le vendredi 30 mai, de 9h \u00e0 17h, au bureau de poste du Capitole. La premi\u00e8re connexion entre Casablanca et Dakar a eu lieu le 1er juin 1925. Les rep\u00e9rages avaient \u00e9t\u00e9 finalis\u00e9s en mars de la m\u00eame ann\u00e9e. Cinq a\u00e9rodromes avaient \u00e9t\u00e9 am\u00e9nag\u00e9s sur un parcours de 2 760 km. Sur ce timbre est appliqu\u00e9e une encre de haute s\u00e9curit\u00e9 \u00e0 fluorescence blanche, visible uniquement avec une lampe UV. Cela rend difficile sa reproduction et participe \u00e0 la lutte contre la fraude. \u00ab\u00a0Je suis fier de voir na\u00eetre ce premier timbre philat\u00e9lique s\u00e9curis\u00e9 by design contre la fraude : une d\u00e9monstration concr\u00e8te que l\u2019innovation permet de red\u00e9finir les standards de s\u00e9curit\u00e9.\u00a0\u00bb d\u00e9clare le pr\u00e9sident et fondateur de Crime Science Technology (C.S.T), entreprise qui permet de s\u00e9curiser les documents d\u2019identit\u00e9. La feuille de 12 timbres sera vendue au prix de 10,80 euros, avec un tirage de 200 000 exemplaires. La mini-feuille, elle, sera propos\u00e9e au prix de 108 euros, limit\u00e9e \u00e0 seulement 18 000 exemplaires.<\/p>\n<p class=\"signature\" itemscope=\"\" itemprop=\"Author\" itemtype=\"http:\/\/schema.org\/Person\">\n                LD31\n            <\/p>\n","protected":false},"excerpt":{"rendered":"Une premi\u00e8re pour la Ville Rose. Le timbre comm\u00e9morant le si\u00e8cle de la liaison a\u00e9rienne Casablanca \u2013 Dakar&hellip;\n","protected":false},"author":2,"featured_media":23669,"comment_status":"","ping_status":"","sticky":false,"template":"","format":"standard","meta":{"footnotes":""},"categories":[2816],"tags":[1111,11,1777,674,1011,27,23720,12,2680,25,2312],"class_list":{"0":"post-149954","1":"post","2":"type-post","3":"status-publish","4":"format-standard","5":"has-post-thumbnail","7":"category-toulouse","8":"tag-actu","9":"tag-actualites","10":"tag-eu","11":"tag-europe","12":"tag-fr","13":"tag-france","14":"tag-internet-seulement","15":"tag-news","16":"tag-occitanie","17":"tag-republique-francaise","18":"tag-toulouse"},"share_on_mastodon":{"url":"https:\/\/pubeurope.com\/@fr\/114621721053317250","error":""},"_links":{"self":[{"href":"https:\/\/www.europesays.com\/fr\/wp-json\/wp\/v2\/posts\/149954","targetHints":{"allow":["GET"]}}],"collection":[{"href":"https:\/\/www.europesays.com\/fr\/wp-json\/wp\/v2\/posts"}],"about":[{"href":"https:\/\/www.europesays.com\/fr\/wp-json\/wp\/v2\/types\/post"}],"author":[{"embeddable":true,"href":"https:\/\/www.europesays.com\/fr\/wp-json\/wp\/v2\/users\/2"}],"replies":[{"embeddable":true,"href":"https:\/\/www.europesays.com\/fr\/wp-json\/wp\/v2\/comments?post=149954"}],"version-history":[{"count":0,"href":"https:\/\/www.europesays.com\/fr\/wp-json\/wp\/v2\/posts\/149954\/revisions"}],"wp:featuredmedia":[{"embeddable":true,"href":"https:\/\/www.europesays.com\/fr\/wp-json\/wp\/v2\/media\/23669"}],"wp:attachment":[{"href":"https:\/\/www.europesays.com\/fr\/wp-json\/wp\/v2\/media?parent=149954"}],"wp:term":[{"taxonomy":"category","embeddable":true,"href":"https:\/\/www.europesays.com\/fr\/wp-json\/wp\/v2\/categories?post=149954"},{"taxonomy":"post_tag","embeddable":true,"href":"https:\/\/www.europesays.com\/fr\/wp-json\/wp\/v2\/tags?post=149954"}],"curies":[{"name":"wp","href":"https:\/\/api.w.org\/{rel}","templated":true}]}}