{"id":149955,"date":"2025-06-03T22:10:09","date_gmt":"2025-06-03T22:10:09","guid":{"rendered":"https:\/\/www.europesays.com\/fr\/149955\/"},"modified":"2025-06-03T22:10:09","modified_gmt":"2025-06-03T22:10:09","slug":"jinjer-en-concert-a-paris-lyon-et-a-toulouse-en-fevrier-2026-news-rockurlife","status":"publish","type":"post","link":"https:\/\/www.europesays.com\/fr\/149955\/","title":{"rendered":"Jinjer : en concert \u00e0 Paris, Lyon et \u00e0 Toulouse en f\u00e9vrier 2026 ! &#8211; News &#8211; RockUrLife"},"content":{"rendered":"<p>Apr\u00e8s plus de six ans d\u2019absence sur le Vieux Continent, <strong>Jinjer<\/strong> annonce une ambitieuse tourn\u00e9e europ\u00e9enne en 2026, marqu\u00e9e par trois passages tr\u00e8s attendus en <strong>France<\/strong> ! Une annonce qui confirme la place du quatuor parmi les fers de lance du metal international et une excellente nouvelle pour les fans qui n\u2019ont cess\u00e9 de r\u00e9clamer leur retour sur sc\u00e8ne !<\/p>\n<p>Depuis ses d\u00e9buts dans l\u2019underground ukrainien, <strong>Jinjer<\/strong> s\u2019est impos\u00e9 comme l\u2019une des formations les plus singuli\u00e8res et avant-gardistes de la sc\u00e8ne metal moderne. Entre groove progressif, technique chirurgicale et puissance brute, le groupe port\u00e9 par la charismatique <strong>Tatiana Shmayluk<\/strong> n\u2019a cess\u00e9 de repousser les fronti\u00e8res du genre. Le dernier album, <strong>Du\u00e9l<\/strong>, s\u2019est imm\u00e9diatement impos\u00e9 comme leur \u0153uvre la plus ambitieuse \u00e0 ce jour, port\u00e9 par des titres \u00e0 l\u2019intensit\u00e9 rare et des clips cumulant plusieurs millions de vues.<\/p>\n<p>Avec plus de 250 millions de streams et de vues au compteur, des titres viraux comme \u201cPisces\u201d, et des albums salu\u00e9s pour leur inventivit\u00e9 (de <strong>Macro<\/strong> \u00e0 <strong>Wallflowers<\/strong>), <strong>Jinjer<\/strong> s\u2019est hiss\u00e9 tout en haut des charts : num\u00e9ro 2 des albums heavy aux <strong>\u00c9tats-Unis<\/strong>, 6e des albums rock actuels outre-Atlantique, 2e des albums heavy au <strong>Canada<\/strong>, 3e des ventes metal en <strong>France<\/strong>, 7e au <strong>Royaume-Uni<\/strong>\u2026 Un parcours impressionnant qui t\u00e9moigne d\u2019une popularit\u00e9 toujours grandissante.<\/p>\n<p>Jamais l\u00e0 o\u00f9 on les attend, les Ukrainiens ont pass\u00e9 2024 sur la route avec <strong>Sepultura<\/strong> lors de la tourn\u00e9e mondiale d\u2019adieu du groupe br\u00e9silien, avant de retourner secouer les sc\u00e8nes d\u2019<strong>Asie<\/strong> et d\u2019<strong>Australie<\/strong> d\u00e9but 2025. L\u2019\u00e9t\u00e9 prochain les verra conqu\u00e9rir l\u2019<strong>Am\u00e9rique du Nord<\/strong> en premi\u00e8re partie de <strong>BABYMETAL<\/strong>, tout en encha\u00eenant les plus grands festivals europ\u00e9ens : <strong><a href=\"https:\/\/www.rockurlife.net\/news\/hellfest-2025-les-premiers-noms\/\" target=\"_blank\" rel=\"noopener\">Hellfest<\/a><\/strong>, <strong>Graspop<\/strong>, <strong>Download<\/strong>, <strong>Resurrection Fest<\/strong>, <strong>Sweden Rock<\/strong>, <strong>Rock Am Ring<\/strong>, <strong>Nova Rock<\/strong>\u2026 Une omnipr\u00e9sence sur les sc\u00e8nes majeures qui ne fait que renforcer leur statut d\u2019incontournable du circuit international.<\/p>\n<p>Mais le moment que tous les fans attendaient arrivera d\u00e9but 2026 : <strong>Jinjer<\/strong> repartira en t\u00eate d\u2019affiche \u00e0 travers <strong>l\u2019Europe<\/strong> pour une tourn\u00e9e \u00e9v\u00e9nement de 17 dates, avec un passage remarqu\u00e9 en <strong>France<\/strong> : le <strong>2 f\u00e9vrier \u00e0 l\u2019Olympia (Paris)<\/strong>, le <strong>3 f\u00e9vrier au Transbordeur (Lyon)<\/strong> et le <strong>4 f\u00e9vrier 2026 au Bikini (Toulouse)<\/strong>.<\/p>\n<p>L\u2019occasion r\u00eav\u00e9e de d\u00e9couvrir en live toute la puissance de <strong>Du\u00e9l<\/strong> et la furie d\u2019un groupe qui, au fil des ans, s\u2019est impos\u00e9 comme l\u2019un des plus explosifs de la sc\u00e8ne metal. Cette tourn\u00e9e s\u2019annonce comme un moment historique, tant pour <strong>Jinjer<\/strong> que pour ses fans, qui attendent cette nouvelle communion depuis la derni\u00e8re tourn\u00e9e europ\u00e9enne en 2019.<\/p>\n<p>Les billets sont d\u2019ores et d\u00e9j\u00e0 disponibles en pr\u00e9vente et risquent de s\u2019arracher \u00e0 grande vitesse. Rendez-vous ici pour r\u00e9server votre place et ne rien manquer de ce retour monumental.<\/p>\n<p><strong>Du\u00e9l<\/strong>, le dernier album de <strong>Jinjer<\/strong>, est disponible partout et n\u2019attend que d\u2019\u00eatre v\u00e9cu sur sc\u00e8ne.<br \/>Pr\u00e9parez-vous : le metal moderne ukrainien va une fois de plus frapper tr\u00e8s fort.<\/p>\n<p><img loading=\"lazy\" decoding=\"async\" width=\"683\" height=\"1024\" src=\"https:\/\/www.europesays.com\/fr\/wp-content\/uploads\/2025\/06\/499789280_1554760785932086_4127257951791732816_n-683x1024.jpg\" alt=\"\" class=\"wp-image-222936\"\/><\/p>\n","protected":false},"excerpt":{"rendered":"Apr\u00e8s plus de six ans d\u2019absence sur le Vieux Continent, Jinjer annonce une ambitieuse tourn\u00e9e europ\u00e9enne en 2026,&hellip;\n","protected":false},"author":2,"featured_media":149956,"comment_status":"","ping_status":"","sticky":false,"template":"","format":"standard","meta":{"footnotes":""},"categories":[2816],"tags":[1111,11,27939,1777,674,1011,27,27940,2428,12,2680,15955,626,25,2312,27941],"class_list":{"0":"post-149955","1":"post","2":"type-post","3":"status-publish","4":"format-standard","5":"has-post-thumbnail","7":"category-toulouse","8":"tag-actu","9":"tag-actualites","10":"tag-bikini","11":"tag-eu","12":"tag-europe","13":"tag-fr","14":"tag-france","15":"tag-jinjer","16":"tag-lyon","17":"tag-news","18":"tag-occitanie","19":"tag-olympia","20":"tag-paris","21":"tag-republique-francaise","22":"tag-toulouse","23":"tag-transbordeur"},"share_on_mastodon":{"url":"https:\/\/pubeurope.com\/@fr\/114621725029113720","error":""},"_links":{"self":[{"href":"https:\/\/www.europesays.com\/fr\/wp-json\/wp\/v2\/posts\/149955","targetHints":{"allow":["GET"]}}],"collection":[{"href":"https:\/\/www.europesays.com\/fr\/wp-json\/wp\/v2\/posts"}],"about":[{"href":"https:\/\/www.europesays.com\/fr\/wp-json\/wp\/v2\/types\/post"}],"author":[{"embeddable":true,"href":"https:\/\/www.europesays.com\/fr\/wp-json\/wp\/v2\/users\/2"}],"replies":[{"embeddable":true,"href":"https:\/\/www.europesays.com\/fr\/wp-json\/wp\/v2\/comments?post=149955"}],"version-history":[{"count":0,"href":"https:\/\/www.europesays.com\/fr\/wp-json\/wp\/v2\/posts\/149955\/revisions"}],"wp:featuredmedia":[{"embeddable":true,"href":"https:\/\/www.europesays.com\/fr\/wp-json\/wp\/v2\/media\/149956"}],"wp:attachment":[{"href":"https:\/\/www.europesays.com\/fr\/wp-json\/wp\/v2\/media?parent=149955"}],"wp:term":[{"taxonomy":"category","embeddable":true,"href":"https:\/\/www.europesays.com\/fr\/wp-json\/wp\/v2\/categories?post=149955"},{"taxonomy":"post_tag","embeddable":true,"href":"https:\/\/www.europesays.com\/fr\/wp-json\/wp\/v2\/tags?post=149955"}],"curies":[{"name":"wp","href":"https:\/\/api.w.org\/{rel}","templated":true}]}}