{"id":149967,"date":"2025-06-03T22:16:14","date_gmt":"2025-06-03T22:16:14","guid":{"rendered":"https:\/\/www.europesays.com\/fr\/149967\/"},"modified":"2025-06-03T22:16:14","modified_gmt":"2025-06-03T22:16:14","slug":"enquete-ouverte-apres-un-coran-vole-et-brule-dans-une-mosquee-le-suspect-en-fuite","status":"publish","type":"post","link":"https:\/\/www.europesays.com\/fr\/149967\/","title":{"rendered":"Enqu\u00eate ouverte apr\u00e8s un coran vol\u00e9 et br\u00fbl\u00e9 dans une mosqu\u00e9e, le suspect en fuite"},"content":{"rendered":"<p>AFP Videos &#8211; France<\/p>\n<p><a class=\"Td(n) C($inherit) LineClamp(2,45px) D(f) rapidnofollow\" data-uuid=\"57504cbd-83db-35e7-b09c-1f6af2212f35\" href=\"https:\/\/fr.news.yahoo.com\/guerre-commerciale-trump-va-fragiliser-094135816.html\" data-ylk=\"elm:hdln;itc:0;pos:1;sec:strm;subsec:moreforyou;cpos:1;ct:video;g:57504cbd-83db-35e7-b09c-1f6af2212f35\" data-hosted-type=\"HOSTED\" target=\"_blank\" rel=\"noopener\">La guerre commerciale de Trump va fragiliser la croissance mondiale, avertit l&rsquo;OCDE<\/a><\/p>\n<p class=\"M(0) C($summaryColor) Fz(14px) Lh(1.43em) LineClamp(3,60px)\">Les surtaxes douani\u00e8res impos\u00e9es par Donald Trump \u00e0 ses partenaires vont fortement peser sur l&rsquo;activit\u00e9 \u00e9conomique \u00e0 travers la plan\u00e8te, avertit l&rsquo;OCDE qui se montre plus pessimiste sur la croissance dans le monde en particulier aux Etats-Unis.\u00a0\u00bbL&rsquo;environnement \u00e9conomique mondial est devenu beaucoup plus difficile\u00a0\u00bb, a reconnu mardi le secr\u00e9taire g\u00e9n\u00e9ral de l&rsquo;Organisation de coop\u00e9ration et de d\u00e9veloppement \u00e9conomiques Mathias Cormann au cours d&rsquo;une conf\u00e9rence de presse au si\u00e8ge de l&rsquo;institution \u00e0 Paris, citant la nouvelle donne des droits de douane.Du fait de la politique commerciale am\u00e9ricaine, \u00ab\u00a0nous avons revu en baisse la croissance de quasiment chaque \u00e9conomie dans le monde\u00a0\u00bb, a indiqu\u00e9 \u00e0 l&rsquo;AFP l&rsquo;\u00e9conomiste en chef de l&rsquo;institution, Alvaro Pereira.\u00a0\u00bbLe commerce est affect\u00e9, en particulier la consommation et l&rsquo;investissement\u00a0\u00bb, a poursuivi l&rsquo;\u00e9conomiste lors d&rsquo;un entretien lundi, \u00e0 la veille de la publication des pr\u00e9visions \u00e9conomiques de l&rsquo;OCDE.Cette organisation, qui rassemble 38 pays d\u00e9velopp\u00e9s, tient une r\u00e9union minist\u00e9rielle mardi et mercredi \u00e0 Paris. Des discussions entre n\u00e9gociateurs am\u00e9ricains et europ\u00e9ens sur les droits de douane doivent aussi avoir lieu en marge de cette rencontre, ainsi qu&rsquo;un G7 centr\u00e9 sur le commerce.Face aux droits de douane, \u00ab\u00a0la meilleure option c&rsquo;est +asseyez-vous, passez un accord et tout le monde s&rsquo;en portera mieux+\u00a0\u00bb, a exhort\u00e9 Alvaro Pereira, en direction des pays touch\u00e9s par ces sanctions am\u00e9ricaines.A peine revenu \u00e0 la Maison Blanche, en janvier, le pr\u00e9sident am\u00e9ricain a lanc\u00e9 un bigbang douanier.Cela a cr\u00e9\u00e9 un climat d&rsquo;incertitude pour les entreprises en raison de ses annonces, alternant pauses mais aussi brutaux durcissements, \u00e0 l&rsquo;instar de sa d\u00e9cision vendredi d&rsquo;un doublement de la surtaxe sur l&rsquo;acier et l&rsquo;aluminium \u00e0 50% d\u00e8s\u00a0mercredi.- Dynamisme r\u00e9volu -L&rsquo;activit\u00e9 \u00e9conomique avait profit\u00e9 d&rsquo;un effet Trump \u00ab\u00a0\u00e0 la fin de 2024 et au premier trimestre de 2025\u00a0\u00bb en raison du d\u00e9sir des entreprises de reconstituer des stocks avant que le couperet des droits de douane ne tombe, indique l&rsquo;OCDE.\u00a0\u00ab\u00a0N\u00e9anmoins, certains signes apparaissent annon\u00e7ant une d\u00e9gradation de ces r\u00e9sultats\u00a0\u00bb, s&rsquo;alarme l&rsquo;institution, en citant le plongeon des prix du transport maritime par conteneurs entre Shanghai et les Etats-Unis, cons\u00e9quence directe du bras de fer entre P\u00e9kin et Washington, adouci par la conclusion d&rsquo;un accord en avril.La crainte est d&rsquo;autant plus grande que \u00ab\u00a0les \u00c9tats\u2011Unis constituent un march\u00e9 d&rsquo;exportation important pour un certain nombre de pays\u00a0\u00bb, d\u00e9veloppe l&rsquo;institution parisienne: \u00ab\u00a0environ 75% des exportations de biens du Mexique et du Canada, 19% pour le Japon, 13% pour la Chine, et 10% pour l&rsquo;Allemagne\u00a0\u00bb.\u00a0Le taux effectif des droits de douane am\u00e9ricains sur les marchandises import\u00e9es est pass\u00e9 en mai selon l&rsquo;OCDE de 2% \u00e0 15,4%, \u00ab\u00a0le niveau le plus \u00e9lev\u00e9 observ\u00e9 depuis 1938\u00a0\u00bb.- L&rsquo;Am\u00e9rique souffre -La croissance mondiale va souffrir, attendue \u00e0 2,9% cette ann\u00e9e et l&rsquo;an prochain, en baisse respectivement de 0,2 et 0,1 point de pourcentage par rapport aux pr\u00e9c\u00e9dentes estimations publi\u00e9es par l&rsquo;OCDE en mars.Il s&rsquo;agirait de la plus faible progression annuelle depuis la pand\u00e9mie de Covid-19.La croissance am\u00e9ricaine va \u00ab\u00a0nettement ralentir\u00a0\u00bb, pr\u00e9voit l&rsquo;OCDE: le produit int\u00e9rieur brut (PIB) devrait progresser en 2025 de 1,6% contre 2,2% anticip\u00e9 en mars. La baisse est plus modeste pour 2026 avec une croissance attendue \u00e0 1,5% contre 1,6% pr\u00e9vu en mars.Outre la guerre commerciale, \u00ab\u00a0une nouvelle contraction de l&rsquo;immigration nette et une r\u00e9duction du nombre de fonctionnaires du gouvernement f\u00e9d\u00e9ral devraient affaiblir la croissance\u00a0\u00bb am\u00e9ricaine, poursuit l&rsquo;OCDE en r\u00e9f\u00e9rence \u00e0 la politique appliqu\u00e9e par Donald Trump.\u00a0\u00bbGr\u00e2ce aux droits de douane, notre \u00e9conomie est EN PLEIN ESSOR\u00a0\u00bb, s&rsquo;est pourtant vant\u00e9 sur son r\u00e9seau Truth Social le pr\u00e9sident am\u00e9ricain mardi peu avant la pr\u00e9sentation des pr\u00e9visions de l&rsquo;organisation internationale.L&rsquo;inflation aux Etats-Unis devrait par ailleurs rester \u00e0 un niveau \u00e9lev\u00e9, ajoute l&rsquo;OCDE qui pr\u00e9voit 3,2% cette ann\u00e9e et 2,8% l&rsquo;an prochain, soit environ un point de plus qu&rsquo;en zone euro, l\u00e0 encore \u00e0 cause des droits de douane.Vis\u00e9e par les assauts de Trump, la zone euro n&rsquo;a pas fait l&rsquo;objet d&rsquo;une nouvelle baisse de sa pr\u00e9vision de croissance comme en mars, l&rsquo;OCDE pr\u00e9voyant 1% de progression du PIB cette ann\u00e9e malgr\u00e9 un pessimisme plus grand pour la France qui passerait de 0,8% \u00e0 0,6%.alb-lth\/abb\/spi<\/p>\n","protected":false},"excerpt":{"rendered":"AFP Videos &#8211; France La guerre commerciale de Trump va fragiliser la croissance mondiale, avertit l&rsquo;OCDE Les surtaxes&hellip;\n","protected":false},"author":2,"featured_media":149968,"comment_status":"","ping_status":"","sticky":false,"template":"","format":"standard","meta":{"footnotes":""},"categories":[1889],"tags":[1111,11,2430,1777,674,1011,27,27942,16780,3371,2428,12,25],"class_list":{"0":"post-149967","1":"post","2":"type-post","3":"status-publish","4":"format-standard","5":"has-post-thumbnail","7":"category-lyon","8":"tag-actu","9":"tag-actualites","10":"tag-auvergne-rhone-alpes","11":"tag-eu","12":"tag-europe","13":"tag-fr","14":"tag-france","15":"tag-grande-mosquee-de-lyon","16":"tag-la-mosquee","17":"tag-la-police","18":"tag-lyon","19":"tag-news","20":"tag-republique-francaise"},"share_on_mastodon":{"url":"https:\/\/pubeurope.com\/@fr\/114621748541802990","error":""},"_links":{"self":[{"href":"https:\/\/www.europesays.com\/fr\/wp-json\/wp\/v2\/posts\/149967","targetHints":{"allow":["GET"]}}],"collection":[{"href":"https:\/\/www.europesays.com\/fr\/wp-json\/wp\/v2\/posts"}],"about":[{"href":"https:\/\/www.europesays.com\/fr\/wp-json\/wp\/v2\/types\/post"}],"author":[{"embeddable":true,"href":"https:\/\/www.europesays.com\/fr\/wp-json\/wp\/v2\/users\/2"}],"replies":[{"embeddable":true,"href":"https:\/\/www.europesays.com\/fr\/wp-json\/wp\/v2\/comments?post=149967"}],"version-history":[{"count":0,"href":"https:\/\/www.europesays.com\/fr\/wp-json\/wp\/v2\/posts\/149967\/revisions"}],"wp:featuredmedia":[{"embeddable":true,"href":"https:\/\/www.europesays.com\/fr\/wp-json\/wp\/v2\/media\/149968"}],"wp:attachment":[{"href":"https:\/\/www.europesays.com\/fr\/wp-json\/wp\/v2\/media?parent=149967"}],"wp:term":[{"taxonomy":"category","embeddable":true,"href":"https:\/\/www.europesays.com\/fr\/wp-json\/wp\/v2\/categories?post=149967"},{"taxonomy":"post_tag","embeddable":true,"href":"https:\/\/www.europesays.com\/fr\/wp-json\/wp\/v2\/tags?post=149967"}],"curies":[{"name":"wp","href":"https:\/\/api.w.org\/{rel}","templated":true}]}}