{"id":149977,"date":"2025-06-03T22:21:10","date_gmt":"2025-06-03T22:21:10","guid":{"rendered":"https:\/\/www.europesays.com\/fr\/149977\/"},"modified":"2025-06-03T22:21:10","modified_gmt":"2025-06-03T22:21:10","slug":"pourquoi-un-leger-voile-de-fumee-est-il-visible-dans-le-ciel-de-paris","status":"publish","type":"post","link":"https:\/\/www.europesays.com\/fr\/149977\/","title":{"rendered":"Pourquoi un l\u00e9ger voile de fum\u00e9e est-il visible dans le ciel de Paris ?"},"content":{"rendered":"<p class=\"paragraph text_align_left\">C\u2019est un ph\u00e9nom\u00e8ne assez rare que les Parisiens ont pu observer de leurs propres yeux. Un l\u00e9ger voile de fum\u00e9e, <a href=\"https:\/\/www.leparisien.fr\/meteo\/incendies-au-canada-les-fumees-bientot-visibles-en-france-a-quoi-sattendre-dans-les-prochains-jours-03-06-2025-7D5LDQJ3QVHZLCEL4Y4ENNMYUA.php\" target=\"_blank\" rel=\"noreferrer nofollow noopener\">issu des importants incendies survenus au Canada au mois de mai<\/a>, s\u2019est install\u00e9 au-dessus de la capitale en fin d\u2019apr\u00e8s-midi. Il \u00e9tait n\u00e9anmoins assez \u00e9pais pour camoufler le soleil, pourtant relativement \u00e9pargn\u00e9 par les nuages ce mardi. <\/p>\n<p class=\"paragraph text_align_left\">\u00ab \u00c0 Paris le satellite ne d\u00e9tecte qu\u2019un l\u00e9ger voile de nuages \u00e9lev\u00e9s, et pourtant le soleil a fini par dispara\u00eetre presque totalement sous le panache de fum\u00e9es li\u00e9es aux incendies canadiens qui ont eu lieu il y a plus d\u2019une semaine \u00bb, note son sur compte X le m\u00e9t\u00e9orologue Guillaume S\u00e9chet. <\/p>\n<p class=\"paragraph text_align_left\">Ce recouvrement du ciel parisien \u00e9tait attendu. Pr\u00e8s de 200 000 hectares de for\u00eats <a href=\"https:\/\/www.leparisien.fr\/meteo\/canada-une-centaine-de-feux-de-foret-17-000-personnes-evacuees-les-images-des-violents-incendies-en-cours-29-05-2025-NUEDYI3VONCAXJP2R5KILXR6IU.php\" rel=\"nofollow noopener\" target=\"_blank\">sont partis en fum\u00e9e<\/a> au cours du mois de mai au Canada, et des panaches de fum\u00e9e ont travers\u00e9 l\u2019Atlantique. Certains d\u2019entre eux \u00e9taient visible depuis la France d\u00e8s dimanche, comme \u00e0 Cornill\u00e9, dans l\u2019Ille-et-Vilaine.<\/p>\n<p>\u00ab Pas d\u2019impact significatif sur la qualit\u00e9 de l\u2019air en surface \u00bb<\/p>\n<p class=\"paragraph text_align_left\">Le service Copernicus pour la surveillance de la qualit\u00e9 de l\u2019air (CAMS) avait annonc\u00e9 qu\u2019une forte concentration de monoxyde de carbone devait survoler mardi le nord-ouest de la France, dont le Bassin parisien.<\/p>\n<p class=\"paragraph text_align_left\">En Europe, \u00ab le transport de fum\u00e9e pr\u00e9vu ne devrait pas avoir d\u2019impact significatif sur la qualit\u00e9 de l\u2019air en surface, car de tels \u00e9pisodes ont tendance \u00e0 se produire \u00e0 haute altitude \u00bb, souligne Copernicus. \u00ab Les effets typiques de ces \u00e9pisodes se manifestent par un ciel plus brumeux avec des couchers de soleil rouge\/orange \u00bb, ajoute l\u2019observatoire.<\/p>\n<p class=\"paragraph text_align_left\">Le Manitoba, \u00c9tat du centre du Canada qui connait son pire d\u00e9but de saison des feux depuis des ann\u00e9es en raison de la s\u00e9cheresse, et la Saskatchewan (ouest) <a href=\"https:\/\/www.leparisien.fr\/meteo\/canada-une-centaine-de-feux-de-foret-17-000-personnes-evacuees-les-images-des-violents-incendies-en-cours-29-05-2025-NUEDYI3VONCAXJP2R5KILXR6IU.php\" target=\"_blank\" rel=\"noreferrer nofollow noopener\">ont d\u00e9clar\u00e9 fin mai l\u2019\u00e9tat d\u2019urgence et \u00e9vacu\u00e9 des milliers d\u2019habitants<\/a>.<\/p>\n<p>La saison des feux pourrait \u00eatre \u00ab au-dessus de la normale \u00bb<\/p>\n<p class=\"paragraph text_align_left\">\u00ab Jusqu\u2019au d\u00e9but juin, nos donn\u00e9es montrent que les r\u00e9gions centrales du Canada ont connu quelques semaines tr\u00e8s intenses en termes d\u2019\u00e9missions de gaz \u00e0 effet de serre \u00bb, a d\u00e9clar\u00e9 Mark Parrington, directeur scientifique au CAMS.<\/p>\n<p class=\"paragraph text_align_left\">Selon les pr\u00e9visions des autorit\u00e9s canadiennes, la saison des feux pourrait \u00eatre \u00ab au-dessus de la normale \u00bb dans le centre et l\u2019ouest du Canada en juin et juillet, et \u00ab bien au-dessus de la moyenne \u00bb en ao\u00fbt, notamment en raison de la s\u00e9cheresse grave ou extr\u00eame qui s\u00e9vit dans plusieurs endroits.<\/p>\n<p class=\"paragraph text_align_left\">Dans le reste du monde, note Copernicus, \u00ab de vastes feux de for\u00eat font rage dans le district f\u00e9d\u00e9ral extr\u00eame-oriental de la Russie depuis d\u00e9but avril \u00bb, en particulier \u00e0 l\u2019est du lac Ba\u00efkal, ayant provoqu\u00e9 les \u00e9missions d\u2019\u00ab environ 35 m\u00e9gatonnes de carbone \u00bb dans l\u2019atmosph\u00e8re depuis d\u00e9but avril.<\/p>\n","protected":false},"excerpt":{"rendered":"C\u2019est un ph\u00e9nom\u00e8ne assez rare que les Parisiens ont pu observer de leurs propres yeux. Un l\u00e9ger voile&hellip;\n","protected":false},"author":2,"featured_media":149978,"comment_status":"","ping_status":"","sticky":false,"template":"","format":"standard","meta":{"footnotes":""},"categories":[1888],"tags":[11,1777,674,1011,27,2487,12,626,25],"class_list":{"0":"post-149977","1":"post","2":"type-post","3":"status-publish","4":"format-standard","5":"has-post-thumbnail","7":"category-paris","8":"tag-actualites","9":"tag-eu","10":"tag-europe","11":"tag-fr","12":"tag-france","13":"tag-meteo","14":"tag-news","15":"tag-paris","16":"tag-republique-francaise"},"share_on_mastodon":{"url":"https:\/\/pubeurope.com\/@fr\/114621768233938255","error":""},"_links":{"self":[{"href":"https:\/\/www.europesays.com\/fr\/wp-json\/wp\/v2\/posts\/149977","targetHints":{"allow":["GET"]}}],"collection":[{"href":"https:\/\/www.europesays.com\/fr\/wp-json\/wp\/v2\/posts"}],"about":[{"href":"https:\/\/www.europesays.com\/fr\/wp-json\/wp\/v2\/types\/post"}],"author":[{"embeddable":true,"href":"https:\/\/www.europesays.com\/fr\/wp-json\/wp\/v2\/users\/2"}],"replies":[{"embeddable":true,"href":"https:\/\/www.europesays.com\/fr\/wp-json\/wp\/v2\/comments?post=149977"}],"version-history":[{"count":0,"href":"https:\/\/www.europesays.com\/fr\/wp-json\/wp\/v2\/posts\/149977\/revisions"}],"wp:featuredmedia":[{"embeddable":true,"href":"https:\/\/www.europesays.com\/fr\/wp-json\/wp\/v2\/media\/149978"}],"wp:attachment":[{"href":"https:\/\/www.europesays.com\/fr\/wp-json\/wp\/v2\/media?parent=149977"}],"wp:term":[{"taxonomy":"category","embeddable":true,"href":"https:\/\/www.europesays.com\/fr\/wp-json\/wp\/v2\/categories?post=149977"},{"taxonomy":"post_tag","embeddable":true,"href":"https:\/\/www.europesays.com\/fr\/wp-json\/wp\/v2\/tags?post=149977"}],"curies":[{"name":"wp","href":"https:\/\/api.w.org\/{rel}","templated":true}]}}