{"id":149983,"date":"2025-06-03T22:24:11","date_gmt":"2025-06-03T22:24:11","guid":{"rendered":"https:\/\/www.europesays.com\/fr\/149983\/"},"modified":"2025-06-03T22:24:11","modified_gmt":"2025-06-03T22:24:11","slug":"giorgia-meloni-recoit-emmanuel-macron-a-rome-lukraine-au-coeur-des-discussions","status":"publish","type":"post","link":"https:\/\/www.europesays.com\/fr\/149983\/","title":{"rendered":"Giorgia Meloni re\u00e7oit Emmanuel Macron \u00e0 Rome : l&rsquo;Ukraine au c\u0153ur des discussions"},"content":{"rendered":"<p><img decoding=\"async\" class=\"c-ad__placeholder__logo\" src=\"https:\/\/www.europesays.com\/fr\/wp-content\/uploads\/2025\/03\/logo-euronews-grey-6-180x22.svg.svg+xml\" width=\"180\" height=\"22\" alt=\"\" loading=\"lazy\"\/>PUBLICIT\u00c9<\/p>\n<p>Le pr\u00e9sident fran\u00e7ais Emmanuel Macron a \u00e9t\u00e9 accueilli avec les honneurs mardi apr\u00e8s-midi \u00e0 Rome par la Premi\u00e8re ministre italienne Giorgia Meloni, apr\u00e8s des semaines de tensions entre les deux pays, notamment sur l&rsquo;Ukraine.<\/p>\n<p>Le chef de l&rsquo;\u00c9tat estime qu&rsquo;il s&rsquo;agit d&rsquo;une visite \u00ab\u00a0importante\u00a0\u00bb, pour \u00ab\u00a0avancer ensemble\u00a0\u00bb sur diff\u00e9rents sujets, des guerres en Ukraine et \u00e0 Gaza aux relations au sein de l&rsquo;UE et avec les \u00c9tats-Unis.<\/p>\n<p>\u00ab\u00a0Giorgia Meloni fait partie du format collectif de la Coalition des volontaires. Elle \u00e9tait pr\u00e9sente dans les r\u00e9unions \u00e0 Paris et \u00e0 Londres, l&rsquo;Italie est un partenaire important\u00a0\u00bb, a annonc\u00e9 l&rsquo;Elys\u00e9e lundi.<\/p>\n<p>La cheffe du gouvernement italien a quant \u00e0 elle assur\u00e9 que les deux pays avaient des \u00ab\u00a0positions communes\u00a0\u00bb sur de nombreuses questions \u00e0 l&rsquo;ordre du jour de la r\u00e9union.<\/p>\n<p>Des diff\u00e9rends sur la guerre en Ukraine et la r\u00e9ponse aux droits de douane am\u00e9ricains<\/p>\n<p>Alors qu&rsquo;Emmanuel Macron appelle \u00e0 un soutien fort \u00e0 Kyiv, voire \u00e0 une intervention militaire en Ukraine, l&rsquo;approche plus r\u00e9serv\u00e9e de Giorgia Meloni sur cette question et sur <a href=\"https:\/\/fr.euronews.com\/2025\/05\/31\/donald-trump-annonce-une-augmentation-de-50-des-droits-de-douane-sur-lacier-et-laluminium\" rel=\"nofollow noopener\" target=\"_blank\"><strong>les droits de douane impos\u00e9s par les \u00c9tats-Unis<\/strong><\/a> a cependant g\u00e9n\u00e9r\u00e9 une certaine froideur entre les deux dirigeants ces derniers mois.<\/p>\n<p>La proposition de la dirigeante italienne d&rsquo;\u00e9tendre \u00e0 Kyiv la d\u00e9fense mutuelle pr\u00e9vue par l&rsquo;article 5 de l&rsquo;OTAN, au lieu de l&rsquo;entr\u00e9e officielle de l&rsquo;Ukraine dans l&rsquo;Alliance, n&rsquo;a pas trouv\u00e9 beaucoup de soutien parmi les alli\u00e9s.<\/p>\n<p>L&rsquo;absence de Giorgia Meloni lors du voyage en train d&rsquo;Emmanuel Macron et de sa <a href=\"https:\/\/fr.euronews.com\/2025\/05\/10\/coalition-des-volontaires-le-quatuor-europeen-arrive-a-kyiv\" rel=\"nofollow noopener\" target=\"_blank\"><strong>visite conjointe \u00e0 Kyiv le mois dernier<\/strong><\/a> avec le Premier ministre britannique Keir Starmer et le chancelier allemand Friedrich Merz a \u00e9galement \u00e9t\u00e9 particuli\u00e8rement remarqu\u00e9e.<\/p>\n<p>Une semaine plus tard, la Premi\u00e8re ministre italienne \u00e9tait de nouveau absente de la r\u00e9union de travail des dirigeants de la \u00ab\u00a0Coalition des volontaires\u00a0\u00bb \u00e0 Tirana, en Albanie, en marge du sommet de la Communaut\u00e9 politique europ\u00e9enne.<\/p>\n<p>La r\u00e9union de mardi et le d\u00eener de travail devraient permettre \u00e0 Giorgia Meloni et \u00e0 Emmanuel Macron de discuter de la coop\u00e9ration \u00e9conomique entre l&rsquo;Italie et la France, de la crise de l&rsquo;industrie automobile europ\u00e9enne \u00e0 la recherche et aux technologies de pointe.<\/p>\n<p>La dirigeante italienne esp\u00e8re \u00e9galement trouver un terrain d&rsquo;entente avec Paris sur la question des migrants et des relations transatlantiques.<\/p>\n<p>Giorgia Meloni avait pr\u00e9c\u00e9demment re\u00e7u Robert Fico<\/p>\n<p>Giorgia Meloni a \u00e9galement re\u00e7u mardi son homologue slovaque Robert Fico, qui est arriv\u00e9 au Palazzo Chigi vers 16 heures.<\/p>\n<p>Apr\u00e8s la r\u00e9ception dans la cour d&rsquo;honneur, au cours de laquelle Robert Fico a offert \u00e0 la Premi\u00e8re ministre un bouquet de fleurs blanches et roses, les deux dirigeants ont eu des entretiens bilat\u00e9raux.<\/p>\n<p>Comme l&rsquo;a expliqu\u00e9 le gouvernement slovaque, les discussions ont port\u00e9 sur le d\u00e9veloppement des relations entre la Slovaquie et l&rsquo;Italie et sur la possibilit\u00e9 de renforcer la coop\u00e9ration dans le domaine de l&rsquo;\u00e9nergie.<\/p>\n<p>\u00ab\u00a0J&rsquo;appr\u00e9cie beaucoup l&rsquo;approche pragmatique de votre Premi\u00e8re ministre\u00a0\u00bb, a d\u00e9clar\u00e9 Robert Fico aux m\u00e9dias italiens \u00e0 l&rsquo;issue de la r\u00e9union.\u00a0\u00bbNous nous sommes concentr\u00e9s sur la guerre en Ukraine. La pr\u00e9sidente du Conseil \u00e9tait tr\u00e8s int\u00e9ress\u00e9e par mes positions, puisque la Slovaquie est un pays voisin, bien s\u00fbr\u00a0\u00bb.<\/p>\n<p>Le dirigeant slovaque affirme avoir discut\u00e9 avec Giorgia Meloni \u00ab\u00a0de la question du \u00ab\u00a0repowering\u00a0\u00bb, c&rsquo;est-\u00e0-dire de ce qui se passera en Europe lorsque toutes les fournitures d&rsquo;\u00e9nergie en provenance de la Russie n&rsquo;atteindront plus l&rsquo;Union europ\u00e9enne\u00a0\u00bb.<\/p>\n<p>\u00ab\u00a0Je pense qu&rsquo;il y a des pays dans l&rsquo;UE qui veulent prolonger cette guerre avec l&rsquo;id\u00e9e que c&rsquo;est le moyen de nuire \u00e0 la Russie. Je ne pense pas que cette strat\u00e9gie fonctionne\u00a0\u00bb, d\u00e9clare Robert Fico.<\/p>\n<p>Appels \u00e0 une \u00ab\u00a0paix juste et durable en Ukraine\u00a0\u00bb et \u00e0 la stabilit\u00e9 au Moyen-Orient<\/p>\n<p>Les deux chefs de gouvernement \u00ab\u00a0ont discut\u00e9 de leur soutien \u00e0 une paix juste et durable en Ukraine et de leur engagement en faveur de la reconstruction du pays en vue de la conf\u00e9rence sur le redressement de l&rsquo;Ukraine que l&rsquo;Italie accueillera en juillet 2025\u00a0\u00bb, peut-on lire dans une note conjointe publi\u00e9e \u00e0 l&rsquo;issue de la r\u00e9union.<\/p>\n<p>Les deux dirigeants ont \u00e9galement lanc\u00e9 un appel en faveur d&rsquo;un Moyen-Orient stable et pacifique, appelant \u00e0 un cessez-le-feu et \u00e0 la lib\u00e9ration des otages par le Hamas.<\/p>\n<p>Robert Fico \u00e9tait le <a href=\"https:\/\/fr.euronews.com\/2025\/04\/16\/le-premier-ministre-slovaque-robert-fico-assistera-au-defile-de-la-seconde-guerre-mondiale\" rel=\"nofollow noopener\" target=\"_blank\"><strong>seul dirigeant europ\u00e9en \u00e0 se rendre \u00e0 Moscou<\/strong><\/a> le mois dernier pour assister au d\u00e9fil\u00e9 militaire marquant le 80e anniversaire de la d\u00e9faite de l&rsquo;Allemagne nazie lors de la Seconde Guerre mondiale.<\/p>\n<p>Le Premier ministre slovaque, proche des positions russes et <a href=\"https:\/\/fr.euronews.com\/2024\/05\/15\/le-premier-ministre-slovaque-blesse-dans-une-fusillade\" rel=\"nofollow noopener\" target=\"_blank\"><strong>victime d&rsquo;une tentative d&rsquo;assassinat<\/strong><\/a> pour cette raison il y a un an, avait rencontr\u00e9 le pr\u00e9sident russe Vladimir Poutine \u00e0 cette occasion, exprimant son \u00ab\u00a0opposition \u00e0 la politique du soi-disant nouveau rideau de fer qui se cr\u00e9e entre l&rsquo;UE et la Russie\u00a0\u00bb, et soulignant que la Slovaquie \u00ab\u00a0veut construire des ponts de coop\u00e9ration, et non des lignes de division\u00a0\u00bb.<\/p>\n","protected":false},"excerpt":{"rendered":"PUBLICIT\u00c9 Le pr\u00e9sident fran\u00e7ais Emmanuel Macron a \u00e9t\u00e9 accueilli avec les honneurs mardi apr\u00e8s-midi \u00e0 Rome par la&hellip;\n","protected":false},"author":2,"featured_media":149984,"comment_status":"","ping_status":"","sticky":false,"template":"","format":"standard","meta":{"footnotes":""},"categories":[1590],"tags":[11,1073,1777,674,27,3044,452,12,220],"class_list":{"0":"post-149983","1":"post","2":"type-post","3":"status-publish","4":"format-standard","5":"has-post-thumbnail","7":"category-ukraine","8":"tag-actualites","9":"tag-emmanuel-macron","10":"tag-eu","11":"tag-europe","12":"tag-france","13":"tag-giorgia-meloni","14":"tag-italie","15":"tag-news","16":"tag-ukraine"},"share_on_mastodon":{"url":"https:\/\/pubeurope.com\/@fr\/114621780034005244","error":""},"_links":{"self":[{"href":"https:\/\/www.europesays.com\/fr\/wp-json\/wp\/v2\/posts\/149983","targetHints":{"allow":["GET"]}}],"collection":[{"href":"https:\/\/www.europesays.com\/fr\/wp-json\/wp\/v2\/posts"}],"about":[{"href":"https:\/\/www.europesays.com\/fr\/wp-json\/wp\/v2\/types\/post"}],"author":[{"embeddable":true,"href":"https:\/\/www.europesays.com\/fr\/wp-json\/wp\/v2\/users\/2"}],"replies":[{"embeddable":true,"href":"https:\/\/www.europesays.com\/fr\/wp-json\/wp\/v2\/comments?post=149983"}],"version-history":[{"count":0,"href":"https:\/\/www.europesays.com\/fr\/wp-json\/wp\/v2\/posts\/149983\/revisions"}],"wp:featuredmedia":[{"embeddable":true,"href":"https:\/\/www.europesays.com\/fr\/wp-json\/wp\/v2\/media\/149984"}],"wp:attachment":[{"href":"https:\/\/www.europesays.com\/fr\/wp-json\/wp\/v2\/media?parent=149983"}],"wp:term":[{"taxonomy":"category","embeddable":true,"href":"https:\/\/www.europesays.com\/fr\/wp-json\/wp\/v2\/categories?post=149983"},{"taxonomy":"post_tag","embeddable":true,"href":"https:\/\/www.europesays.com\/fr\/wp-json\/wp\/v2\/tags?post=149983"}],"curies":[{"name":"wp","href":"https:\/\/api.w.org\/{rel}","templated":true}]}}