{"id":149985,"date":"2025-06-03T22:25:09","date_gmt":"2025-06-03T22:25:09","guid":{"rendered":"https:\/\/www.europesays.com\/fr\/149985\/"},"modified":"2025-06-03T22:25:09","modified_gmt":"2025-06-03T22:25:09","slug":"les-feux-de-foret-progressent-la-fumee-setend-aux-etats-unis-et-a-leurope","status":"publish","type":"post","link":"https:\/\/www.europesays.com\/fr\/149985\/","title":{"rendered":"les feux de for\u00eat progressent, la fum\u00e9e s&rsquo;\u00e9tend aux \u00c9tats-Unis et \u00e0 l&rsquo;Europe"},"content":{"rendered":"<p>Plusieurs \u00c9tats am\u00e9ricains ont \u00e9mis des alertes \u00e0 la qualit\u00e9 de l\u2019air. Pas de danger pour la sant\u00e9 en Europe en revanche, car les fum\u00e9es circulent \u00e0 tr\u00e8s haute altitude.<\/p>\n<p class=\"fig-paragraph\">Les dizaines de\u00a0<a href=\"http:\/\/www.lefigaro.fr\/flash-actu\/feux-de-foret-dans-le-centre-du-canada-evacuation-de-17-000-personnes-20250529\" target=\"_blank\" data-fig-type=\"NewsFlash\" rel=\"noopener\" data-gtm-custom-categorie=\"navigation\" data-gtm-custom-action=\"crossclick\" data-gtm-custom-label=\"Contextuel\" data-gtm-event=\"customEventSPE\" data-fig-domain=\"LEFIGARO\">m\u00e9ga feux dans le centre du Canada<\/a>, qui ont d\u00e9j\u00e0 provoqu\u00e9 l&rsquo;\u00e9vacuation de 26.000 personnes, continuent de se propager mardi 3 juin et leurs fum\u00e9es, visibles jusqu&rsquo;en Europe, affectent des millions de Canadiens et d&rsquo;Am\u00e9ricains. Chaque \u00e9t\u00e9, le Canada est confront\u00e9 \u00e0 des incendies de for\u00eat mais ce d\u00e9but de saison inqui\u00e8te par sa pr\u00e9cocit\u00e9 et sa virulence: 2 millions d&rsquo;hectares ont d\u00e9j\u00e0 br\u00fbl\u00e9, soit la superficie de la Slov\u00e9nie.<\/p>\n<p class=\"fig-paragraph\">Avec le r\u00e9chauffement climatique, le Canada est de plus en plus souvent touch\u00e9 par des \u00e9v\u00e9nements m\u00e9t\u00e9orologiques extr\u00eames. Et le pays reste traumatis\u00e9 par l&rsquo;\u00e9t\u00e9 2023 qui fut apocalyptique avec 15 millions d&rsquo;hectares br\u00fbl\u00e9s. La Saskatchewan et le Manitoba, deux provinces du centre du Canada touch\u00e9es par le pire d\u00e9but de saison des feux depuis des ann\u00e9es en raison de la s\u00e9cheresse, ont d\u00e9clar\u00e9 l&rsquo;\u00e9tat d&rsquo;urgence il y a quelques jours. Et dans l&rsquo;Alberta (ouest),\u00a0<a href=\"http:\/\/www.lefigaro.fr\/flash-eco\/petrole-feux-de-foret-canadiens-et-tensions-geopolitiques-font-grimper-les-cours-20250603\" target=\"_blank\" data-fig-type=\"NewsFlash\" rel=\"noopener\" data-gtm-custom-categorie=\"navigation\" data-gtm-custom-action=\"crossclick\" data-gtm-custom-label=\"Contextuel\" data-gtm-event=\"customEventSPE\" data-fig-domain=\"LEFIGARO\">des sites p\u00e9troliers ont d\u00fb \u00eatre mis \u00e0 l&rsquo;arr\u00eat<\/a>.<\/p>\n<p class=\"fig-paragraph\">Dans certains secteurs du centre du pays, l&rsquo;arm\u00e9e a \u00e9t\u00e9 appel\u00e9e au secours ces derniers jours pour \u00e9vacuer des habitants de zones tr\u00e8s recul\u00e9es, o\u00f9 certaines r\u00e9serves autochtones ont \u00e9t\u00e9 ray\u00e9es de la carte. \u00abC&rsquo;est une p\u00e9riode tr\u00e8s difficile pour de nombreux Canadiens\u00bb, a d\u00e9clar\u00e9 mardi Eleanor Olszewski, la ministre de la gestion des urgences, lors d&rsquo;une conf\u00e9rence de presse. Au total, plus de 200 feux sont actifs au Canada, principalement dans le centre et l&rsquo;ouest, et la moiti\u00e9 d&rsquo;entre eux sont consid\u00e9r\u00e9s hors de contr\u00f4le, selon le Centre interservices des feux de for\u00eats du Canada (Ciffc). \u00abCette saison des incendies a commenc\u00e9 plus rapidement, et elle est plus forte, plus intense\u00bb que la moyenne, a ajout\u00e9 la ministre.<\/p>\n<p>Cr\u00e9puscules orang\u00e9s<\/p>\n<p class=\"fig-paragraph\">Et alors que les \u00e9vacuations se poursuivent, la fum\u00e9e de feux envahit une partie du continent. Des millions d&rsquo;habitants sont donc invit\u00e9s \u00e0 limiter leur temps pass\u00e9 en plein air car la fum\u00e9e \u00abprovoque une tr\u00e8s mauvaise qualit\u00e9 de l&rsquo;air et une visibilit\u00e9 r\u00e9duite\u00bb, selon Environnement Canada. La situation est la m\u00eame au sud de la fronti\u00e8re, aux \u00c9tats-Unis: le Michigan, le Wisconsin, le Minnesota et le Nebraska ont \u00e9mis des alertes car la qualit\u00e9 de l&rsquo;air s&rsquo;est d\u00e9t\u00e9rior\u00e9e et de grandes quantit\u00e9s de particules, telles que la suie, les cendres et la poussi\u00e8re, sont pi\u00e9g\u00e9es dans l&rsquo;air et transport\u00e9es sur des milliers de kilom\u00e8tres.<\/p>\n<p class=\"fig-paragraph\">Ces fum\u00e9es ont m\u00eame atteint l&rsquo;Europe et cela devrait se poursuivre dans les prochains jours, a indiqu\u00e9 mardi l&rsquo;observatoire europ\u00e9en Copernicus. Toutefois, comme elles circulent \u00e0 tr\u00e8s haute altitude, elles sont sans danger pour la sant\u00e9 m\u00eame si elles provoquent parfois des cr\u00e9puscules orang\u00e9s. \u00abNos donn\u00e9es montrent que les r\u00e9gions centrales du Canada ont connu quelques semaines tr\u00e8s intenses en termes d&rsquo;\u00e9missions de gaz \u00e0 effet de serre\u00bb, a par ailleurs d\u00e9clar\u00e9 Mark Parrington, directeur scientifique au service Copernicus pour la surveillance de la qualit\u00e9 de l&rsquo;air (CAMS).<\/p>\n<p>S\u00e9cheresse grave<\/p>\n<p class=\"fig-paragraph\">Selon les pr\u00e9visions des autorit\u00e9s canadiennes, la saison des feux pourrait \u00eatre \u00abau-dessus de la normale\u00bb dans le centre et l&rsquo;ouest du Canada en juin et juillet, et \u00abbien au-dessus de la moyenne\u00bb en ao\u00fbt, notamment en raison de la s\u00e9cheresse grave ou extr\u00eame qui s\u00e9vit dans plusieurs endroits. En Saskatchewan, le premier ministre Scott Moe a expliqu\u00e9 mardi que les prochains jours seraient \u00abdifficiles\u00bb. \u00abNous ne sommes pas au bout de nos peines et la m\u00e9t\u00e9o ne semble pas vouloir changer dans un avenir proche\u00bb, a-t-il ajout\u00e9 lors d&rsquo;une conf\u00e9rence de presse.<\/p>\n<p class=\"fig-paragraph\">Selon les donn\u00e9es des autorit\u00e9s, la plupart des incendies sont d\u00e9clench\u00e9s par les activit\u00e9s humaines, le plus souvent de fa\u00e7on accidentelle dans un environnement tr\u00e8s sec. \u00abLa diminution importante du manteau neigeux au printemps a entra\u00een\u00e9 l&rsquo;exposition pr\u00e9coce du sol et de la v\u00e9g\u00e9tation, acc\u00e9l\u00e9rant ainsi l&rsquo;ass\u00e8chement de surface\u00bb, explique Hossein Bonakdari, professeur \u00e0 l&rsquo;Universit\u00e9 d&rsquo;Ottawa. Cela a agi comme \u00abun amplificateur qui a pr\u00e9par\u00e9 le terrain pour des feux extr\u00eames bien avant que la premi\u00e8re flamme ne s&rsquo;allume\u00bb, poursuit cet expert en changement climatique et en g\u00e9nie de l&rsquo;environnement.<\/p>\n","protected":false},"excerpt":{"rendered":"Plusieurs \u00c9tats am\u00e9ricains ont \u00e9mis des alertes \u00e0 la qualit\u00e9 de l\u2019air. Pas de danger pour la sant\u00e9&hellip;\n","protected":false},"author":2,"featured_media":149986,"comment_status":"","ping_status":"","sticky":false,"template":"","format":"standard","meta":{"footnotes":""},"categories":[1589],"tags":[259,11,260,574,73,1866,14,261,12,262,1864,1865,1863,308],"class_list":{"0":"post-149985","1":"post","2":"type-post","3":"status-publish","4":"format-standard","5":"has-post-thumbnail","7":"category-etats-unis","8":"tag-actualite-internationale","9":"tag-actualites","10":"tag-affaires-etrangeres","11":"tag-canada","12":"tag-etats-unis","13":"tag-etats-unis-damerique","14":"tag-international","15":"tag-ministere-des-affaires-etrangeres","16":"tag-news","17":"tag-politique-etrangere","18":"tag-united-states","19":"tag-united-states-of-america","20":"tag-us","21":"tag-usa"},"share_on_mastodon":{"url":"https:\/\/pubeurope.com\/@fr\/114621783980585229","error":""},"_links":{"self":[{"href":"https:\/\/www.europesays.com\/fr\/wp-json\/wp\/v2\/posts\/149985","targetHints":{"allow":["GET"]}}],"collection":[{"href":"https:\/\/www.europesays.com\/fr\/wp-json\/wp\/v2\/posts"}],"about":[{"href":"https:\/\/www.europesays.com\/fr\/wp-json\/wp\/v2\/types\/post"}],"author":[{"embeddable":true,"href":"https:\/\/www.europesays.com\/fr\/wp-json\/wp\/v2\/users\/2"}],"replies":[{"embeddable":true,"href":"https:\/\/www.europesays.com\/fr\/wp-json\/wp\/v2\/comments?post=149985"}],"version-history":[{"count":0,"href":"https:\/\/www.europesays.com\/fr\/wp-json\/wp\/v2\/posts\/149985\/revisions"}],"wp:featuredmedia":[{"embeddable":true,"href":"https:\/\/www.europesays.com\/fr\/wp-json\/wp\/v2\/media\/149986"}],"wp:attachment":[{"href":"https:\/\/www.europesays.com\/fr\/wp-json\/wp\/v2\/media?parent=149985"}],"wp:term":[{"taxonomy":"category","embeddable":true,"href":"https:\/\/www.europesays.com\/fr\/wp-json\/wp\/v2\/categories?post=149985"},{"taxonomy":"post_tag","embeddable":true,"href":"https:\/\/www.europesays.com\/fr\/wp-json\/wp\/v2\/tags?post=149985"}],"curies":[{"name":"wp","href":"https:\/\/api.w.org\/{rel}","templated":true}]}}