{"id":149989,"date":"2025-06-03T22:27:16","date_gmt":"2025-06-03T22:27:16","guid":{"rendered":"https:\/\/www.europesays.com\/fr\/149989\/"},"modified":"2025-06-03T22:27:16","modified_gmt":"2025-06-03T22:27:16","slug":"ligue-des-nations-f-lespagne-lallemagne-et-la-suede-se-qualifient-pour-le-final-four-ligue-des-nations-f-j6-resume","status":"publish","type":"post","link":"https:\/\/www.europesays.com\/fr\/149989\/","title":{"rendered":"Ligue des nations F : L\u2019Espagne, l\u2019Allemagne et la Su\u00e8de se qualifient pour le Final Four &#8211; Ligue des nations (F) &#8211; J6 &#8211; R\u00e9sum\u00e9"},"content":{"rendered":"<p>Du beau monde.<\/p>\n<p>Si la France \u00e9tait d\u00e9j\u00e0 assur\u00e9e de participer au Final Four depuis le mois de mars, les trois autres tickets ont \u00e9t\u00e9 d\u00e9livr\u00e9s ce mardi soir au terme de la 6e journ\u00e9e de Ligue des nations. <strong>L\u2019Espagne, l\u2019Allemagne et la Su\u00e8de ont ainsi d\u00e9croch\u00e9 leur qualification<\/strong>.<\/p>\n<p>L\u2019Angleterre grande absente<\/p>\n<p>La rencontre la plus ind\u00e9cise s\u2019est d\u00e9roul\u00e9e du c\u00f4t\u00e9 de Barcelone, puisque les deux mastodontes espagnols et anglais s\u2019affrontaient pour d\u00e9crocher la premi\u00e8re place de leur groupe. <strong>C\u2019est finalement la Roja qui est parvenue \u00e0 renverser les Lionesses<\/strong> avec un doubl\u00e9 de la Barcelonaise Claudia Pina en seconde p\u00e9riode. De son c\u00f4t\u00e9, <strong>la Su\u00e8de a pulv\u00e9ris\u00e9 le Danemark (6-1)<\/strong> avec un tripl\u00e9 sign\u00e9 de la championne d\u2019Europe avec Arsenal <a target=\"_blank\" href=\"https:\/\/www.sofoot.com\/articles\/ligue-des-champions-f-arsenal-frustre-le-barca-et-remporte-sa-deuxieme-ligue-des-champions-dix-huit-ans-apres-son-dernier-sacre\" rel=\"nofollow noopener\">Stina Blackstenius<\/a>, score de bon augure pour les Bl\u00e5gult puisque les deux nations recroiseront le fer \u00e0 l\u2019Euro lors de la premi\u00e8re journ\u00e9e le 4 juillet prochain. <strong>M\u00eame tarif pour l\u2019Allemagne face \u00e0 l\u2019Autriche<\/strong> avec un cinglant 6-0 assur\u00e9 lors des 45 premi\u00e8res minutes.<\/p>\n<p>On conna\u00eet \u00e9galement les rel\u00e9gu\u00e9es puisque <strong>l\u2019\u00c9cosse, la Suisse, le Portugal et le Pays de Galles \u00e9volueront en Ligue B<\/strong> lors de la prochaine Ligue des nations. Tandis que<strong> l\u2019Autriche, la Belgique, le Danemark et l\u2019Islande joueront leur survie lors des barrages<\/strong> avec les \u00e9quipes arriv\u00e9es en deuxi\u00e8me position en Ligue B.<\/p>\n<p>La suite attendra octobre, place d\u00e9sormais \u00e0 l\u2019Euro qui se d\u00e9roulera du 2 au 27 juillet prochain.<\/p>\n<p><img decoding=\"async\" loading=\"lazy\" class=\"blason blason-petit\" src=\"https:\/\/www.europesays.com\/fr\/wp-content\/uploads\/2025\/06\/grande.jpg\"\/> Espagne 2-1 Angleterre <img decoding=\"async\" loading=\"lazy\" class=\"blason blason-petit\" src=\"https:\/\/www.europesays.com\/fr\/wp-content\/uploads\/2025\/05\/1748654173_612_grande.jpg\"\/><\/p>\n<p>Buts : Pina (60e, 70e) pour la Roja \/\/ Russo (22e) pour les Lionesses<\/p>\n<p><img decoding=\"async\" loading=\"lazy\" class=\"blason blason-petit\" src=\"https:\/\/www.europesays.com\/fr\/wp-content\/uploads\/2025\/06\/1748989634_726_grande.jpg\"\/> Su\u00e8de 6-1 Danemark <img decoding=\"async\" loading=\"lazy\" class=\"blason blason-petit\" src=\"https:\/\/www.europesays.com\/fr\/wp-content\/uploads\/2025\/06\/1748989634_944_grande.jpg\"\/><\/p>\n<p>Buts : Blackstenius (1e, 43e, 53e), Kaneryd (5e), Angeldal (11e), Hurtig (90e+2) pour les Bl\u00e5gult \/\/ Thomsen (41e) pour la DBU<\/p>\n<p><img decoding=\"async\" loading=\"lazy\" class=\"blason blason-petit\" src=\"https:\/\/www.europesays.com\/fr\/wp-content\/uploads\/2025\/05\/1748654169_748_grande.jpg\"\/> Allemagne 6-0 Autriche <img decoding=\"async\" loading=\"lazy\" class=\"blason blason-petit\" src=\"https:\/\/www.europesays.com\/fr\/wp-content\/uploads\/2025\/05\/1748654170_226_grande.jpg\"\/><\/p>\n<p>Buts : Lohmann (1re, 39e), Sch\u00fcller (9e), Cerci (26e), B\u00fchl (31e), Freigang (43e) pour la Frauenteam<\/p>\n<p>\t\t\t\t\t\t\t\t\t\t<a class=\"lien-connexe\" href=\"https:\/\/www.sofoot.com\/breves\/ligue-des-nations-lallemagne-humilie-les-pays-bas-langleterre-et-lespagne-en-balade\" rel=\"nofollow noopener\" target=\"_blank\">Ligue des nations\u202f: l\u2019Allemagne humilie les Pays-Bas, l\u2019Angleterre et l\u2019Espagne en balade<\/a>\t\t\t\t\t<\/p>\n","protected":false},"excerpt":{"rendered":"Du beau monde. Si la France \u00e9tait d\u00e9j\u00e0 assur\u00e9e de participer au Final Four depuis le mois de&hellip;\n","protected":false},"author":2,"featured_media":149990,"comment_status":"","ping_status":"","sticky":false,"template":"","format":"standard","meta":{"footnotes":""},"categories":[1587],"tags":[47,11,61,672,69,1804,65,1805,1803,64,1777,674,63,1801,68,66,12,62,70,1802,67],"class_list":{"0":"post-149989","1":"post","2":"type-post","3":"status-publish","4":"format-standard","5":"has-post-thumbnail","7":"category-allemagne","8":"tag-actualite","9":"tag-actualites","10":"tag-actus-football","11":"tag-allemagne","12":"tag-bundesliga","13":"tag-bundesrepublik-deutschland","14":"tag-championnats-europeens","15":"tag-de","16":"tag-deutschland","17":"tag-equipe-de-france","18":"tag-eu","19":"tag-europe","20":"tag-football","21":"tag-germany","22":"tag-ligua","23":"tag-ligue-1","24":"tag-news","25":"tag-news-foot","26":"tag-premier-league","27":"tag-republique-federale-dallemagne","28":"tag-serie-a"},"share_on_mastodon":{"url":"https:\/\/pubeurope.com\/@fr\/114621792026548755","error":""},"_links":{"self":[{"href":"https:\/\/www.europesays.com\/fr\/wp-json\/wp\/v2\/posts\/149989","targetHints":{"allow":["GET"]}}],"collection":[{"href":"https:\/\/www.europesays.com\/fr\/wp-json\/wp\/v2\/posts"}],"about":[{"href":"https:\/\/www.europesays.com\/fr\/wp-json\/wp\/v2\/types\/post"}],"author":[{"embeddable":true,"href":"https:\/\/www.europesays.com\/fr\/wp-json\/wp\/v2\/users\/2"}],"replies":[{"embeddable":true,"href":"https:\/\/www.europesays.com\/fr\/wp-json\/wp\/v2\/comments?post=149989"}],"version-history":[{"count":0,"href":"https:\/\/www.europesays.com\/fr\/wp-json\/wp\/v2\/posts\/149989\/revisions"}],"wp:featuredmedia":[{"embeddable":true,"href":"https:\/\/www.europesays.com\/fr\/wp-json\/wp\/v2\/media\/149990"}],"wp:attachment":[{"href":"https:\/\/www.europesays.com\/fr\/wp-json\/wp\/v2\/media?parent=149989"}],"wp:term":[{"taxonomy":"category","embeddable":true,"href":"https:\/\/www.europesays.com\/fr\/wp-json\/wp\/v2\/categories?post=149989"},{"taxonomy":"post_tag","embeddable":true,"href":"https:\/\/www.europesays.com\/fr\/wp-json\/wp\/v2\/tags?post=149989"}],"curies":[{"name":"wp","href":"https:\/\/api.w.org\/{rel}","templated":true}]}}