{"id":150000,"date":"2025-06-03T22:35:18","date_gmt":"2025-06-03T22:35:18","guid":{"rendered":"https:\/\/www.europesays.com\/fr\/150000\/"},"modified":"2025-06-03T22:35:18","modified_gmt":"2025-06-03T22:35:18","slug":"luka-matkava-dimitri-szarzewski-toulouse-les-infos-du-mardi-3-juin","status":"publish","type":"post","link":"https:\/\/www.europesays.com\/fr\/150000\/","title":{"rendered":"Luka Matkava, Dimitri Szarzewski, Toulouse, les infos du mardi 3 juin"},"content":{"rendered":"<p style=\"text-align: justify;\" align=\"justify\"><strong>TRANSFERTS RUGBY \u2013 Le G\u00e9orgien Luka Matkava courtis\u00e9 en Top 14, Dimitri Szarzewski va plier bagages, une p\u00e9pite du Stade Toulousain va rempiler : les infos transferts de ce mardi 3 juin 2025.\u00a0<\/strong><\/p>\n<p>Racing 92 : Luka Matkava dans le viseur, mais\u2026<\/p>\n<p style=\"text-align: justify;\">Le demi d\u2019ouverture g\u00e9orgien<strong> Luka Matkava<\/strong>, actuellement en pr\u00eat au <a href=\"https:\/\/dicodusport.fr\/blog\/transferts-castres-olympique-2025-arrivees-departs-et-prolongations\/\" rel=\"nofollow noopener\" target=\"_blank\"><strong>Castres Olympique<\/strong><\/a>, est au centre des convoitises en Top 14, notamment de la part du <strong>Racing 92<\/strong>. Malgr\u00e9 une utilisation limit\u00e9e depuis son arriv\u00e9e en avril 2025 en tant que joker m\u00e9dical, <strong>Matkava<\/strong> a attir\u00e9 l\u2019attention des Franciliens, qui cherchent \u00e0 renforcer leur charni\u00e8re en pr\u00e9vision du d\u00e9part d\u2019<strong>Owen Farrell<\/strong>.<\/p>\n<p style=\"text-align: justify;\">Bien que sous contrat avec le club g\u00e9orgien du Black Lion jusqu\u2019en 2026, <strong>Matkava<\/strong> pourrait envisager un transfert, le <strong>Racing 92<\/strong> \u00e9tant pr\u00eat \u00e0 verser une compensation financi\u00e8re selon <a href=\"https:\/\/actu.fr\/occitanie\/castres_81065\/transferts-de-castres-au-racing-92-un-demi-d-ouverture-attise-les-convoitises-en-top-14_62720178.html\" rel=\"nofollow noopener\" target=\"_blank\">Actu Rugby<\/a>. Cependant, <strong>Castres<\/strong> n\u2019a pas encore pris de d\u00e9cision d\u00e9finitive concernant l\u2019avenir du joueur, le staff technique appr\u00e9ciant son profil.<\/p>\n<p style=\"text-align: justify;\">D\u2019autres clubs fran\u00e7ais, tels que <strong>Grenoble<\/strong>, pourraient \u00e9galement s\u2019int\u00e9resser \u00e0 <strong>Matkava<\/strong> en cas de mont\u00e9e en Top 14, rendant la situation du joueur incertaine pour la saison \u00e0 venir.<\/p>\n<p style=\"text-align: justify;\"><strong>L\u2019avis de Dicodusport<\/strong> <strong>:<\/strong> D\u00e9finition d\u2019avoir l\u2019embarras du choix. Possiblement Castres, Racing 92, Grenoble, Black Lion\u2026 la p\u00e9pite Matkava va animer le march\u00e9 des transferts ces prochains jours. Toutefois, le Racing pourrait se montrer bien plus convaincant que les autres pr\u00e9tendants.<\/p>\n<p>Racing 92 bis : Dimitri Szarzewski va quitter le club francilien<\/p>\n<p style=\"text-align: justify;\"><strong>Dimitri Szarzewski<\/strong>, figure embl\u00e9matique du <a href=\"https:\/\/dicodusport.fr\/blog\/transferts-racing-92-2025-arrivees-departs-et-prolongations\/\" rel=\"nofollow noopener\" target=\"_blank\"><strong>Racing 92<\/strong><\/a>, s\u2019appr\u00eate \u00e0 quitter le club francilien \u00e0 l\u2019issue de la saison 2024-2025, selon les informations du <a href=\"https:\/\/www.rugbyrama.fr\/2025\/06\/03\/exclu-midol-transferts-top-14-dimitri-szarzewski-va-quitter-le-racing-92-12738388.php\" rel=\"nofollow noopener\" target=\"_blank\">Midi Olympique<\/a>. L\u2019ancien talonneur international, \u00e2g\u00e9 de 42 ans et fort de 83 s\u00e9lections avec le XV de France, occupait depuis cinq saisons le poste d\u2019entra\u00eeneur des avants au sein du staff technique du club francilien.<\/p>\n<p style=\"text-align: justify;\">Arriv\u00e9 en 2012 en provenance du Stade Fran\u00e7ais, <strong>Szarzewski<\/strong> a marqu\u00e9 l\u2019histoire du club en tant que capitaine lors du sacre en Top 14 en 2016 au Camp Nou de Barcelone. Sous ses couleurs, il a \u00e9galement disput\u00e9 deux finales de Champions Cup, en 2015 face aux Saracens et en 2019 contre le Leinster.<\/p>\n<p>\n<a href=\"https:\/\/dicodusport.fr\/blog\/offres\/abonnements-sans-pub\/\" rel=\"nofollow noopener\" target=\"_blank\"><img loading=\"lazy\" decoding=\"async\" class=\"alignnone size-full wp-image-501284 perfmatters-lazy\" alt=\"\" width=\"1200\" height=\"200\" src=\"https:\/\/www.europesays.com\/fr\/wp-content\/uploads\/2025\/04\/Abonnements-sans-pubs-Dicodusport.png\"\/><\/a><\/p>\n<p style=\"text-align: justify;\">Son d\u00e9part intervient dans un contexte de transition pour le <strong>Racing 92<\/strong>, qui, pour la premi\u00e8re fois depuis sa remont\u00e9e en Top 14 en 2009, ne participera pas \u00e0 la phase finale du championnat. Ce d\u00e9part s\u2019inscrit dans une s\u00e9rie de changements au sein du club, apr\u00e8s celui de <strong>Laurent Travers<\/strong>, ancien manager devenu pr\u00e9sident, qui a r\u00e9cemment choisi de relancer sa carri\u00e8re de manager \u00e0 Bayonne.<\/p>\n<p>\n<a href=\"https:\/\/dicodusport.fr\/blog\/offres\/abonnements-sans-pub\/\" rel=\"nofollow noopener\" target=\"_blank\"><img loading=\"lazy\" decoding=\"async\" class=\"alignnone size-full wp-image-501296 perfmatters-lazy\" alt=\"\" width=\"400\" height=\"400\" src=\"https:\/\/www.europesays.com\/fr\/wp-content\/uploads\/2025\/04\/Abonnements-sans-pubs-Dicodusport-mobile.png\"\/><\/a><\/p>\n<p style=\"text-align: justify;\">Les dirigeants franciliens devront d\u00e9sormais trouver un successeur \u00e0 <strong>Szarzewski<\/strong> pour encadrer les avants. Parmi les options envisag\u00e9es figure Patrice Collazo, actuel directeur sportif, qui a r\u00e9cemment prolong\u00e9 son contrat de deux saisons et poss\u00e8de une expertise reconnue dans ce secteur de jeu.<\/p>\n<p style=\"text-align: justify;\"><strong>L\u2019avis de Dicodusport<\/strong> <strong>: <\/strong>La fin d\u2019une \u00e8re pour le Racing 92. S\u2019il n\u2019a pas connu r\u00e9ellement la r\u00e9ussite dans le staff francilien, Dimitri Szarzewski a une vraie expertise \u00e0 apporter \u00e0 n\u2019importe quel club fran\u00e7ais. Affaire \u00e0 suivre.<\/p>\n<p>Toulouse : Malachi Hawkes va prolonger pour deux saisons<\/p>\n<p style=\"text-align: justify;\">On le savait depuis plusieurs semaines, le pilier australien <strong>Malachi Hawkes<\/strong> (22 ans) va \u00eatre pr\u00eat\u00e9 \u00e0 <strong>Provence Rugby<\/strong> par le <a href=\"https:\/\/dicodusport.fr\/blog\/transferts-stade-toulousain-2025-arrivees-departs-et-prolongations\/\" rel=\"nofollow noopener\" target=\"_blank\"><strong>Stade Toulousain<\/strong><\/a> la saison prochaine. Arriv\u00e9 \u00e0 <strong>Toulouse<\/strong> en 2020 \u00e0 l\u2019\u00e2ge de 17 ans, le droitier a achev\u00e9 sa formation en <strong>France<\/strong> et poss\u00e8de le statut JIFF.<\/p>\n<p style=\"text-align: justify;\">Bonne nouvelle pour <strong>Toulouse<\/strong>, <strong>Hawkes<\/strong> va \u00e9galement prolonger son contrat dans la Ville Rose, jusqu\u2019en juin 2027, selon les informations de All Rugby. Cette saison, il a disput\u00e9 pas moins de neuf rencontres de Top 14, pour quatre titularisations. Sa mobilit\u00e9 et sa puissance devraient faire de bien au club proven\u00e7al \u00e0 l\u2019occasion de l\u2019exercice 2025-2026. Avant un retour en Haute-Garonne, pour tenter de s\u2019installer dans la rotation stadiste.<\/p>\n<p style=\"text-align: justify;\"><strong>L\u2019avis de Dicodusport<\/strong> <strong>: <\/strong>Toulouse continue de miser sur ses jeunes pour l\u2019avenir, fid\u00e8le \u00e0 sa philosophie. Avec la m\u00eame r\u00e9ussite habituelle ? R\u00e9ponse dans quelques saisons.<\/p>\n","protected":false},"excerpt":{"rendered":"TRANSFERTS RUGBY \u2013 Le G\u00e9orgien Luka Matkava courtis\u00e9 en Top 14, Dimitri Szarzewski va plier bagages, une p\u00e9pite&hellip;\n","protected":false},"author":2,"featured_media":150001,"comment_status":"","ping_status":"","sticky":false,"template":"","format":"standard","meta":{"footnotes":""},"categories":[1416],"tags":[2113,1011,27,479,1468,60,477],"class_list":{"0":"post-150000","1":"post","2":"type-post","3":"status-publish","4":"format-standard","5":"has-post-thumbnail","7":"category-rugby","8":"tag-breve","9":"tag-fr","10":"tag-france","11":"tag-rugby","12":"tag-rugby-football","13":"tag-sports","14":"tag-transferts-rugby"},"share_on_mastodon":{"url":"https:\/\/pubeurope.com\/@fr\/114621823583597594","error":""},"_links":{"self":[{"href":"https:\/\/www.europesays.com\/fr\/wp-json\/wp\/v2\/posts\/150000","targetHints":{"allow":["GET"]}}],"collection":[{"href":"https:\/\/www.europesays.com\/fr\/wp-json\/wp\/v2\/posts"}],"about":[{"href":"https:\/\/www.europesays.com\/fr\/wp-json\/wp\/v2\/types\/post"}],"author":[{"embeddable":true,"href":"https:\/\/www.europesays.com\/fr\/wp-json\/wp\/v2\/users\/2"}],"replies":[{"embeddable":true,"href":"https:\/\/www.europesays.com\/fr\/wp-json\/wp\/v2\/comments?post=150000"}],"version-history":[{"count":0,"href":"https:\/\/www.europesays.com\/fr\/wp-json\/wp\/v2\/posts\/150000\/revisions"}],"wp:featuredmedia":[{"embeddable":true,"href":"https:\/\/www.europesays.com\/fr\/wp-json\/wp\/v2\/media\/150001"}],"wp:attachment":[{"href":"https:\/\/www.europesays.com\/fr\/wp-json\/wp\/v2\/media?parent=150000"}],"wp:term":[{"taxonomy":"category","embeddable":true,"href":"https:\/\/www.europesays.com\/fr\/wp-json\/wp\/v2\/categories?post=150000"},{"taxonomy":"post_tag","embeddable":true,"href":"https:\/\/www.europesays.com\/fr\/wp-json\/wp\/v2\/tags?post=150000"}],"curies":[{"name":"wp","href":"https:\/\/api.w.org\/{rel}","templated":true}]}}