{"id":150004,"date":"2025-06-03T22:38:13","date_gmt":"2025-06-03T22:38:13","guid":{"rendered":"https:\/\/www.europesays.com\/fr\/150004\/"},"modified":"2025-06-03T22:38:13","modified_gmt":"2025-06-03T22:38:13","slug":"lexcellente-saison-de-zarco-met-en-lumiere-le-probleme-embarrassant-de-lcr","status":"publish","type":"post","link":"https:\/\/www.europesays.com\/fr\/150004\/","title":{"rendered":"L&rsquo;excellente saison de Zarco met en lumi\u00e8re le probl\u00e8me embarrassant de LCR"},"content":{"rendered":"<p><a href=\"https:\/\/fr.motorsport.com\/driver\/johann-zarco\/96107\/\" target=\"_blank\" rel=\"noopener\">Johann Zarco<\/a> n&rsquo;est pas seulement le pilote le plus exp\u00e9riment\u00e9 de la grille MotoGP, il est aussi celui qui affiche la forme la plus impressionnant chez Honda. Vainqueur au Mans devant un public totalement acquis \u00e0 sa cause, il a bien failli r\u00e9it\u00e9rer l&rsquo;exploit deux semaines plus tard \u00e0 Silverstone, pour finalement terminer deuxi\u00e8me \u00e0 seulement quatre secondes de <a href=\"https:\/\/fr.motorsport.com\/driver\/marco-bezzecchi\/441839\/\" target=\"_blank\" rel=\"noopener\">Marco Bezzecchi<\/a>. Un succ\u00e8s suivi d&rsquo;un podium sur le sec qui constitue pour Honda une s\u00e9rie in\u00e9dite depuis <a href=\"https:\/\/fr.motorsport.com\/driver\/marc-marquez\/92646\/\" target=\"_blank\" rel=\"noopener\">Marc M\u00e1rquez<\/a>.<\/p>\n<p>Ces bons r\u00e9sultats permettent \u00e0 Zarco d&rsquo;occuper la cinqui\u00e8me place du <a href=\"https:\/\/fr.motorsport.com\/motogp\/standings\/2025\/\" target=\"_self\" rel=\"noopener\">championnat<\/a>, ce qui fait de lui le meilleur pilote non-Ducati du moment. Une prouesse remarquable \u00e0 plus d&rsquo;un titre pour celui qui, \u00e0 34 ans, est capable de rivaliser avec les jeunes loups fra\u00eechement arriv\u00e9s dans la cat\u00e9gorie reine, et ce au guidon d&rsquo;une Honda et au sein d&rsquo;un team satellite. Il a beau b\u00e9n\u00e9ficier d&rsquo;un traitement similaire \u00e0 celui d&rsquo;un pilote officiel, les moyens et le soutien dont il dispose chez LCR ne sont pas comparables avec ceux de l&rsquo;\u00e9quipe d&rsquo;usine du HRC.<\/p>\n<p>Ind\u00e9pendamment du m\u00e9rite immense de Johann Zarco dans ce qu&rsquo;il r\u00e9alise actuellement, ses performances mettent cruellement en \u00e9vidence la situation de <a href=\"https:\/\/fr.motorsport.com\/driver\/somkiat-chantra\/823104\/\" target=\"_blank\" rel=\"noopener\">Somkiat Chantra<\/a>, son voisin de garage.<\/p>\n<p>Le Tha\u00eflandais est bon dernier au classement, seul titulaire \u00e0 n&rsquo;avoir inscrit aucun point avec <a href=\"https:\/\/fr.motorsport.com\/driver\/jorge-martin\/109391\/\" target=\"_blank\" rel=\"noopener\">Jorge Mart\u00edn<\/a>, qui n&rsquo;a pourtant pris le d\u00e9part que d&rsquo;un GP. M\u00eame s&rsquo;il est rookie, il faut admettre que l&rsquo;aventure du premier Tha\u00eflandais en MotoGP est extr\u00eamement d\u00e9cevante. Son manque de comp\u00e9titivit\u00e9 est flagrant, au point d&rsquo;\u00eatre devenu un probl\u00e8me s\u00e9rieux, non seulement pour LCR mais aussi pour Honda, qui l&rsquo;a promu depuis le Moto2 dans une d\u00e9cision qui s&rsquo;av\u00e9rait plus commerciale que sportive.<\/p>\n<p>   <img decoding=\"async\" draggable=\"false\" src=\"https:\/\/www.europesays.com\/fr\/wp-content\/uploads\/2025\/06\/somkiat-chantra-team-lcr-honda.jpg\" alt=\"Somkiat Chantra, LCR Honda, habla con uno de sus t\u00e9cnicos\" width=\"1200\" height=\"800\" loading=\"lazy\"\/> <\/p>\n<p class=\"title\">Somkiat Chantra n&rsquo;a pas encore marqu\u00e9 le moindre point.<\/p>\n<p class=\"photographer\">Photo de : Gold and Goose Photography \/ LAT Images \/ via Getty Images<\/p>\n<p>L&rsquo;arriv\u00e9e de Chantra en MotoGP est la cons\u00e9quence directe de deux refus. Le premier a \u00e9t\u00e9 celui de <a href=\"https:\/\/fr.motorsport.com\/driver\/takaaki-nakagami\/109418\/\" target=\"_blank\" rel=\"noopener\">Takaaki Nakagami<\/a>, qui a pr\u00e9f\u00e9r\u00e9 se retirer de la comp\u00e9tition \u00e0 la fin de la saison derni\u00e8re pour devenir pilote d&rsquo;essais. Le second a \u00e9t\u00e9 celui d&rsquo;<a href=\"https:\/\/fr.motorsport.com\/driver\/ai-ogura\/471489\/\" target=\"_blank\" rel=\"noopener\">Ai Ogura<\/a>, qui a d\u00e9cid\u00e9 de rompre avec Honda et d&rsquo;accepter l&rsquo;offre d&rsquo;Aprilia pour int\u00e9grer le MotoGP avec l&rsquo;\u00e9quipe Trackhouse, et ce avant m\u00eame de d\u00e9crocher le titre Moto2.<\/p>\n<p>Dans ces conditions, et avec les imp\u00e9ratifs impos\u00e9s pour ce guidon, les options \u00e9taient tr\u00e8s limit\u00e9es. C&rsquo;est donc ainsi que Honda a fini par miser sur celui qui a atteint la 12e place du championnat Moto2 l&rsquo;an dernier, alors \u00e0 170 points d&rsquo;Ogura. Son palmar\u00e8s compte deux victoires et six podiums au total, mais aucun d&rsquo;eux n&rsquo;a \u00e9t\u00e9 d\u00e9croch\u00e9 en 2024.<\/p>\n<p>Plus que sur les performances, ce choix du HRC s&rsquo;explique donc principalement par l&rsquo;accord en vigueur entre LCR et Honda, et plus pr\u00e9cis\u00e9ment avec la branche asiatique du constructeur qui est sponsoris\u00e9e par Idemitsu.<\/p>\n<p>La compagnie p\u00e9troli\u00e8re japonaise ne se contente pas, en effet, de d\u00e9corer l&rsquo;une des motos de l&rsquo;\u00e9quipe de Lucio Cecchinello\u00a0:\u00a0elle est \u00e9galement \u00e0 l&rsquo;origine du programme de d\u00e9tection et de d\u00e9veloppement de jeunes talents asiatiques, de l&rsquo;Asia Talent Cup jusqu&rsquo;\u00e0 cette RC213V que pilote actuellement l&rsquo;homme au n\u00b035. Une bonne formule\u2026 \u00e0 condition que le pilote m\u00e9rite sa place. Et c&rsquo;est justement ce qui est questionn\u00e9 dans le cas de Chantra.<\/p>\n<p>   <img decoding=\"async\" draggable=\"false\" src=\"https:\/\/www.europesays.com\/fr\/wp-content\/uploads\/2025\/06\/1748990293_497_johann-zarco-team-lcr-honda.jpg\" alt=\"Johann Zarco, Team LCR Honda\" width=\"1200\" height=\"800\" loading=\"lazy\"\/> <\/p>\n<p class=\"title\">Pendant ce temps, Johann Zarco excelle.<\/p>\n<p class=\"photographer\">Photo de : LCR Honda MotoGP Team<\/p>\n<p>En analysant les six courses qu&rsquo;il a disput\u00e9es jusqu&rsquo;ici\u00a0\u2212\u00a0il a manqu\u00e9 le GP de France en raison de complications apr\u00e8s une op\u00e9ration pour un arm-pump\u00a0\u2212,\u00a0on peut penser qu&rsquo;il r\u00e9gresse plut\u00f4t qu&rsquo;il ne progresse. Il a termin\u00e9 dernier de la plupart des Grands Prix, et ce qui frappe le plus, c&rsquo;est que son retard sur le vainqueur augmente \u00e0 mesure que la saison avance.<\/p>\n<p>\u00c0 Buriram, pour ses d\u00e9buts, il accusait 31 secondes de retard sur Marc M\u00e1rquez \u00e0 l&rsquo;arriv\u00e9e, et il y a dix jours \u00e0 Silverstone, c&rsquo;\u00e9tait plus d&rsquo;une minute.\u00a0Entre-temps, l&rsquo;\u00e9cart a \u00e9t\u00e9 de 38 secondes au Qatar, plus d&rsquo;une minute \u00e0 Austin, avant un abandon \u00e0 Jerez, dans le 12e tour du Grand Prix et alors qu&rsquo;il affichait d\u00e9j\u00e0 25 secondes de retard sur le leader.<\/p>\n<p>Certes, ses douleurs aux avant-bras et l&rsquo;op\u00e9ration qu&rsquo;il a subie ne l&rsquo;aident pas, mais elles ne sont pas la seule explication \u00e0 ces performances tr\u00e8s faibles. Selon <strong>Motorsport.com<\/strong>, les ing\u00e9nieurs du HRC ne tiennent m\u00eame pas compte des donn\u00e9es issues de la moto de Chantra, qui tourne parfois \u00e0 plus d&rsquo;une seconde et demie de ses co\u00e9quipiers. Or, sacrifier ainsi 25% du potentiel de d\u00e9veloppement n&rsquo;est jamais une bonne strat\u00e9gie, surtout pour un constructeur qui cherche \u00e0 rattraper son retard.<\/p>\n<p>Lire aussi :<\/p>\n<p>Quelle suite pour Chantra\u00a0?<\/p>\n<p>Le contrat entre LCR et Honda laisse au constructeur la mainmise dans le choix des deux pilotes. Lucio Cecchinello esp\u00e8re conserver Johann Zarco, \u00e0 condition que l&rsquo;agent du Fran\u00e7ais parvienne \u00e0 un accord avec le HRC sachant qu&rsquo;il n\u00e9gocie actuellement la prolongation de son accord avec le constructeur japonais.<\/p>\n<p>Mais qu&rsquo;adviendra-t-il de Somkiat Chantra\u00a0?\u00a0Il n&rsquo;a pas r\u00e9pondu aux attentes, mais b\u00e9n\u00e9ficie encore d&rsquo;un peu de cr\u00e9dit pour inverser la tendance.<\/p>\n<p>\u00ab\u00a0Le projet Idemitsu avec Nakagami a plut\u00f4t bien fonctionn\u00e9 sur le plan sportif. Ensuite, la moto a perdu en comp\u00e9titivit\u00e9. L&rsquo;ann\u00e9e derni\u00e8re, Honda a d\u00e9cid\u00e9 de tourner la page et de faire venir Somkiat. C&rsquo;est vrai que nous attendions plus de lui, mais il est vrai \u00e9galement qu&rsquo;il a pas mal souffert \u00e0 cause des probl\u00e8mes d&rsquo;arm-pump\u00a0\u00bb, analyse Lucio Cecchinello dans un entretien t\u00e9l\u00e9phonique avec <strong>Motorsport.com<\/strong>.<\/p>\n<p>La position du patron de LCR vis-\u00e0-vis de Chantra n&rsquo;est pas simple. Toujours diplomate, Cecchinello pr\u00e9f\u00e8re mettre en avant le privil\u00e8ge d&rsquo;\u00eatre partenaire du constructeur le plus puissant du paddock, plut\u00f4t que les mauvais r\u00e9sultats du Tha\u00eflandais\u00a0:\u00a0\u00ab\u00a0Pour Honda, le message envoy\u00e9 d&rsquo;un point de vue social en soutenant un pilote asiatique est tr\u00e8s important. Le vrai probl\u00e8me serait la perte d&rsquo;un sponsor comme Idemitsu.\u00a0\u00bb<\/p>\n<p>Les diff\u00e9rentes parties entrent \u00e0 pr\u00e9sent dans une phase cruciale pour d\u00e9cider de l&rsquo;avenir de cette \u00ab\u00a0deuxi\u00e8me\u00a0\u00bb Honda du team LCR. Somkiat Chantra devrait, selon nous, b\u00e9n\u00e9ficier d&rsquo;un d\u00e9lai suppl\u00e9mentaire pour prouver qu&rsquo;il m\u00e9rite de conserver sa place. Si le d\u00e9clic n&rsquo;a pas lieu, m\u00eame Honda et Idemitsu, ses princiaux soutiens, pourraient avoir du mal \u00e0 le faire rester sur cette moto l&rsquo;an prochain.<\/p>\n<p>Dans cet article<\/p>\n<p>    Oriol Puigdemont\n<\/p>\n<p>    MotoGP\n<\/p>\n<p>    Lucio Cecchinello\n<\/p>\n<p>    Johann Zarco\n<\/p>\n<p>    Somkiat Chantra\n<\/p>\n<p>    Team LCR\n<\/p>\n<p>Soyez le premier inform\u00e9 et souscrivez aux alertes mails pour recevoir les infos en temps r\u00e9el<\/p>\n<p>    S&rsquo;abonner aux alertes de news<\/p>\n","protected":false},"excerpt":{"rendered":"Johann Zarco n&rsquo;est pas seulement le pilote le plus exp\u00e9riment\u00e9 de la grille MotoGP, il est aussi celui&hellip;\n","protected":false},"author":2,"featured_media":150005,"comment_status":"","ping_status":"","sticky":false,"template":"","format":"standard","meta":{"footnotes":""},"categories":[1413],"tags":[1011,27,1741,2770,1457,1456,1458,16689,60,3771],"class_list":{"0":"post-150004","1":"post","2":"type-post","3":"status-publish","4":"format-standard","5":"has-post-thumbnail","7":"category-moto","8":"tag-fr","9":"tag-france","10":"tag-johann-zarco","11":"tag-lucio-cecchinello","12":"tag-moto","13":"tag-motocycle","14":"tag-motogp","15":"tag-somkiat-chantra","16":"tag-sports","17":"tag-team-lcr"},"share_on_mastodon":{"url":"https:\/\/pubeurope.com\/@fr\/114621835201856198","error":""},"_links":{"self":[{"href":"https:\/\/www.europesays.com\/fr\/wp-json\/wp\/v2\/posts\/150004","targetHints":{"allow":["GET"]}}],"collection":[{"href":"https:\/\/www.europesays.com\/fr\/wp-json\/wp\/v2\/posts"}],"about":[{"href":"https:\/\/www.europesays.com\/fr\/wp-json\/wp\/v2\/types\/post"}],"author":[{"embeddable":true,"href":"https:\/\/www.europesays.com\/fr\/wp-json\/wp\/v2\/users\/2"}],"replies":[{"embeddable":true,"href":"https:\/\/www.europesays.com\/fr\/wp-json\/wp\/v2\/comments?post=150004"}],"version-history":[{"count":0,"href":"https:\/\/www.europesays.com\/fr\/wp-json\/wp\/v2\/posts\/150004\/revisions"}],"wp:featuredmedia":[{"embeddable":true,"href":"https:\/\/www.europesays.com\/fr\/wp-json\/wp\/v2\/media\/150005"}],"wp:attachment":[{"href":"https:\/\/www.europesays.com\/fr\/wp-json\/wp\/v2\/media?parent=150004"}],"wp:term":[{"taxonomy":"category","embeddable":true,"href":"https:\/\/www.europesays.com\/fr\/wp-json\/wp\/v2\/categories?post=150004"},{"taxonomy":"post_tag","embeddable":true,"href":"https:\/\/www.europesays.com\/fr\/wp-json\/wp\/v2\/tags?post=150004"}],"curies":[{"name":"wp","href":"https:\/\/api.w.org\/{rel}","templated":true}]}}