{"id":15001,"date":"2025-04-10T12:58:10","date_gmt":"2025-04-10T12:58:10","guid":{"rendered":"https:\/\/www.europesays.com\/fr\/15001\/"},"modified":"2025-04-10T12:58:10","modified_gmt":"2025-04-10T12:58:10","slug":"previsions-du-jeudi-10-avril-2025-3","status":"publish","type":"post","link":"https:\/\/www.europesays.com\/fr\/15001\/","title":{"rendered":"pr\u00e9visions du jeudi 10 avril 2025"},"content":{"rendered":"<p>C&rsquo;est un soleil \u00e9clatant qui va se montrer aujourd&rsquo;hui sur Nice. Les temp\u00e9ratures afficheront entre 10\u00b0C et 15\u00b0C. Un vent de sud-est soufflera un peu, avec 7 km\/h. Les valeurs s&rsquo;\u00e9chelonneront entre 11 et 15\u00b0C le matin. Les temp\u00e9ratures seront comprises entre 14 et 15\u00b0C durant l&rsquo;apr\u00e8s-midi. Le soir, on anticipe des valeurs d&rsquo;environ 13\u00b0C. Un ciel d\u00e9pourvu de nuages est attendu dans la nuit reliant jeudi et vendredi.<\/p>\n<p>Un bel ensoleillement est attendu demain \u00e0 Nice. Une m\u00e9t\u00e9o plus chaude est \u00e0 pr\u00e9voir \u00e9tant donn\u00e9 que le mercure va conna\u00eetre une augmentation. Le mercure affichera 14\u00b0C en moyenne. Les temp\u00e9ratures avoisineront les 14\u00b0C dans la matin\u00e9e. Un l\u00e9ger vent de sud-est sera ressenti par les habitants. Les valeurs iront de 14 \u00e0 16\u00b0C sur l&rsquo;ensemble de l&rsquo;apr\u00e8s-midi. Il fera environ 13\u00b0C, demain soir. Une brise de sud-ouest soufflera doucement.<\/p>\n<p>La m\u00e9t\u00e9o des jours suivants va \u00e9voluer progressivement. M\u00eame si le beau temps se maintiendra quelque peu samedi, il faut s&rsquo;attendre \u00e0 une d\u00e9gradation par la suite.<\/p>\n<p><\/p>\n","protected":false},"excerpt":{"rendered":"C&rsquo;est un soleil \u00e9clatant qui va se montrer aujourd&rsquo;hui sur Nice. Les temp\u00e9ratures afficheront entre 10\u00b0C et 15\u00b0C.&hellip;\n","protected":false},"author":2,"featured_media":15002,"comment_status":"","ping_status":"","sticky":false,"template":"","format":"standard","meta":{"footnotes":""},"categories":[2819],"tags":[1111,11,2898,1777,674,1011,27,12,2401,883,2119,882,25],"class_list":{"0":"post-15001","1":"post","2":"type-post","3":"status-publish","4":"format-standard","5":"has-post-thumbnail","7":"category-nice","8":"tag-actu","9":"tag-actualites","10":"tag-alpes-maritimes","11":"tag-eu","12":"tag-europe","13":"tag-fr","14":"tag-france","15":"tag-news","16":"tag-nice","17":"tag-paca","18":"tag-previsions-meteo","19":"tag-provence-alpes-cote-dazur","20":"tag-republique-francaise"},"share_on_mastodon":{"url":"https:\/\/pubeurope.com\/@fr\/114313789756636041","error":""},"_links":{"self":[{"href":"https:\/\/www.europesays.com\/fr\/wp-json\/wp\/v2\/posts\/15001","targetHints":{"allow":["GET"]}}],"collection":[{"href":"https:\/\/www.europesays.com\/fr\/wp-json\/wp\/v2\/posts"}],"about":[{"href":"https:\/\/www.europesays.com\/fr\/wp-json\/wp\/v2\/types\/post"}],"author":[{"embeddable":true,"href":"https:\/\/www.europesays.com\/fr\/wp-json\/wp\/v2\/users\/2"}],"replies":[{"embeddable":true,"href":"https:\/\/www.europesays.com\/fr\/wp-json\/wp\/v2\/comments?post=15001"}],"version-history":[{"count":0,"href":"https:\/\/www.europesays.com\/fr\/wp-json\/wp\/v2\/posts\/15001\/revisions"}],"wp:featuredmedia":[{"embeddable":true,"href":"https:\/\/www.europesays.com\/fr\/wp-json\/wp\/v2\/media\/15002"}],"wp:attachment":[{"href":"https:\/\/www.europesays.com\/fr\/wp-json\/wp\/v2\/media?parent=15001"}],"wp:term":[{"taxonomy":"category","embeddable":true,"href":"https:\/\/www.europesays.com\/fr\/wp-json\/wp\/v2\/categories?post=15001"},{"taxonomy":"post_tag","embeddable":true,"href":"https:\/\/www.europesays.com\/fr\/wp-json\/wp\/v2\/tags?post=15001"}],"curies":[{"name":"wp","href":"https:\/\/api.w.org\/{rel}","templated":true}]}}