{"id":150015,"date":"2025-06-03T22:44:21","date_gmt":"2025-06-03T22:44:21","guid":{"rendered":"https:\/\/www.europesays.com\/fr\/150015\/"},"modified":"2025-06-03T22:44:21","modified_gmt":"2025-06-03T22:44:21","slug":"un-rendez-vous-culturel-incontournable-en-centre-bretagne-pontivy-livre-art-cest-ce-week-end","status":"publish","type":"post","link":"https:\/\/www.europesays.com\/fr\/150015\/","title":{"rendered":"\u00ab\u00a0Un rendez-vous culturel incontournable en Centre-Bretagne\u00a0\u00bb\u00a0: Pontivy Livre &#038; Art, c\u2019est ce week-end"},"content":{"rendered":"<p>Ouvert au public, le salon Pontivy Livre &amp; Art de l\u2019association Projet Pondi se tiendra ce week-end des 7 et 8 juin 2025, au Palais des congr\u00e8s, en partenariat avec la municipalit\u00e9 et d\u2019autres associations.<\/p>\n<p>\u00ab\u00a0Chaque jour, 50 auteurs, une quinzaine d\u2019artistes et six maisons d\u2019\u00e9dition seront pr\u00e9sents pour \u00e9changer avec le public, pr\u00e9senter leurs \u0153uvres et d\u00e9dicacer leurs livres. Le salon Pontivy Livre &amp; Art offrira un espace de d\u00e9couvertes et de dialogues entre les arts visuels et la litt\u00e9rature. En parall\u00e8le, une grande exposition immersive, sur le th\u00e8me \u00ab\u00a0Merveilles M\u00e9di\u00e9vales\u00a0\u00bb, propos\u00e9e par l\u2019association SAMSAD, sera install\u00e9e dans une partie de la grande salle du Palais des congr\u00e8s. Une occasion unique de plonger dans l\u2019univers foisonnant du Moyen \u00c2ge revisit\u00e9 par des artistes contemporains\u00a0\u00bb, annonce \u00c9ric Le Parc, de l\u2019\u00e9quipe organisatrice.<\/p>\n<p>Ce vendredi 6 juin, une rencontre scolaire se tiendra au coll\u00e8ge des Saints-Anges. Les \u00e9l\u00e8ves pourront dialoguer avec plusieurs auteurs invit\u00e9s et d\u00e9couvrir un extrait de l\u2019exposition \u00ab\u00a0Merveilles M\u00e9di\u00e9vales\u00a0\u00bb, sp\u00e9cialement install\u00e9e dans le CDI pour l\u2019occasion.<\/p>\n<p>Un week-end \u00e0 ne pas manquer<\/p>\n<p>Le Salon Pontivy Livre &amp; Art s\u2019impose comme un rendez-vous culturel incontournable dans le Centre-Bretagne, m\u00ealant talents locaux et horizons vari\u00e9s. Petits et grands, passionn\u00e9s de lecture ou amateurs d\u2019art visuel, chacun y trouvera son \u00e9merveillement. L\u2019\u00e9quipe organisatrice\u00a0: \u00c9ric Le Parc, Jean-Benjamin Jouteur, Samuel Sadaune, Isabelle Boscher,<\/p>\n<p>Sylvie le Naour, Sylvie F\u00e9vrier, Morgane le Guennic, Thomas No\u00ebl, compte sur la population pour venir d\u00e9couvrir des auteurs talentueux qui proposent diff\u00e9rents styles litt\u00e9raires, de l\u2019art, de l\u2019histoire, de la passion.<\/p>\n<p><b>Pratique<\/b><\/p>\n<p class=\"note\">Salon Pontivy Livre Art, au Palais des congr\u00e8s de Pontivy, ces samedi 7 et dimanche 8 juin 2025. Entr\u00e9e libre de 10\u00a0h \u00e0 18\u00a0h.<\/p>\n","protected":false},"excerpt":{"rendered":"Ouvert au public, le salon Pontivy Livre &amp; Art de l\u2019association Projet Pondi se tiendra ce week-end des&hellip;\n","protected":false},"author":2,"featured_media":150016,"comment_status":"","ping_status":"","sticky":false,"template":"","format":"standard","meta":{"footnotes":""},"categories":[1357],"tags":[1379,58,59,1011,27,1380,6099],"class_list":{"0":"post-150015","1":"post","2":"type-post","3":"status-publish","4":"format-standard","5":"has-post-thumbnail","7":"category-livres","8":"tag-books","9":"tag-divertissement","10":"tag-entertainment","11":"tag-fr","12":"tag-france","13":"tag-livres","14":"tag-pontivy"},"share_on_mastodon":{"url":"https:\/\/pubeurope.com\/@fr\/114621858733972729","error":""},"_links":{"self":[{"href":"https:\/\/www.europesays.com\/fr\/wp-json\/wp\/v2\/posts\/150015","targetHints":{"allow":["GET"]}}],"collection":[{"href":"https:\/\/www.europesays.com\/fr\/wp-json\/wp\/v2\/posts"}],"about":[{"href":"https:\/\/www.europesays.com\/fr\/wp-json\/wp\/v2\/types\/post"}],"author":[{"embeddable":true,"href":"https:\/\/www.europesays.com\/fr\/wp-json\/wp\/v2\/users\/2"}],"replies":[{"embeddable":true,"href":"https:\/\/www.europesays.com\/fr\/wp-json\/wp\/v2\/comments?post=150015"}],"version-history":[{"count":0,"href":"https:\/\/www.europesays.com\/fr\/wp-json\/wp\/v2\/posts\/150015\/revisions"}],"wp:featuredmedia":[{"embeddable":true,"href":"https:\/\/www.europesays.com\/fr\/wp-json\/wp\/v2\/media\/150016"}],"wp:attachment":[{"href":"https:\/\/www.europesays.com\/fr\/wp-json\/wp\/v2\/media?parent=150015"}],"wp:term":[{"taxonomy":"category","embeddable":true,"href":"https:\/\/www.europesays.com\/fr\/wp-json\/wp\/v2\/categories?post=150015"},{"taxonomy":"post_tag","embeddable":true,"href":"https:\/\/www.europesays.com\/fr\/wp-json\/wp\/v2\/tags?post=150015"}],"curies":[{"name":"wp","href":"https:\/\/api.w.org\/{rel}","templated":true}]}}